{"id":10077,"date":"2021-04-27T14:01:09","date_gmt":"2021-04-27T14:01:09","guid":{"rendered":"https:\/\/acapps.org\/web\/?p=10077"},"modified":"2021-04-28T08:49:27","modified_gmt":"2021-04-28T08:49:27","slug":"el-9-de-maig-tornarem-a-veure-als-escenaris-la-jove-orquestra-graeme-clark-a-girona","status":"publish","type":"post","link":"https:\/\/acapps.org\/web\/2021\/04\/27\/el-9-de-maig-tornarem-a-veure-als-escenaris-la-jove-orquestra-graeme-clark-a-girona\/","title":{"rendered":"El 9 de maig tornarem a veure als escenaris la Jove Orquestra Graeme Clark, a Girona"},"content":{"rendered":"\n<p><strong>Ens alegrem de poder anunciar una bona not\u00edcia. I \u00e9s que el proper diumenge 9 de maig la Jove Orquestra Graeme Clark a l&#8217;auditori Viader de la Casa de Cultura de Girona, en el marc dels Concerts Joves.<\/strong><\/p>\n\n\n\n<p>Fins el mateix 9 de maig  podeu reservar la vostra entrada: <\/p>\n\n\n\n<p><a rel=\"noreferrer noopener\" href=\"https:\/\/sites.hospici.cat\/inscripcions\/2965\" target=\"_blank\"><strong>RESERVA D&#8217;ENTRADA <\/strong>CONCERT JOVE ORQUESTRA GRAEME CLARK<\/a><\/p>\n\n\n\n<figure class=\"wp-block-embed-youtube wp-block-embed is-type-video is-provider-youtube wp-embed-aspect-16-9 wp-has-aspect-ratio\"><div class=\"wp-block-embed__wrapper\">\n<iframe loading=\"lazy\" title=\"CONCERT JOGC\" width=\"940\" height=\"529\" src=\"https:\/\/www.youtube.com\/embed\/fwIYofwxtcU?feature=oembed\" frameborder=\"0\" allow=\"accelerometer; autoplay; clipboard-write; encrypted-media; gyroscope; picture-in-picture\" allowfullscreen><\/iframe>\n<\/div><\/figure>\n\n\n\n<p>Concerts individuals a c\u00e0rrec dels m\u00fasics de la Jove Orquestra Graeme Clark (JOGC).<\/p>\n\n\n\n<p style=\"color:#1a4b60;font-size:26px\" class=\"has-text-color\"><strong>PROGRAMA MUSICAL<\/strong><\/p>\n\n\n\n<ul><li>Jade Yunli Campos Marqu\u00e8s,\u00a0flauta travessera, \u00abA Hard Day\u2019s Night\u00bb, de The Beatles<\/li><li>Gael Mor\u00f3n Garc\u00eda, piano, \u00abBohemian Rhapsody\u00bb, de Queen<\/li><li>Martina Mor\u00f3n Garc\u00eda, guitarra, \u00abRomancero an\u00f3nimo\u00bb<\/li><li>Gemma Vilar Ricart, \u00a0violoncel, \u00abThe Swan\u00bb, de Camille Saint-Saens<\/li><li>Arnau Pozas Saiz, saxo, \u00abBerceuse\u00bb, de Frederic Chopin<\/li><li>Mireia Pozas Saiz, clarinet, \u00abYou\u2019ll Be In My Heart\u00bb<\/li><li>Adam Hanus Roca, trompeta, \u00abEl silencio\u00bb<\/li><li>Abril Vargas Serrano, flauta travessera, \u00abMillonaria<\/li><\/ul>\n\n\n\n<p style=\"color:#1a4b60;font-size:24px\" class=\"has-text-color\">LA ORQUESTRA JOVE GRAEME CLARK<\/p>\n\n\n\n<p><strong>La JOGC \u00e9s un projecte musical de deu nens, nenes i joves que van n\u00e9ixer amb sordesa severa o profunda i que actualment poden sentir gr\u00e0cies als implants coclears, i tamb\u00e9 fer m\u00fasica junts. <\/strong><\/p>\n\n\n\n<p>EL 2019, coincidint amb el 250\u00e8 aniversari de Beethoven, l\u2019Orquestra Simf\u00f2nica del Vall\u00e8s impulsa, amb la col\u00b7laboraci\u00f3 de l&#8217;Hospital Sant Joan de D\u00e9u, la Federaci\u00f3 ACAPPS i Fundaci\u00f3n GAES Solid\u00e0ria, el projecte <em>Beethoven 250<\/em>, per empoderar aquests nens i nenes que, no nom\u00e9s poden adquirir un bon nivell de llenguatge per comunicar-se, sin\u00f3 tamb\u00e9 per sentir i interpretar peces musicals. La iniciativa pret\u00e9n, a m\u00e9s, sensibilitzar la societat sobre la sordesa i fer visible que, actualment i gr\u00e0cies a les pr\u00f2tesis auditives com l&#8217;implant coclear, poden fer tot all\u00f2 que es proposin amb plena autonomia i inclusi\u00f3.<\/p>\n\n\n\n<p>El nom de la jove orquestra es va triar en homenatge a\u00a0l\u2019investigador cient\u00edfic australi\u00e0 considerat el pare de l\u2019implant coclear, el doctor Graeme Clark.<\/p>\n\n\n\n<p><\/p>\n","protected":false},"excerpt":{"rendered":"<p>Ens alegrem de poder anunciar una bona not\u00edcia. I \u00e9s que el proper diumenge 9 de maig la Jove Orquestra Graeme Clark a l&#8217;auditori Viader de la Casa de Cultura de Girona, en el marc dels Concerts Joves. Fins el mateix 9 de maig podeu reservar la vostra entrada: RESERVA D&#8217;ENTRADA CONCERT JOVE ORQUESTRA GRAEME CLARK Concerts individuals a c\u00e0rrec dels m\u00fasics de la Jove&#8230; <\/p>\n<p><a class=\"readmore\" href=\"https:\/\/acapps.org\/web\/2021\/04\/27\/el-9-de-maig-tornarem-a-veure-als-escenaris-la-jove-orquestra-graeme-clark-a-girona\/\">LLEGIR M\u00c9S<\/a><\/p>\n","protected":false},"author":3,"featured_media":10082,"comment_status":"open","ping_status":"open","sticky":false,"template":"","format":"standard","meta":{"footnotes":""},"categories":[101,6,98,8,5,9,32,62],"tags":[],"_links":{"self":[{"href":"https:\/\/acapps.org\/web\/wp-json\/wp\/v2\/posts\/10077"}],"collection":[{"href":"https:\/\/acapps.org\/web\/wp-json\/wp\/v2\/posts"}],"about":[{"href":"https:\/\/acapps.org\/web\/wp-json\/wp\/v2\/types\/post"}],"author":[{"embeddable":true,"href":"https:\/\/acapps.org\/web\/wp-json\/wp\/v2\/users\/3"}],"replies":[{"embeddable":true,"href":"https:\/\/acapps.org\/web\/wp-json\/wp\/v2\/comments?post=10077"}],"version-history":[{"count":3,"href":"https:\/\/acapps.org\/web\/wp-json\/wp\/v2\/posts\/10077\/revisions"}],"predecessor-version":[{"id":10083,"href":"https:\/\/acapps.org\/web\/wp-json\/wp\/v2\/posts\/10077\/revisions\/10083"}],"wp:featuredmedia":[{"embeddable":true,"href":"https:\/\/acapps.org\/web\/wp-json\/wp\/v2\/media\/10082"}],"wp:attachment":[{"href":"https:\/\/acapps.org\/web\/wp-json\/wp\/v2\/media?parent=10077"}],"wp:term":[{"taxonomy":"category","embeddable":true,"href":"https:\/\/acapps.org\/web\/wp-json\/wp\/v2\/categories?post=10077"},{"taxonomy":"post_tag","embeddable":true,"href":"https:\/\/acapps.org\/web\/wp-json\/wp\/v2\/tags?post=10077"}],"curies":[{"name":"wp","href":"https:\/\/api.w.org\/{rel}","templated":true}]}}