{"id":11541,"date":"2022-02-10T17:03:50","date_gmt":"2022-02-10T17:03:50","guid":{"rendered":"https:\/\/acapps.org\/web\/?p=11541"},"modified":"2022-02-10T17:11:06","modified_gmt":"2022-02-10T17:11:06","slug":"els-audiofons-financats-des-daquest-any-fins-als-24-anys","status":"publish","type":"post","link":"https:\/\/acapps.org\/web\/2022\/02\/10\/els-audiofons-financats-des-daquest-any-fins-als-24-anys\/","title":{"rendered":"Els audi\u00f2fons, finan\u00e7ats des d&#8217;aquest any fins als 24 anys"},"content":{"rendered":"\n<p><strong>Arribem aquest any a l&#8217;ampliaci\u00f3, fins als 24 anys, de la cobertura sanit\u00e0ria dels audi\u00f2fons. Una ampliaci\u00f3 que acabar\u00e0 l&#8217;any vinent, el 2023 i en els 26 anys, segons l&#8217;acord pres el 2018 pel Consell Interterritorial de la Salut.<\/strong><\/p>\n\n\n\n<p>Recordem que va ser el 2018 quan es va acordar l\u2019ampliaci\u00f3, de forma gradual en el l\u00edmit d\u2019edat per tenir finan\u00e7ats els audi\u00f2fons, passant dels 16 anys als 26. Aquest \u00e9s el finan\u00e7ament que l\u2019estat atorga a les comunitats aut\u00f2nomes, que s\u00f3n les encarregades de gestionar-ho.<\/p>\n\n\n\n<p>Tot i que gr\u00e0cies al treball en incid\u00e8ncia i conjuntament amb la Confederaci\u00f3 FIAPAS, vam aconseguir l&#8217;ampliaci\u00f3 de deu anys per tenir finan\u00e7ats els audi\u00f2fons,\u00a0<strong>des de la Federaci\u00f3\u00a0 ACAPPS seguim defensant i treballant per al reconeixement d\u2019aquest dret sense cap l\u00edmit d\u2019edat.<\/strong><\/p>\n\n\n\n<p style=\"color:#3ca5ba\" class=\"has-text-color has-medium-font-size\"><strong>Les pr\u00f2tesis auditives (audi\u00f2fons i implants coclears) han de ser tractades com un DRET de totes les persones amb sordesa, <\/strong>amb independ\u00e8ncia a la seva edat i\/o condici\u00f3 econ\u00f2mica\u00a0#SentimiParlem<\/p>\n\n\n\n<p><strong>\u00c9s preocupant que els audi\u00f2fons siguin la \u00daNICA pr\u00f2tesis externa de tota la cartera ortoprot\u00e8tica amb l\u00edmit per ra\u00f3 d\u2019edat<\/strong>. La sordesa no desapareix i la necessitat de la pr\u00f2tesis auditiva, tampoc: s\u2019ha de garantir al llarg de tota la vida de la persona amb sordesa ja que \u00e9s essencial en el seu itinerari vital. Els audi\u00f2fons han de ser una prestaci\u00f3 universal per a qualsevol persona amb sordesa que aix\u00ed li indiqui el\/la seu\/va metge\/ssa otorinolaring\u00f2leg\/a.<\/p>\n\n\n\n<p>Des de la Federaci\u00f3 ACAPPS ens reafirmem amb aquest posicionament i continuarem la nostra tasca d\u2019incid\u00e8ncia fins a assolir-ho.<\/p>\n","protected":false},"excerpt":{"rendered":"<p>Arribem aquest any a l&#8217;ampliaci\u00f3, fins als 24 anys, de la cobertura sanit\u00e0ria dels audi\u00f2fons. Una ampliaci\u00f3 que acabar\u00e0 l&#8217;any vinent, el 2023 i en els 26 anys, segons l&#8217;acord pres el 2018 pel Consell Interterritorial de la Salut. Recordem que va ser el 2018 quan es va acordar l\u2019ampliaci\u00f3, de forma gradual en el l\u00edmit d\u2019edat per tenir finan\u00e7ats els audi\u00f2fons, passant dels 16&#8230; <\/p>\n<p><a class=\"readmore\" href=\"https:\/\/acapps.org\/web\/2022\/02\/10\/els-audiofons-financats-des-daquest-any-fins-als-24-anys\/\">LLEGIR M\u00c9S<\/a><\/p>\n","protected":false},"author":3,"featured_media":11545,"comment_status":"open","ping_status":"open","sticky":false,"template":"","format":"standard","meta":{"footnotes":""},"categories":[101,6,8,9,76,32,82,62],"tags":[],"_links":{"self":[{"href":"https:\/\/acapps.org\/web\/wp-json\/wp\/v2\/posts\/11541"}],"collection":[{"href":"https:\/\/acapps.org\/web\/wp-json\/wp\/v2\/posts"}],"about":[{"href":"https:\/\/acapps.org\/web\/wp-json\/wp\/v2\/types\/post"}],"author":[{"embeddable":true,"href":"https:\/\/acapps.org\/web\/wp-json\/wp\/v2\/users\/3"}],"replies":[{"embeddable":true,"href":"https:\/\/acapps.org\/web\/wp-json\/wp\/v2\/comments?post=11541"}],"version-history":[{"count":1,"href":"https:\/\/acapps.org\/web\/wp-json\/wp\/v2\/posts\/11541\/revisions"}],"predecessor-version":[{"id":11544,"href":"https:\/\/acapps.org\/web\/wp-json\/wp\/v2\/posts\/11541\/revisions\/11544"}],"wp:featuredmedia":[{"embeddable":true,"href":"https:\/\/acapps.org\/web\/wp-json\/wp\/v2\/media\/11545"}],"wp:attachment":[{"href":"https:\/\/acapps.org\/web\/wp-json\/wp\/v2\/media?parent=11541"}],"wp:term":[{"taxonomy":"category","embeddable":true,"href":"https:\/\/acapps.org\/web\/wp-json\/wp\/v2\/categories?post=11541"},{"taxonomy":"post_tag","embeddable":true,"href":"https:\/\/acapps.org\/web\/wp-json\/wp\/v2\/tags?post=11541"}],"curies":[{"name":"wp","href":"https:\/\/api.w.org\/{rel}","templated":true}]}}