{"id":11558,"date":"2022-02-16T11:32:24","date_gmt":"2022-02-16T11:32:24","guid":{"rendered":"https:\/\/acapps.org\/web\/?p=11558"},"modified":"2022-02-16T15:18:30","modified_gmt":"2022-02-16T15:18:30","slug":"el-pla-dacesibilitat-universal-de-barcelona-no-satura-el-treball-dacapps-amb-la-xarxa-per-a-la-vida-independent-tampoc","status":"publish","type":"post","link":"https:\/\/acapps.org\/web\/2022\/02\/16\/el-pla-dacesibilitat-universal-de-barcelona-no-satura-el-treball-dacapps-amb-la-xarxa-per-a-la-vida-independent-tampoc\/","title":{"rendered":"El Pla d\u2019Accessibilitat Universal de Barcelona no s\u2019atura. El treball d\u2019ACAPPS amb la Xarxa d&#8217;Accessibilitat i Vida Independent, tampoc"},"content":{"rendered":"\n<p><strong>El Pla d&#8217;accessibilitat universal de Barcelona 2018-2026 continua endavant, ara ja en la recta final de planificaci\u00f3 i implamentaci\u00f3 a trav\u00e9s de l\u2019<a href=\"https:\/\/bcnroc.ajuntament.barcelona.cat\/jspui\/bitstream\/11703\/123934\/3\/Estrategia_Bcn_Accessibilitat_Universal_2022_2030.pdf\">estrat\u00e8gia Barcelona per a l\u2019Accessibilitat Universal<\/a> 2022-2030 presentat el passat 3 de desembre amb motiu del Dia Internacional de les Persones amb Discapacitat.<\/strong><\/p>\n\n\n\n<p>Per arribar a aquesta fase, ja s\u2019ha realitzat la primera,<a rel=\"noreferrer noopener\" href=\"https:\/\/bcnroc.ajuntament.barcelona.cat\/jspui\/bitstream\/11703\/123579\/1\/PlaAccessibilitat_IMPD_Diagnostic-ca-ES.pdf\" target=\"_blank\"> el diagn\u00f2stic,<\/a> i la segona, les <strong>solucions tipus.<\/strong> Des d\u2019ACAPPS, i en representaci\u00f3 a les persones amb sordesa que es comuniquen en llengua oral, hi hem participat directament com a entitat membre de la la <strong>Xarxa d&#8217;Accessibilitat i Vida Independent (XAVI), <\/strong>membre de l&#8217;Acord Ciutad\u00e0 per una Barcelona Inclusiva. Gr\u00e0cies a la col\u00b7laboraci\u00f3 de <strong>persones amb sordesa volunt\u00e0ries d\u2019ACAPPS, <\/strong>hem traslladat les necessitats col\u00b7lectiu per dissenyar solucions tipus d&#8217;habitatges i de mercats municipals que contemplin, des de la fase inicial de disseny, mesures d\u2019accessibilitat a la comunicaci\u00f3 com, entre altres, la necessitat d\u2019implementar bucles magn\u00e8tics, que milloren el so que arriba a l\u2019audi\u00f2fon i\/o bucle magn\u00e8tic de la persona amb sordesa.<\/p>\n\n\n\n<p>Ara hi seguim treballant, en el marc &nbsp;de la XAVI, per implementar l\u2019accessibilitat en la manera de fer de les diferents \u00e0rees i districtes de l&#8217;Ajuntament de Barcelona incorporant l&#8217;accessibilitat des del minut 1 de qualsevol actuaci\u00f3 o projecte, que permeti donar compliment a la normativa vigent sobre accessibilitat.&nbsp;<\/p>\n","protected":false},"excerpt":{"rendered":"<p>El Pla d&#8217;accessibilitat universal de Barcelona 2018-2026 continua endavant, ara ja en la recta final de planificaci\u00f3 i implamentaci\u00f3 a trav\u00e9s de l\u2019estrat\u00e8gia Barcelona per a l\u2019Accessibilitat Universal 2022-2030 presentat el passat 3 de desembre amb motiu del Dia Internacional de les Persones amb Discapacitat. Per arribar a aquesta fase, ja s\u2019ha realitzat la primera, el diagn\u00f2stic, i la segona, les solucions tipus. Des d\u2019ACAPPS,&#8230; <\/p>\n<p><a class=\"readmore\" href=\"https:\/\/acapps.org\/web\/2022\/02\/16\/el-pla-dacesibilitat-universal-de-barcelona-no-satura-el-treball-dacapps-amb-la-xarxa-per-a-la-vida-independent-tampoc\/\">LLEGIR M\u00c9S<\/a><\/p>\n","protected":false},"author":3,"featured_media":11559,"comment_status":"open","ping_status":"open","sticky":false,"template":"","format":"standard","meta":{"footnotes":""},"categories":[101,4,8,86,103,9,32,62,99,97],"tags":[],"_links":{"self":[{"href":"https:\/\/acapps.org\/web\/wp-json\/wp\/v2\/posts\/11558"}],"collection":[{"href":"https:\/\/acapps.org\/web\/wp-json\/wp\/v2\/posts"}],"about":[{"href":"https:\/\/acapps.org\/web\/wp-json\/wp\/v2\/types\/post"}],"author":[{"embeddable":true,"href":"https:\/\/acapps.org\/web\/wp-json\/wp\/v2\/users\/3"}],"replies":[{"embeddable":true,"href":"https:\/\/acapps.org\/web\/wp-json\/wp\/v2\/comments?post=11558"}],"version-history":[{"count":4,"href":"https:\/\/acapps.org\/web\/wp-json\/wp\/v2\/posts\/11558\/revisions"}],"predecessor-version":[{"id":11563,"href":"https:\/\/acapps.org\/web\/wp-json\/wp\/v2\/posts\/11558\/revisions\/11563"}],"wp:featuredmedia":[{"embeddable":true,"href":"https:\/\/acapps.org\/web\/wp-json\/wp\/v2\/media\/11559"}],"wp:attachment":[{"href":"https:\/\/acapps.org\/web\/wp-json\/wp\/v2\/media?parent=11558"}],"wp:term":[{"taxonomy":"category","embeddable":true,"href":"https:\/\/acapps.org\/web\/wp-json\/wp\/v2\/categories?post=11558"},{"taxonomy":"post_tag","embeddable":true,"href":"https:\/\/acapps.org\/web\/wp-json\/wp\/v2\/tags?post=11558"}],"curies":[{"name":"wp","href":"https:\/\/api.w.org\/{rel}","templated":true}]}}