{"id":11900,"date":"2022-04-20T10:49:16","date_gmt":"2022-04-20T10:49:16","guid":{"rendered":"https:\/\/acapps.org\/web\/?p=11900"},"modified":"2022-04-20T10:56:57","modified_gmt":"2022-04-20T10:56:57","slug":"coneixem-vincles-barcelona-un-nou-servei-per-a-persones-majors-de-65-anys-i-accessible-per-combatre-la-soledat-no-volguda","status":"publish","type":"post","link":"https:\/\/acapps.org\/web\/2022\/04\/20\/coneixem-vincles-barcelona-un-nou-servei-per-a-persones-majors-de-65-anys-i-accessible-per-combatre-la-soledat-no-volguda\/","title":{"rendered":"Coneixem Vincles Barcelona: un nou servei per a persones majors de 65 anys i accessible per combatre la soledat no volguda"},"content":{"rendered":"\n<p><strong>A Barcelona s\u00f3n\u00a0moltes les persones majors de 65 anys que estan i\/o es senten soles. Per dir ad\u00e9u a la soledat no volguda, l\u2019Ajuntament de Barcelona ha creat\u00a0Vincles Barcelona<\/strong>.<strong> El passat dijous 7 d\u2019abril l&#8217;equip de Vincles Barcelona va presentar i mostrar com funciona l&#8217;eina a un grup de persones majors de 65 anys amb sordesa d&#8217;ACAPPS<\/strong>.<\/p>\n\n\n\n<p>El regidor d&#8217;Inf\u00e0ncia, Joventut, Persones Grans i Persones amb Discapacitat de l&#8217;ajuntament de Barcelona, Joan Ramon Riera, celebra que aquest &#8220;\u00e9s un pas important en l&#8217;estrat\u00e8gia de fer avan\u00e7ar l&#8217;accessibilitat a la ciutat&#8221;.<\/p>\n\n\n\n<p>L&#8217;acte de presentaci\u00f3 a ACAPPS va ser accessibole a les persones amb sordesa participants amb la subtitulaci\u00f3 en directe i el bucle magn\u00e8tic, que millora el so que arriba a l&#8217;audi\u00f2fon i als implants coclears.<\/p>\n\n\n\n<p><strong>QU\u00c8 \u00c9S VINCLES BARCELONA?<\/strong><\/p>\n\n\n\n<p>\u00c9s un nou servei per a les\u00a0persones majors de 65 anys\u00a0que viuen a Barcelona i que no es volen sentir soles. Funciona a trav\u00e9s d\u2019una tablet -que facilita l\u2019ajuntament- que permet connectar-se amb la fam\u00edlia i amistats de la persona usu\u00e0ria aix\u00ed com fer noves amistats, amb interessos comuns, al barri.\u00a0 A m\u00e9s, \u00e9s una eina accessible a les persones amb sordesa, funciona amb text escrit i els v\u00eddeos estan subtitulats.<\/p>\n\n\n\n<figure class=\"wp-block-gallery columns-2 is-cropped wp-block-gallery-1 is-layout-flex wp-block-gallery-is-layout-flex\"><ul class=\"blocks-gallery-grid\"><li class=\"blocks-gallery-item\"><figure><img loading=\"lazy\" decoding=\"async\" width=\"1024\" height=\"575\" src=\"https:\/\/acapps.org\/web\/wp-content\/uploads\/2022\/04\/1650450047067-1024x575.jpg\" alt=\"\" data-id=\"11903\" data-link=\"https:\/\/acapps.org\/web\/2022\/04\/20\/coneixem-vincles-barcelona-un-nou-servei-per-a-persones-majors-de-65-anys-i-accessible-per-combatre-la-soledat-no-volguda\/attachment\/1650450047067\/\" class=\"wp-image-11903\" srcset=\"https:\/\/acapps.org\/web\/wp-content\/uploads\/2022\/04\/1650450047067-1024x575.jpg 1024w, https:\/\/acapps.org\/web\/wp-content\/uploads\/2022\/04\/1650450047067-300x169.jpg 300w, https:\/\/acapps.org\/web\/wp-content\/uploads\/2022\/04\/1650450047067-768x432.jpg 768w, https:\/\/acapps.org\/web\/wp-content\/uploads\/2022\/04\/1650450047067-1536x863.jpg 1536w, https:\/\/acapps.org\/web\/wp-content\/uploads\/2022\/04\/1650450047067-2048x1151.jpg 2048w\" sizes=\"(max-width: 1024px) 100vw, 1024px\" \/><\/figure><\/li><li class=\"blocks-gallery-item\"><figure><img loading=\"lazy\" decoding=\"async\" width=\"1024\" height=\"575\" src=\"https:\/\/acapps.org\/web\/wp-content\/uploads\/2022\/04\/1650450047099-1024x575.jpg\" alt=\"\" data-id=\"11904\" data-link=\"https:\/\/acapps.org\/web\/2022\/04\/20\/coneixem-vincles-barcelona-un-nou-servei-per-a-persones-majors-de-65-anys-i-accessible-per-combatre-la-soledat-no-volguda\/attachment\/1650450047099\/\" class=\"wp-image-11904\" srcset=\"https:\/\/acapps.org\/web\/wp-content\/uploads\/2022\/04\/1650450047099-1024x575.jpg 1024w, https:\/\/acapps.org\/web\/wp-content\/uploads\/2022\/04\/1650450047099-300x169.jpg 300w, https:\/\/acapps.org\/web\/wp-content\/uploads\/2022\/04\/1650450047099-768x432.jpg 768w, https:\/\/acapps.org\/web\/wp-content\/uploads\/2022\/04\/1650450047099-1536x863.jpg 1536w, https:\/\/acapps.org\/web\/wp-content\/uploads\/2022\/04\/1650450047099-2048x1151.jpg 2048w\" sizes=\"(max-width: 1024px) 100vw, 1024px\" \/><\/figure><\/li><\/ul><\/figure>\n\n\n\n<figure class=\"wp-block-image size-large\"><img loading=\"lazy\" decoding=\"async\" width=\"1024\" height=\"575\" src=\"https:\/\/acapps.org\/web\/wp-content\/uploads\/2022\/04\/1650450047109-1-1024x575.jpg\" alt=\"\" class=\"wp-image-11906\" srcset=\"https:\/\/acapps.org\/web\/wp-content\/uploads\/2022\/04\/1650450047109-1-1024x575.jpg 1024w, https:\/\/acapps.org\/web\/wp-content\/uploads\/2022\/04\/1650450047109-1-300x169.jpg 300w, https:\/\/acapps.org\/web\/wp-content\/uploads\/2022\/04\/1650450047109-1-768x432.jpg 768w, https:\/\/acapps.org\/web\/wp-content\/uploads\/2022\/04\/1650450047109-1-1536x863.jpg 1536w, https:\/\/acapps.org\/web\/wp-content\/uploads\/2022\/04\/1650450047109-1-2048x1151.jpg 2048w\" sizes=\"(max-width: 1024px) 100vw, 1024px\" \/><figcaption>La presentaci\u00f3 a ACAPPS va comptar amb la subtitulaci\u00f3 en directe, a la pantalla, i amb el bucle magn\u00e8tic.<\/figcaption><\/figure>\n\n\n\n<p>M\u00e9s informaci\u00f3: <a href=\"https:\/\/ajuntament.barcelona.cat\/premsa\/2022\/04\/13\/les-persones-grans-amb-discapacitat-auditiva-podran-sollicitar-el-servei-vinclesbcn\/\">Les persones grans amb discapacitat auditiva podran sol\u00b7licitar el servei Vincles Barcelona.<\/a><\/p>\n\n\n\n<p>Coneix el projecte: <a href=\"https:\/\/ajuntament.barcelona.cat\/vinclesbcn\/ca\/vincles-bcn\">Vincles Barcelona<\/a><\/p>\n\n\n\n<p><\/p>\n","protected":false},"excerpt":{"rendered":"<p>A Barcelona s\u00f3n\u00a0moltes les persones majors de 65 anys que estan i\/o es senten soles. Per dir ad\u00e9u a la soledat no volguda, l\u2019Ajuntament de Barcelona ha creat\u00a0Vincles Barcelona. El passat dijous 7 d\u2019abril l&#8217;equip de Vincles Barcelona va presentar i mostrar com funciona l&#8217;eina a un grup de persones majors de 65 anys amb sordesa d&#8217;ACAPPS. El regidor d&#8217;Inf\u00e0ncia, Joventut, Persones Grans i Persones&#8230; <\/p>\n<p><a class=\"readmore\" href=\"https:\/\/acapps.org\/web\/2022\/04\/20\/coneixem-vincles-barcelona-un-nou-servei-per-a-persones-majors-de-65-anys-i-accessible-per-combatre-la-soledat-no-volguda\/\">LLEGIR M\u00c9S<\/a><\/p>\n","protected":false},"author":3,"featured_media":11901,"comment_status":"open","ping_status":"open","sticky":false,"template":"","format":"standard","meta":{"footnotes":""},"categories":[101,4,175,98,8,179,178,103,9,32,62,3],"tags":[],"_links":{"self":[{"href":"https:\/\/acapps.org\/web\/wp-json\/wp\/v2\/posts\/11900"}],"collection":[{"href":"https:\/\/acapps.org\/web\/wp-json\/wp\/v2\/posts"}],"about":[{"href":"https:\/\/acapps.org\/web\/wp-json\/wp\/v2\/types\/post"}],"author":[{"embeddable":true,"href":"https:\/\/acapps.org\/web\/wp-json\/wp\/v2\/users\/3"}],"replies":[{"embeddable":true,"href":"https:\/\/acapps.org\/web\/wp-json\/wp\/v2\/comments?post=11900"}],"version-history":[{"count":2,"href":"https:\/\/acapps.org\/web\/wp-json\/wp\/v2\/posts\/11900\/revisions"}],"predecessor-version":[{"id":11907,"href":"https:\/\/acapps.org\/web\/wp-json\/wp\/v2\/posts\/11900\/revisions\/11907"}],"wp:featuredmedia":[{"embeddable":true,"href":"https:\/\/acapps.org\/web\/wp-json\/wp\/v2\/media\/11901"}],"wp:attachment":[{"href":"https:\/\/acapps.org\/web\/wp-json\/wp\/v2\/media?parent=11900"}],"wp:term":[{"taxonomy":"category","embeddable":true,"href":"https:\/\/acapps.org\/web\/wp-json\/wp\/v2\/categories?post=11900"},{"taxonomy":"post_tag","embeddable":true,"href":"https:\/\/acapps.org\/web\/wp-json\/wp\/v2\/tags?post=11900"}],"curies":[{"name":"wp","href":"https:\/\/api.w.org\/{rel}","templated":true}]}}