{"id":12014,"date":"2022-05-17T08:01:40","date_gmt":"2022-05-17T08:01:40","guid":{"rendered":"https:\/\/acapps.org\/web\/?p=12014"},"modified":"2022-05-17T08:07:43","modified_gmt":"2022-05-17T08:07:43","slug":"propera-formacio-accessible-i-gratuita-dels-dimecres-digitals-el-teu-curriculum-amb-canva","status":"publish","type":"post","link":"https:\/\/acapps.org\/web\/2022\/05\/17\/propera-formacio-accessible-i-gratuita-dels-dimecres-digitals-el-teu-curriculum-amb-canva\/","title":{"rendered":"Propera formaci\u00f3 accessible i gratu\u00efta dels Dimecres Digitals: El teu curr\u00edculum amb canva!"},"content":{"rendered":"\n<p><strong>Et recordem que si tens sordesa i vols ampliar els teus coneixements digitals i\/o millorar la teva recerca de feina, a ACAPPS t&#8217;ho posem f\u00e0cil: apunta&#8217;t a les formacions gratu\u00eftes i accessibles dels Dimecres Digitals! <\/strong><\/p>\n\n\n\n<p>El proper curs,<strong> El teu curr\u00edculum amb canva<\/strong>, tindr\u00e0 lloc el dimecres 25 de maig a l&#8217;aula digital d&#8217;ACAPPS.<\/p>\n\n\n\n<p style=\"color:#3ca5ba;font-size:18px\" class=\"has-text-color\"><strong>CURS EL TEU CURR\u00cdCULUM AMB CANVA<\/strong><\/p>\n\n\n\n<p><strong>Millora el teu curr\u00edculum amb un disseny molt m\u00e9s visual. <\/strong><\/p>\n\n\n\n<p>Canva \u00e9s una aplicaci\u00f3 gratu\u00efta que permet crear tot tipus de dissenys d&#8217;una forma senzilla.<strong> <\/strong>Podr\u00e0s fer el teu curr\u00edculum a partir de plantilles ja creades: aconseguint un resultat molt m\u00e9s visual que far\u00e0 que el teu curr\u00edculum destaqui en un proc\u00e9s de selecci\u00f3 laboral.<\/p>\n\n\n\n<p style=\"color:#3ca5ba;font-size:18px\" class=\"has-text-color\">Dies: <strong>25 de maig,<\/strong> de 10:00 a 12:30<\/p>\n\n\n\n<p style=\"color:#3ca5ba;font-size:18px\" class=\"has-text-color\">Lloc: <strong>Aula Digital d&#8217;ACAPPS<\/strong>. c. N\u00e0pols, 351, baixos. Barcelona.<\/p>\n\n\n\n<p style=\"font-size:18px\" class=\"has-text-color has-luminous-vivid-orange-color\">Apunta&#8217;t directament per correu electr\u00f2nic a: <a href=\"mailto:multimedia@acapps.org\">multimedia@acapps.org<\/a><\/p>\n\n\n\n<figure class=\"wp-block-image size-large\"><img loading=\"lazy\" decoding=\"async\" width=\"1024\" height=\"1024\" src=\"https:\/\/acapps.org\/web\/wp-content\/uploads\/2022\/05\/DD_CV_canva-1024x1024.jpg\" alt=\"\" class=\"wp-image-12015\" srcset=\"https:\/\/acapps.org\/web\/wp-content\/uploads\/2022\/05\/DD_CV_canva-1024x1024.jpg 1024w, https:\/\/acapps.org\/web\/wp-content\/uploads\/2022\/05\/DD_CV_canva-300x300.jpg 300w, https:\/\/acapps.org\/web\/wp-content\/uploads\/2022\/05\/DD_CV_canva-150x150.jpg 150w, https:\/\/acapps.org\/web\/wp-content\/uploads\/2022\/05\/DD_CV_canva-768x768.jpg 768w, https:\/\/acapps.org\/web\/wp-content\/uploads\/2022\/05\/DD_CV_canva-65x65.jpg 65w, https:\/\/acapps.org\/web\/wp-content\/uploads\/2022\/05\/DD_CV_canva.jpg 1080w\" sizes=\"(max-width: 1024px) 100vw, 1024px\" \/><\/figure>\n\n\n\n<hr class=\"wp-block-separator\"\/>\n\n\n\n<figure class=\"wp-block-image size-large\"><img loading=\"lazy\" decoding=\"async\" width=\"818\" height=\"292\" src=\"https:\/\/acapps.org\/web\/wp-content\/uploads\/2022\/04\/finan\u00e7ament_laboral.jpg\" alt=\"\" class=\"wp-image-11932\" srcset=\"https:\/\/acapps.org\/web\/wp-content\/uploads\/2022\/04\/finan\u00e7ament_laboral.jpg 818w, https:\/\/acapps.org\/web\/wp-content\/uploads\/2022\/04\/finan\u00e7ament_laboral-300x107.jpg 300w, https:\/\/acapps.org\/web\/wp-content\/uploads\/2022\/04\/finan\u00e7ament_laboral-768x274.jpg 768w\" sizes=\"(max-width: 818px) 100vw, 818px\" \/><\/figure>\n","protected":false},"excerpt":{"rendered":"<p>Et recordem que si tens sordesa i vols ampliar els teus coneixements digitals i\/o millorar la teva recerca de feina, a ACAPPS t&#8217;ho posem f\u00e0cil: apunta&#8217;t a les formacions gratu\u00eftes i accessibles dels Dimecres Digitals! El proper curs, El teu curr\u00edculum amb canva, tindr\u00e0 lloc el dimecres 25 de maig a l&#8217;aula digital d&#8217;ACAPPS. CURS EL TEU CURR\u00cdCULUM AMB CANVA Millora el teu curr\u00edculum amb&#8230; <\/p>\n<p><a class=\"readmore\" href=\"https:\/\/acapps.org\/web\/2022\/05\/17\/propera-formacio-accessible-i-gratuita-dels-dimecres-digitals-el-teu-curriculum-amb-canva\/\">LLEGIR M\u00c9S<\/a><\/p>\n","protected":false},"author":3,"featured_media":12016,"comment_status":"open","ping_status":"open","sticky":false,"template":"","format":"standard","meta":{"footnotes":""},"categories":[101,4,8,86,68,69,9,32,62],"tags":[],"_links":{"self":[{"href":"https:\/\/acapps.org\/web\/wp-json\/wp\/v2\/posts\/12014"}],"collection":[{"href":"https:\/\/acapps.org\/web\/wp-json\/wp\/v2\/posts"}],"about":[{"href":"https:\/\/acapps.org\/web\/wp-json\/wp\/v2\/types\/post"}],"author":[{"embeddable":true,"href":"https:\/\/acapps.org\/web\/wp-json\/wp\/v2\/users\/3"}],"replies":[{"embeddable":true,"href":"https:\/\/acapps.org\/web\/wp-json\/wp\/v2\/comments?post=12014"}],"version-history":[{"count":2,"href":"https:\/\/acapps.org\/web\/wp-json\/wp\/v2\/posts\/12014\/revisions"}],"predecessor-version":[{"id":12018,"href":"https:\/\/acapps.org\/web\/wp-json\/wp\/v2\/posts\/12014\/revisions\/12018"}],"wp:featuredmedia":[{"embeddable":true,"href":"https:\/\/acapps.org\/web\/wp-json\/wp\/v2\/media\/12016"}],"wp:attachment":[{"href":"https:\/\/acapps.org\/web\/wp-json\/wp\/v2\/media?parent=12014"}],"wp:term":[{"taxonomy":"category","embeddable":true,"href":"https:\/\/acapps.org\/web\/wp-json\/wp\/v2\/categories?post=12014"},{"taxonomy":"post_tag","embeddable":true,"href":"https:\/\/acapps.org\/web\/wp-json\/wp\/v2\/tags?post=12014"}],"curies":[{"name":"wp","href":"https:\/\/api.w.org\/{rel}","templated":true}]}}