{"id":12211,"date":"2022-07-08T08:40:36","date_gmt":"2022-07-08T08:40:36","guid":{"rendered":"https:\/\/acapps.org\/web\/?p=12211"},"modified":"2022-07-08T09:02:36","modified_gmt":"2022-07-08T09:02:36","slug":"amb-el-programa-sioas-comencem-el-programa-de-recerca-de-feina-per-a-les-persones-amb-sordesa","status":"publish","type":"post","link":"https:\/\/acapps.org\/web\/2022\/07\/08\/amb-el-programa-sioas-comencem-el-programa-de-recerca-de-feina-per-a-les-persones-amb-sordesa\/","title":{"rendered":"Amb el Programa SIOAS. Comencem el programa de recerca de feina per a les persones amb sordesa"},"content":{"rendered":"\n<p><strong>Gr\u00e0cies al programa SIOAS, el juliol comencem un any m\u00e9s el programa d&#8217;orientaci\u00f3 laboral per a les persones amb sordesa per aconseguir llocs de feina estables i de qualitat. <\/strong><\/p>\n\n\n\n<p><strong>Si tens sordesa i est\u00e0s buscant feina o necessites un canvi laboral, et pots posar en contacte amb nosaltres i et donarem suport en la recerca i\/o millora de feina.<\/strong><\/p>\n\n\n\n<p style=\"color:#3ca5ba;font-size:22px\" class=\"has-text-color\"><strong>Com t&#8217;acompanyem?<\/strong><\/p>\n\n\n\n<p><strong>1. Atenci\u00f3 personalitzada.<\/strong> Posa&#8217;t en contacte amb nosaltres i et donarem cita per saber quin \u00e9s el teu objectiu: de qu\u00e8 busques feina, de qu\u00e8 has treballat, quina formaci\u00f3 has fet, quins interessos i quines aptituds tens. A partir d\u2019aqu\u00ed t\u2019orientarem en un itinerari laboral: per\u00a0<strong>aconseguir un lloc de feina estable i de qualitat,<\/strong>\u00a0on hem d\u2019anar a buscar-ho, com i quins aspectes hem de millorar per tenir m\u00e9s \u00e8xit en les entrevistes de selecci\u00f3.<\/p>\n\n\n\n<p><strong>2. T&#8217;acompanyem perqu\u00e8 aconsegueixis i mantinguis el lloc de feina.<\/strong> Un cop ja tinguem definit quin lloc de feina busquem i el curr\u00edculum actualitzat, ens posarem a buscar ofertes de feina que encaixin amb all\u00f2 que busquem. T\u2019acompanyarem en la presentaci\u00f3 d\u2019autocandidatures, en preparar-te l\u2019entrevista de feina, a cercar empreses que siguin del teu sector professional. I un cop aconsegueixis el lloc de feina, continuarem en contacte amb tu per saber com t\u2019est\u00e0 anant i perqu\u00e8, un cop aconseguim la feina, \u00e9s important mantenir-la.\u00a0<\/p>\n\n\n\n<p><strong>3. Amb el suport que necessitis<\/strong>!<strong>\u00a0<\/strong>L\u2019objectiu del nostre Servei d\u2019Inserci\u00f3 Laboral \u00e9s que puguis aconseguir un lloc de feina estable on puguis desenvolupar la teva professi\u00f3. Per aix\u00f2 et donem, tant a tu com a l\u2019empresa, tot el suport que sigui necessari (Treball amb Suport).<\/p>\n\n\n\n<hr class=\"wp-block-separator\"\/>\n\n\n\n<p><em><strong><u>Serveis Integrals d&#8217;Orientaci\u00f3, Acompanyament i Suport a la Inserci\u00f3 de les persones amb discapacitat i\/o malaltia mental SIOAS 2022-2023.<\/u><br>Projecte subvencionat pel departament d&#8217;Empresa i Treball i objecte de cofinan\u00e7ament per part del Fons Social Europeu.<\/strong><\/em><\/p>\n\n\n\n<figure class=\"wp-block-image size-large\"><img loading=\"lazy\" decoding=\"async\" width=\"704\" height=\"111\" src=\"https:\/\/acapps.org\/web\/wp-content\/uploads\/2022\/07\/finan\u00e7ament_SIOAS_22_23-1.jpg\" alt=\"\" class=\"wp-image-12213\" srcset=\"https:\/\/acapps.org\/web\/wp-content\/uploads\/2022\/07\/finan\u00e7ament_SIOAS_22_23-1.jpg 704w, https:\/\/acapps.org\/web\/wp-content\/uploads\/2022\/07\/finan\u00e7ament_SIOAS_22_23-1-300x47.jpg 300w\" sizes=\"(max-width: 704px) 100vw, 704px\" \/><\/figure>\n\n\n\n<p><\/p>\n","protected":false},"excerpt":{"rendered":"<p>Gr\u00e0cies al programa SIOAS, el juliol comencem un any m\u00e9s el programa d&#8217;orientaci\u00f3 laboral per a les persones amb sordesa per aconseguir llocs de feina estables i de qualitat. Si tens sordesa i est\u00e0s buscant feina o necessites un canvi laboral, et pots posar en contacte amb nosaltres i et donarem suport en la recerca i\/o millora de feina. Com t&#8217;acompanyem? 1. Atenci\u00f3 personalitzada. Posa&#8217;t&#8230; <\/p>\n<p><a class=\"readmore\" href=\"https:\/\/acapps.org\/web\/2022\/07\/08\/amb-el-programa-sioas-comencem-el-programa-de-recerca-de-feina-per-a-les-persones-amb-sordesa\/\">LLEGIR M\u00c9S<\/a><\/p>\n","protected":false},"author":3,"featured_media":12215,"comment_status":"open","ping_status":"open","sticky":false,"template":"","format":"standard","meta":{"footnotes":""},"categories":[101,175,6,68,5,9,2,32,62],"tags":[],"_links":{"self":[{"href":"https:\/\/acapps.org\/web\/wp-json\/wp\/v2\/posts\/12211"}],"collection":[{"href":"https:\/\/acapps.org\/web\/wp-json\/wp\/v2\/posts"}],"about":[{"href":"https:\/\/acapps.org\/web\/wp-json\/wp\/v2\/types\/post"}],"author":[{"embeddable":true,"href":"https:\/\/acapps.org\/web\/wp-json\/wp\/v2\/users\/3"}],"replies":[{"embeddable":true,"href":"https:\/\/acapps.org\/web\/wp-json\/wp\/v2\/comments?post=12211"}],"version-history":[{"count":1,"href":"https:\/\/acapps.org\/web\/wp-json\/wp\/v2\/posts\/12211\/revisions"}],"predecessor-version":[{"id":12214,"href":"https:\/\/acapps.org\/web\/wp-json\/wp\/v2\/posts\/12211\/revisions\/12214"}],"wp:featuredmedia":[{"embeddable":true,"href":"https:\/\/acapps.org\/web\/wp-json\/wp\/v2\/media\/12215"}],"wp:attachment":[{"href":"https:\/\/acapps.org\/web\/wp-json\/wp\/v2\/media?parent=12211"}],"wp:term":[{"taxonomy":"category","embeddable":true,"href":"https:\/\/acapps.org\/web\/wp-json\/wp\/v2\/categories?post=12211"},{"taxonomy":"post_tag","embeddable":true,"href":"https:\/\/acapps.org\/web\/wp-json\/wp\/v2\/tags?post=12211"}],"curies":[{"name":"wp","href":"https:\/\/api.w.org\/{rel}","templated":true}]}}