{"id":12495,"date":"2022-10-06T12:41:45","date_gmt":"2022-10-06T12:41:45","guid":{"rendered":"https:\/\/acapps.org\/web\/?p=12495"},"modified":"2022-10-06T12:50:29","modified_gmt":"2022-10-06T12:50:29","slug":"allies-in-english-estudiants-de-parla-anglesa-i-infants-amb-sordesa-parlant-en-angles","status":"publish","type":"post","link":"https:\/\/acapps.org\/web\/2022\/10\/06\/allies-in-english-estudiants-de-parla-anglesa-i-infants-amb-sordesa-parlant-en-angles\/","title":{"rendered":"Allies in English: estudiants de parla anglesa i infants amb sordesa parlant en angl\u00e8s"},"content":{"rendered":"\n<p>Recentment vam tenir el plaer de convidar a la Dra. Eva Aguilar, &nbsp;professora titular del departament de pedagogia Aplicada i Psicologia i Psicologia de l&#8217;Educaci\u00f3 de la Universitat de les Illes Balears.&nbsp;La formaci\u00f3 va servir per aprendre molt m\u00e9s sobre l&#8217;aprenentatge de dues lleng\u00fces orals en infants amb sordesa i sobretot per constatar dues idees priorit\u00e0ries:<\/p>\n\n\n\n<ol><li><strong>Els infants amb sordesa biling\u00fces ORALMENT<\/strong> no tenen m\u00e9s probabilitats de tenir dificultats en el llenguatge.<\/li><li><strong>El m\u00e9s important: qualitat i quantitat<\/strong> que s&#8217;ensenya i parla cada una de les lleng\u00fces i oferir oportunitats i experi\u00e8ncies per aprendre les dues!<\/li><\/ol>\n\n\n\n<p>El proper <strong>dilluns, 10 d&#8217;octubre<\/strong>, seguim amb la formaci\u00f3 en biling\u00fcisme oral en infants amb sordesa posant una nova q\u00fcesti\u00f3 sobre la taula: l<strong>&#8216;aprenentatge de la llengua anglesa en infants amb sordesa<\/strong>.<\/p>\n\n\n\n<p>Per aix\u00f2 convidem la <strong>M\u00f2nica Larruy, presidenta de l&#8217;associaci\u00f3 T-Oigo, entitat impulsora del projecte Allies in English<\/strong>: de forma gratu\u00efta, un\/a jove estudiant nordamericana comparteix una hora a la setmana amb l&#8217;infant amb sordesa. En aquesta hora juguen, llegeixen i parlen sempre en angl\u00e8s. El projecte ha acumulat al llarg dels anys moltes experi\u00e8ncies i aprenentatges que Larruy ens explicar\u00e0 a les fam\u00edlies d&#8217;ACAPPS.<\/p>\n\n\n\n<p>A m\u00e9s, per facilitar a les fam\u00edlies que pugueu venir a la xerrada acompanyats\/des dels vostres fills, en aquell mateix horari i tamb\u00e9 a ACAPPS oferirem simult\u00e0niament un<strong> taller de creaci\u00f3 de videojocs amb el llenguatge Scratch<\/strong>, una activitat gratu\u00efta i possible gr\u00e0cies al programa MeetandCode.<\/p>\n\n\n\n<p style=\"color:#3ca5ba;font-size:24px\" class=\"has-text-color\"><a rel=\"noreferrer noopener\" href=\"INSCRIU-TE!\" target=\"_blank\">IMPRESCINDIBLE:<strong> INSCRIU-TE! <\/strong><\/a><\/p>\n\n\n\n<p>Per a dubtes i\/o m\u00e9s informaci\u00f3, posa&#8217;t en contacte amb la Paula Quirante, referent del Servei d&#8217;Atenci\u00f3 i Suport a les Fam\u00edlies d&#8217;ACAPPS:<\/p>\n\n\n\n<p><a href=\"mailto:saaf@acapps.org\">saaf@acapps.org   <\/a> |  tel\/whatsapp  620 993 422<\/p>\n\n\n\n<hr class=\"wp-block-separator\"\/>\n\n\n\n<figure class=\"wp-block-image size-large\"><img loading=\"lazy\" decoding=\"async\" width=\"815\" height=\"170\" src=\"https:\/\/acapps.org\/web\/wp-content\/uploads\/2022\/07\/finan\u00e7ament_fam\u00edlies.jpg\" alt=\"\" class=\"wp-image-12208\" srcset=\"https:\/\/acapps.org\/web\/wp-content\/uploads\/2022\/07\/finan\u00e7ament_fam\u00edlies.jpg 815w, https:\/\/acapps.org\/web\/wp-content\/uploads\/2022\/07\/finan\u00e7ament_fam\u00edlies-300x63.jpg 300w, https:\/\/acapps.org\/web\/wp-content\/uploads\/2022\/07\/finan\u00e7ament_fam\u00edlies-768x160.jpg 768w\" sizes=\"(max-width: 815px) 100vw, 815px\" \/><\/figure>\n","protected":false},"excerpt":{"rendered":"<p>Recentment vam tenir el plaer de convidar a la Dra. Eva Aguilar, &nbsp;professora titular del departament de pedagogia Aplicada i Psicologia i Psicologia de l&#8217;Educaci\u00f3 de la Universitat de les Illes Balears.&nbsp;La formaci\u00f3 va servir per aprendre molt m\u00e9s sobre l&#8217;aprenentatge de dues lleng\u00fces orals en infants amb sordesa i sobretot per constatar dues idees priorit\u00e0ries: Els infants amb sordesa biling\u00fces ORALMENT no tenen m\u00e9s&#8230; <\/p>\n<p><a class=\"readmore\" href=\"https:\/\/acapps.org\/web\/2022\/10\/06\/allies-in-english-estudiants-de-parla-anglesa-i-infants-amb-sordesa-parlant-en-angles\/\">LLEGIR M\u00c9S<\/a><\/p>\n","protected":false},"author":3,"featured_media":12498,"comment_status":"open","ping_status":"open","sticky":false,"template":"","format":"standard","meta":{"footnotes":""},"categories":[101,8,7,9,85,32,62],"tags":[],"_links":{"self":[{"href":"https:\/\/acapps.org\/web\/wp-json\/wp\/v2\/posts\/12495"}],"collection":[{"href":"https:\/\/acapps.org\/web\/wp-json\/wp\/v2\/posts"}],"about":[{"href":"https:\/\/acapps.org\/web\/wp-json\/wp\/v2\/types\/post"}],"author":[{"embeddable":true,"href":"https:\/\/acapps.org\/web\/wp-json\/wp\/v2\/users\/3"}],"replies":[{"embeddable":true,"href":"https:\/\/acapps.org\/web\/wp-json\/wp\/v2\/comments?post=12495"}],"version-history":[{"count":5,"href":"https:\/\/acapps.org\/web\/wp-json\/wp\/v2\/posts\/12495\/revisions"}],"predecessor-version":[{"id":12502,"href":"https:\/\/acapps.org\/web\/wp-json\/wp\/v2\/posts\/12495\/revisions\/12502"}],"wp:featuredmedia":[{"embeddable":true,"href":"https:\/\/acapps.org\/web\/wp-json\/wp\/v2\/media\/12498"}],"wp:attachment":[{"href":"https:\/\/acapps.org\/web\/wp-json\/wp\/v2\/media?parent=12495"}],"wp:term":[{"taxonomy":"category","embeddable":true,"href":"https:\/\/acapps.org\/web\/wp-json\/wp\/v2\/categories?post=12495"},{"taxonomy":"post_tag","embeddable":true,"href":"https:\/\/acapps.org\/web\/wp-json\/wp\/v2\/tags?post=12495"}],"curies":[{"name":"wp","href":"https:\/\/api.w.org\/{rel}","templated":true}]}}