{"id":12514,"date":"2022-10-10T09:11:09","date_gmt":"2022-10-10T09:11:09","guid":{"rendered":"https:\/\/acapps.org\/web\/?p=12514"},"modified":"2023-03-21T10:36:47","modified_gmt":"2023-03-21T10:36:47","slug":"menduc-moltes-coses-que-he-apres-sobretot-que-hem-de-creurens-els-nostres-drets-i-demanar-los-sense-por-sense-vergonya-parlem-amb-la-tania-jove-dacapps","status":"publish","type":"post","link":"https:\/\/acapps.org\/web\/2022\/10\/10\/menduc-moltes-coses-que-he-apres-sobretot-que-hem-de-creurens-els-nostres-drets-i-demanar-los-sense-por-sense-vergonya-parlem-amb-la-tania-jove-dacapps\/","title":{"rendered":"\u201cM\u2019enduc moltes coses que he apr\u00e8s: sobretot que hem de creure\u2019ns els nostres drets i demanar-los, sense por, sense vergonya\u201d. Parlem amb la T\u00e0nia, jove d&#8217;ACAPPS."},"content":{"rendered":"\n<p><strong>La T\u00e0nia \u00e9s una noia que es mou. Molt. I s\u2019implica. T\u00e9 23 anys i t\u00e9 la s\u00edndrome Waardenburg, la causa de la seva sordesa. Als dos anys li van posar l\u2019implant coclear a l\u2019hospital Sant Joan de D\u00e9u i va rebre logop\u00e8dia al CREDA Sabadell. Tot i que est\u00e0 contenta amb l\u2019implant coclear, i de poder comunicar-se amb tothom de forma aut\u00f2noma amb la parla, assegura que les persones amb sordesa, malgrat els audi\u00f2fons i els implants coclears, necessiten suports per poder accedir, sense esgotar-se, a la informaci\u00f3. La universitat, on est\u00e0 estudiant sociologia, \u00e9s un dels \u00e0mbits on l\u2019accessibilitat \u00e9s determinant.<\/strong><\/p>\n\n\n\n<p>Aquest estiu, la T\u00e0nia ha participat a la Trobada de la International Federation of Hard of Hearing Young People, la IFHOHYP. Una experi\u00e8ncia que l\u2019ha fet tornar a la universitat m\u00e9s forta que mai i, sobretot, decidida a reivindicar els seus drets com a estudiant universit\u00e0ria amb sordesa, dins tamb\u00e9 de la Xarxa d\u2019Estudiants Universitaris\/es amb sordesa d\u2019ACAPPS.<\/p>\n\n\n\n<p><strong>Tania, no t\u2019esperaves que aquest estiu estaries a Budapest participant durant tota una setmana a una trobada internacional amb joves amb sordesa. Com ha anat?<\/strong><\/p>\n\n\n\n<p>Ha estat inspirador. Va ser casualitat, arran de con\u00e8ixer-ho per instagram i, sense saber-ne solt m\u00e9s, em vaig llan\u00e7ar. Van ser dies intensos, compartint experi\u00e8ncies i opinions amb vint-i-sis joves amb sordesa d\u2019arreu d\u2019Europa, tamb\u00e9 una participant de Canad\u00e0 i una altra de Filipines. Dels pa\u00efsos mediterranis, nom\u00e9s estava jo.<\/p>\n\n\n\n<p><strong>Qu\u00e8 compart\u00edeu en aquestes jornades di\u00e0ries?<\/strong><\/p>\n\n\n\n<p>Molt aprenentatge entorn els Drets Humans de les persones amb sordesa i lideratge. Va ser tot molt fluid perqu\u00e8 tot \u00e9rem joves amb sordesa i amb moltes ganes de con\u00e8ixer-nos i explicar la nostra situaci\u00f3. T\u2019adones que cada pa\u00eds \u00e9s un m\u00f3n. Des d\u2019una noia de Georgia que no l\u2019han deixada ni tan sols matricular-se a la universitat suggerint-li que no seria capa\u00e7, fins&nbsp; les experi\u00e8ncies de Su\u00e8cia o el Regne Unit on est\u00e0 m\u00e9s avan\u00e7at: tenen fins i tot una persona de suport a la universitat que els pren els apunts de les classes i subtitulaci\u00f3!<\/p>\n\n\n\n<figure class=\"wp-block-gallery columns-3 is-cropped wp-block-gallery-1 is-layout-flex wp-block-gallery-is-layout-flex\"><ul class=\"blocks-gallery-grid\"><li class=\"blocks-gallery-item\"><figure><img loading=\"lazy\" decoding=\"async\" width=\"828\" height=\"585\" src=\"https:\/\/acapps.org\/web\/wp-content\/uploads\/2022\/10\/image3.jpeg\" alt=\"\" data-id=\"12517\" data-link=\"https:\/\/acapps.org\/web\/2022\/10\/10\/menduc-moltes-coses-que-he-apres-sobretot-que-hem-de-creurens-els-nostres-drets-i-demanar-los-sense-por-sense-vergonya-parlem-amb-la-tania-jove-dacapps\/image3\/\" class=\"wp-image-12517\" srcset=\"https:\/\/acapps.org\/web\/wp-content\/uploads\/2022\/10\/image3.jpeg 828w, https:\/\/acapps.org\/web\/wp-content\/uploads\/2022\/10\/image3-300x212.jpeg 300w, https:\/\/acapps.org\/web\/wp-content\/uploads\/2022\/10\/image3-768x543.jpeg 768w\" sizes=\"(max-width: 828px) 100vw, 828px\" \/><\/figure><\/li><li class=\"blocks-gallery-item\"><figure><img loading=\"lazy\" decoding=\"async\" width=\"828\" height=\"593\" src=\"https:\/\/acapps.org\/web\/wp-content\/uploads\/2022\/10\/image0.jpeg\" alt=\"\" data-id=\"12518\" data-link=\"https:\/\/acapps.org\/web\/2022\/10\/10\/menduc-moltes-coses-que-he-apres-sobretot-que-hem-de-creurens-els-nostres-drets-i-demanar-los-sense-por-sense-vergonya-parlem-amb-la-tania-jove-dacapps\/image0\/\" class=\"wp-image-12518\" srcset=\"https:\/\/acapps.org\/web\/wp-content\/uploads\/2022\/10\/image0.jpeg 828w, https:\/\/acapps.org\/web\/wp-content\/uploads\/2022\/10\/image0-300x215.jpeg 300w, https:\/\/acapps.org\/web\/wp-content\/uploads\/2022\/10\/image0-768x550.jpeg 768w\" sizes=\"(max-width: 828px) 100vw, 828px\" \/><\/figure><\/li><li class=\"blocks-gallery-item\"><figure><img loading=\"lazy\" decoding=\"async\" width=\"798\" height=\"1024\" src=\"https:\/\/acapps.org\/web\/wp-content\/uploads\/2022\/10\/image5-798x1024.jpeg\" alt=\"\" data-id=\"12519\" data-link=\"https:\/\/acapps.org\/web\/2022\/10\/10\/menduc-moltes-coses-que-he-apres-sobretot-que-hem-de-creurens-els-nostres-drets-i-demanar-los-sense-por-sense-vergonya-parlem-amb-la-tania-jove-dacapps\/image5\/\" class=\"wp-image-12519\" srcset=\"https:\/\/acapps.org\/web\/wp-content\/uploads\/2022\/10\/image5-798x1024.jpeg 798w, https:\/\/acapps.org\/web\/wp-content\/uploads\/2022\/10\/image5-234x300.jpeg 234w, https:\/\/acapps.org\/web\/wp-content\/uploads\/2022\/10\/image5-768x985.jpeg 768w, https:\/\/acapps.org\/web\/wp-content\/uploads\/2022\/10\/image5.jpeg 828w\" sizes=\"(max-width: 798px) 100vw, 798px\" \/><\/figure><\/li><li class=\"blocks-gallery-item\"><figure><img loading=\"lazy\" decoding=\"async\" width=\"828\" height=\"581\" src=\"https:\/\/acapps.org\/web\/wp-content\/uploads\/2022\/10\/image1.jpeg\" alt=\"\" data-id=\"12520\" data-full-url=\"https:\/\/acapps.org\/web\/wp-content\/uploads\/2022\/10\/image1.jpeg\" data-link=\"https:\/\/acapps.org\/web\/2022\/10\/10\/menduc-moltes-coses-que-he-apres-sobretot-que-hem-de-creurens-els-nostres-drets-i-demanar-los-sense-por-sense-vergonya-parlem-amb-la-tania-jove-dacapps\/image1\/\" class=\"wp-image-12520\" srcset=\"https:\/\/acapps.org\/web\/wp-content\/uploads\/2022\/10\/image1.jpeg 828w, https:\/\/acapps.org\/web\/wp-content\/uploads\/2022\/10\/image1-300x211.jpeg 300w, https:\/\/acapps.org\/web\/wp-content\/uploads\/2022\/10\/image1-768x539.jpeg 768w\" sizes=\"(max-width: 828px) 100vw, 828px\" \/><\/figure><\/li><\/ul><figcaption class=\"blocks-gallery-caption\">Alguns dels moments viscuts per la T\u00e0nia aquest estiu durant la Trobada de la International Federation of Hard of Hearing Young People, la IFHOHYP<\/figcaption><\/figure>\n\n\n\n<p><strong>Tu est\u00e0s a la Universitat Aut\u00f2noma de Barcelona fent tercer de Sociologia. Quins suports tens?<\/strong><\/p>\n\n\n\n<p>El curs passat el vaig fer en l\u00ednia. Realment la pand\u00e8mia ho va complicar tot i en aquells moments era la millor opci\u00f3. Per\u00f2 ara, despr\u00e9s de la trobada i de con\u00e8ixer les experi\u00e8ncies de molts dels companys de la Trobada, m\u2019he sentit &nbsp;molt empoderada i m\u2019he tornat a matricular a l\u2019Aut\u00f2noma presencialment. He anat al Servei de Suport a Estudiants amb necessitats educatives espec\u00edfiques, el PIUNE, de la Universitat Aut\u00f2noma per demanar les mesures d\u2019accessibilitat que necessito per poder seguir el grau, en concret, una persona facilitadora dels apunts i la subtitulaci\u00f3. L\u2019acollida va ser bona, molt receptius tot i que la subtitulaci\u00f3 s\u00ed que la van descartar d\u2019entrada. Per\u00f2 la persona per facilitar els apunts o la reserva de seient a les primeres files de les aules semblava que els encaixava. Estem a octubre i encara espero. Per ara, els suports que tinc per poder seguir les classes els poso jo: la meva emissora FM, que ara se m\u2019ha espatllat i he d\u2019assumir el cost de reparar-la, i una companya que em facilita els apunts d\u2019algunes classes.<\/p>\n\n\n\n<p><strong>I aix\u00f2 no hauria de ser aix\u00ed.<\/strong><\/p>\n\n\n\n<p>No, hem de poder comptar amb mesures d\u2019accessibilitat a la Universitat i a c\u00e0rrec de la Universitat. \u00c9s realment esgotador, malgrat l\u2019implant coclear i l\u2019emissora FM, seguir al 100% tota una jornada de classes. \u00c9s un sobreesfor\u00e7 constant que causa fatiga. I que siguis tu qui t\u2019hagis de buscar sempre els recursos&#8230; hi ha d\u2019haver inversi\u00f3 p\u00fablica forta perqu\u00e8 puguem estudiar en igualtat, i no en desavantatge, amb la resta de companys\/es.<\/p>\n\n\n\n<p><strong>Ara des de la Xarxa d\u2019Estudiants Universitari teniu entre mans un projecte per fer visible aquesta demanda i que la comunitat universit\u00e0ria en prengui consci\u00e8ncia.<\/strong><\/p>\n\n\n\n<p>S\u00ed, aquest \u00e9s l\u2019objectiu. I faig una crida a altres joves a que es sumin a la Xarxa. Crec que \u00e9s molt necessari que compartim espais i promoguem accions que neixin de nosaltres. Ara estem treballant en fer possible aquest documental. \u00c9s un projecte molt motivador i que esperem que generi molts impactes. Necessitem que ens escoltin, que reconeguin les nostres necessitats en accessibilitat i que inverteixin en recursos perqu\u00e8 puguem parlar d\u2019universitats inclusives.<\/p>\n\n\n\n<p><strong>Tornant a la teva participaci\u00f3 a la Trobada, qu\u00e8 t\u2019emportes?<\/strong><\/p>\n\n\n\n<p>Moltes coses i totes positives: jo no hauria marxat! M\u2019emporto el vincle que he fet amb altres joves amb sordesa de diferents pa\u00efsos; els mil aprenentatges que n\u2019he tret, de l\u2019experi\u00e8ncia, de practicar l\u2019angl\u00e8s en un ambient molt dist\u00e8s, molt fluid i sense pressions,\u00a0 dels coneixements en drets. M\u2019emporto totes les experi\u00e8ncies que van compartit altres joves i que m\u2019han servit per adonar-me que som claus en defensar nosaltres mateixos els nostres drets. Tenim veu i volem que se\u2019ns escolti. I tamb\u00e9 la vessant m\u00e9s l\u00fadica, perqu\u00e8 vam compartir estones de tot. Hi havia la part de treball per\u00f2 tamb\u00e9 la part de sortir, visitar la ciutat, aprendre de les cultures dels altres. Ara vull repetir l\u2019experi\u00e8ncia de nou i m\u2019agradaria, la propera vegada, anar acompanyada d\u2019algun altre jove d\u2019ACAPPS.<\/p>\n\n\n\n<hr class=\"wp-block-separator\"\/>\n\n\n\n<figure class=\"wp-block-image size-large\"><img loading=\"lazy\" decoding=\"async\" width=\"1024\" height=\"164\" src=\"https:\/\/acapps.org\/web\/wp-content\/uploads\/2023\/03\/finan\u00e7adors_projecte-2-1024x164.jpg\" alt=\"\" class=\"wp-image-13380\" srcset=\"https:\/\/acapps.org\/web\/wp-content\/uploads\/2023\/03\/finan\u00e7adors_projecte-2-1024x164.jpg 1024w, https:\/\/acapps.org\/web\/wp-content\/uploads\/2023\/03\/finan\u00e7adors_projecte-2-300x48.jpg 300w, https:\/\/acapps.org\/web\/wp-content\/uploads\/2023\/03\/finan\u00e7adors_projecte-2-768x123.jpg 768w, https:\/\/acapps.org\/web\/wp-content\/uploads\/2023\/03\/finan\u00e7adors_projecte-2.jpg 1107w\" sizes=\"(max-width: 1024px) 100vw, 1024px\" \/><\/figure>\n\n\n\n<p><\/p>\n","protected":false},"excerpt":{"rendered":"<p>La T\u00e0nia \u00e9s una noia que es mou. Molt. I s\u2019implica. T\u00e9 23 anys i t\u00e9 la s\u00edndrome Waardenburg, la causa de la seva sordesa. Als dos anys li van posar l\u2019implant coclear a l\u2019hospital Sant Joan de D\u00e9u i va rebre logop\u00e8dia al CREDA Sabadell. Tot i que est\u00e0 contenta amb l\u2019implant coclear, i de poder comunicar-se amb tothom de forma aut\u00f2noma amb la&#8230; <\/p>\n<p><a class=\"readmore\" href=\"https:\/\/acapps.org\/web\/2022\/10\/10\/menduc-moltes-coses-que-he-apres-sobretot-que-hem-de-creurens-els-nostres-drets-i-demanar-los-sense-por-sense-vergonya-parlem-amb-la-tania-jove-dacapps\/\">LLEGIR M\u00c9S<\/a><\/p>\n","protected":false},"author":3,"featured_media":12515,"comment_status":"open","ping_status":"open","sticky":false,"template":"","format":"standard","meta":{"footnotes":""},"categories":[101,4,6,98,8,86,69,5,9,76,32,62,99],"tags":[],"_links":{"self":[{"href":"https:\/\/acapps.org\/web\/wp-json\/wp\/v2\/posts\/12514"}],"collection":[{"href":"https:\/\/acapps.org\/web\/wp-json\/wp\/v2\/posts"}],"about":[{"href":"https:\/\/acapps.org\/web\/wp-json\/wp\/v2\/types\/post"}],"author":[{"embeddable":true,"href":"https:\/\/acapps.org\/web\/wp-json\/wp\/v2\/users\/3"}],"replies":[{"embeddable":true,"href":"https:\/\/acapps.org\/web\/wp-json\/wp\/v2\/comments?post=12514"}],"version-history":[{"count":3,"href":"https:\/\/acapps.org\/web\/wp-json\/wp\/v2\/posts\/12514\/revisions"}],"predecessor-version":[{"id":13381,"href":"https:\/\/acapps.org\/web\/wp-json\/wp\/v2\/posts\/12514\/revisions\/13381"}],"wp:featuredmedia":[{"embeddable":true,"href":"https:\/\/acapps.org\/web\/wp-json\/wp\/v2\/media\/12515"}],"wp:attachment":[{"href":"https:\/\/acapps.org\/web\/wp-json\/wp\/v2\/media?parent=12514"}],"wp:term":[{"taxonomy":"category","embeddable":true,"href":"https:\/\/acapps.org\/web\/wp-json\/wp\/v2\/categories?post=12514"},{"taxonomy":"post_tag","embeddable":true,"href":"https:\/\/acapps.org\/web\/wp-json\/wp\/v2\/tags?post=12514"}],"curies":[{"name":"wp","href":"https:\/\/api.w.org\/{rel}","templated":true}]}}