{"id":12619,"date":"2022-11-30T11:05:54","date_gmt":"2022-11-30T11:05:54","guid":{"rendered":"https:\/\/acapps.org\/web\/?p=12619"},"modified":"2022-12-05T13:15:31","modified_gmt":"2022-12-05T13:15:31","slug":"11143-2","status":"publish","type":"post","link":"https:\/\/acapps.org\/web\/2022\/11\/30\/11143-2\/","title":{"rendered":"Jornades 2022: fem arribar la veu de les persones amb sordesa i fam\u00edlies a l&#8217;administraci\u00f3 i celebrem els 30 anys d&#8217;ACAPPS"},"content":{"rendered":"\n<p><strong>&#8220;Defensem drets educatius, socials i culturals. Celebrem 30 anys acompanyant i impulsant la veu de les fam\u00edlies amb persones amb sordesa.&#8221;<\/strong> Aquesta va ser la combinaci\u00f3 protagonista de la vint-i-sisena edici\u00f3 dels 26 anys de les Jornades d&#8217;ACAPPS, celebrades el passat 26 de novembre a l&#8217;auditori de la Fundaci\u00f3 Cultural d&#8217;Hostafrancs. <\/p>\n\n\n\n<p>Una crida amb una gran resposta. Us donem les gr\u00e0cies per fer-les possibles: a les 150 persones que ens vau acompanyar i als vint-i-cinc ponents de les sessions. Tamb\u00e9 sens dubte als vuit testimonis, persones amb sordesa i fam\u00edlies, que van posar sobre la taula les necessitats i els drets del prop del 98% de persones ams sordesa que es comuniquen en llengua oral i que ho van fer visible davant dels representants del departament de Salut, d&#8217;Educaci\u00f3 i de Cultura. <\/p>\n\n\n\n<p> Unes jornades que, un any m\u00e9s, han complert  l\u2019objectiu d\u2019aquest projecte:  ser un <strong>espai de trobada i d\u2019intercanvi<\/strong> de coneixement i d\u2019experi\u00e8ncies entorn la discapacitat auditiva i per ser una plataforma de projecci\u00f3 de les iniciatives i projectes en qu\u00e8 estem col\u00b7laborant per una societat inclusiva a nivell educatiu, laboral i cultural. I sobretot, u<strong>n espai per fer visible, cada any, el col\u00b7lectiu de les persones amb sordesa que es comuniquen oralment i les seves necessitats.<\/strong><\/p>\n\n\n\n<div style=\"height:20px\" aria-hidden=\"true\" class=\"wp-block-spacer\"><\/div>\n\n\n\n<figure class=\"wp-block-gallery columns-3 is-cropped wp-block-gallery-1 is-layout-flex wp-block-gallery-is-layout-flex\"><ul class=\"blocks-gallery-grid\"><li class=\"blocks-gallery-item\"><figure><img loading=\"lazy\" decoding=\"async\" width=\"1024\" height=\"682\" src=\"https:\/\/acapps.org\/web\/wp-content\/uploads\/2022\/11\/IMG_8992_LR-1024x682.jpg\" alt=\"\" data-id=\"12625\" data-link=\"https:\/\/acapps.org\/web\/img_8992_lr\/\" class=\"wp-image-12625\" srcset=\"https:\/\/acapps.org\/web\/wp-content\/uploads\/2022\/11\/IMG_8992_LR-1024x682.jpg 1024w, https:\/\/acapps.org\/web\/wp-content\/uploads\/2022\/11\/IMG_8992_LR-300x200.jpg 300w, https:\/\/acapps.org\/web\/wp-content\/uploads\/2022\/11\/IMG_8992_LR-768x512.jpg 768w, https:\/\/acapps.org\/web\/wp-content\/uploads\/2022\/11\/IMG_8992_LR-1536x1024.jpg 1536w, https:\/\/acapps.org\/web\/wp-content\/uploads\/2022\/11\/IMG_8992_LR.jpg 2000w\" sizes=\"(max-width: 1024px) 100vw, 1024px\" \/><\/figure><\/li><li class=\"blocks-gallery-item\"><figure><img loading=\"lazy\" decoding=\"async\" width=\"1024\" height=\"682\" src=\"https:\/\/acapps.org\/web\/wp-content\/uploads\/2022\/11\/IMG_9026_LR-1024x682.jpg\" alt=\"\" data-id=\"12626\" data-link=\"https:\/\/acapps.org\/web\/img_9026_lr\/\" class=\"wp-image-12626\" srcset=\"https:\/\/acapps.org\/web\/wp-content\/uploads\/2022\/11\/IMG_9026_LR-1024x682.jpg 1024w, https:\/\/acapps.org\/web\/wp-content\/uploads\/2022\/11\/IMG_9026_LR-300x200.jpg 300w, https:\/\/acapps.org\/web\/wp-content\/uploads\/2022\/11\/IMG_9026_LR-768x512.jpg 768w, https:\/\/acapps.org\/web\/wp-content\/uploads\/2022\/11\/IMG_9026_LR-1536x1024.jpg 1536w, https:\/\/acapps.org\/web\/wp-content\/uploads\/2022\/11\/IMG_9026_LR.jpg 2000w\" sizes=\"(max-width: 1024px) 100vw, 1024px\" \/><\/figure><\/li><li class=\"blocks-gallery-item\"><figure><img loading=\"lazy\" decoding=\"async\" width=\"1024\" height=\"682\" src=\"https:\/\/acapps.org\/web\/wp-content\/uploads\/2022\/11\/IMG_9037_LR-1024x682.jpg\" alt=\"\" data-id=\"12627\" data-link=\"https:\/\/acapps.org\/web\/img_9037_lr\/\" class=\"wp-image-12627\" srcset=\"https:\/\/acapps.org\/web\/wp-content\/uploads\/2022\/11\/IMG_9037_LR-1024x682.jpg 1024w, https:\/\/acapps.org\/web\/wp-content\/uploads\/2022\/11\/IMG_9037_LR-300x200.jpg 300w, https:\/\/acapps.org\/web\/wp-content\/uploads\/2022\/11\/IMG_9037_LR-768x512.jpg 768w, https:\/\/acapps.org\/web\/wp-content\/uploads\/2022\/11\/IMG_9037_LR-1536x1024.jpg 1536w, https:\/\/acapps.org\/web\/wp-content\/uploads\/2022\/11\/IMG_9037_LR.jpg 2000w\" sizes=\"(max-width: 1024px) 100vw, 1024px\" \/><\/figure><\/li><li class=\"blocks-gallery-item\"><figure><img loading=\"lazy\" decoding=\"async\" width=\"1024\" height=\"682\" src=\"https:\/\/acapps.org\/web\/wp-content\/uploads\/2022\/11\/IMG_9139_LR-1024x682.jpg\" alt=\"\" data-id=\"12628\" data-link=\"https:\/\/acapps.org\/web\/img_9139_lr\/\" class=\"wp-image-12628\" srcset=\"https:\/\/acapps.org\/web\/wp-content\/uploads\/2022\/11\/IMG_9139_LR-1024x682.jpg 1024w, https:\/\/acapps.org\/web\/wp-content\/uploads\/2022\/11\/IMG_9139_LR-300x200.jpg 300w, https:\/\/acapps.org\/web\/wp-content\/uploads\/2022\/11\/IMG_9139_LR-768x512.jpg 768w, https:\/\/acapps.org\/web\/wp-content\/uploads\/2022\/11\/IMG_9139_LR-1536x1024.jpg 1536w, https:\/\/acapps.org\/web\/wp-content\/uploads\/2022\/11\/IMG_9139_LR.jpg 2000w\" sizes=\"(max-width: 1024px) 100vw, 1024px\" \/><\/figure><\/li><li class=\"blocks-gallery-item\"><figure><img loading=\"lazy\" decoding=\"async\" width=\"1024\" height=\"682\" src=\"https:\/\/acapps.org\/web\/wp-content\/uploads\/2022\/11\/IMG_8930_LR-1024x682.jpg\" alt=\"\" data-id=\"12630\" data-link=\"https:\/\/acapps.org\/web\/img_8930_lr\/\" class=\"wp-image-12630\" srcset=\"https:\/\/acapps.org\/web\/wp-content\/uploads\/2022\/11\/IMG_8930_LR-1024x682.jpg 1024w, https:\/\/acapps.org\/web\/wp-content\/uploads\/2022\/11\/IMG_8930_LR-300x200.jpg 300w, https:\/\/acapps.org\/web\/wp-content\/uploads\/2022\/11\/IMG_8930_LR-768x512.jpg 768w, https:\/\/acapps.org\/web\/wp-content\/uploads\/2022\/11\/IMG_8930_LR-1536x1024.jpg 1536w, https:\/\/acapps.org\/web\/wp-content\/uploads\/2022\/11\/IMG_8930_LR.jpg 2000w\" sizes=\"(max-width: 1024px) 100vw, 1024px\" \/><\/figure><\/li><li class=\"blocks-gallery-item\"><figure><img loading=\"lazy\" decoding=\"async\" width=\"1024\" height=\"682\" src=\"https:\/\/acapps.org\/web\/wp-content\/uploads\/2022\/11\/IMG_8913_LR-1024x682.jpg\" alt=\"\" data-id=\"12661\" data-link=\"https:\/\/acapps.org\/web\/2022\/11\/30\/11143-2\/img_8913_lr\/\" class=\"wp-image-12661\" srcset=\"https:\/\/acapps.org\/web\/wp-content\/uploads\/2022\/11\/IMG_8913_LR-1024x682.jpg 1024w, https:\/\/acapps.org\/web\/wp-content\/uploads\/2022\/11\/IMG_8913_LR-300x200.jpg 300w, https:\/\/acapps.org\/web\/wp-content\/uploads\/2022\/11\/IMG_8913_LR-768x512.jpg 768w, https:\/\/acapps.org\/web\/wp-content\/uploads\/2022\/11\/IMG_8913_LR-1536x1024.jpg 1536w, https:\/\/acapps.org\/web\/wp-content\/uploads\/2022\/11\/IMG_8913_LR.jpg 2000w\" sizes=\"(max-width: 1024px) 100vw, 1024px\" \/><\/figure><\/li><li class=\"blocks-gallery-item\"><figure><img loading=\"lazy\" decoding=\"async\" width=\"1024\" height=\"682\" src=\"https:\/\/acapps.org\/web\/wp-content\/uploads\/2022\/12\/IMG_9180_LR-1024x682.jpg\" alt=\"\" data-id=\"12716\" data-full-url=\"https:\/\/acapps.org\/web\/wp-content\/uploads\/2022\/12\/IMG_9180_LR.jpg\" data-link=\"https:\/\/acapps.org\/web\/2022\/11\/30\/11143-2\/img_9180_lr\/\" class=\"wp-image-12716\" srcset=\"https:\/\/acapps.org\/web\/wp-content\/uploads\/2022\/12\/IMG_9180_LR-1024x682.jpg 1024w, https:\/\/acapps.org\/web\/wp-content\/uploads\/2022\/12\/IMG_9180_LR-300x200.jpg 300w, https:\/\/acapps.org\/web\/wp-content\/uploads\/2022\/12\/IMG_9180_LR-768x512.jpg 768w, https:\/\/acapps.org\/web\/wp-content\/uploads\/2022\/12\/IMG_9180_LR-1536x1024.jpg 1536w, https:\/\/acapps.org\/web\/wp-content\/uploads\/2022\/12\/IMG_9180_LR.jpg 2000w\" sizes=\"(max-width: 1024px) 100vw, 1024px\" \/><\/figure><\/li><\/ul><figcaption class=\"blocks-gallery-caption\">Les Jornades s\u00f3n una mostra d&#8217;una associaci\u00f3 viva i forta que, impulsada i liderada per persones amb sordesa i les seves fam\u00edlies, ha fet 30 anys i 26 edicions de Jornades.<\/figcaption><\/figure>\n\n\n\n<p>Gr\u00e0cies tamb\u00e9 a l&#8217;Anna Guitart, la Maria Urbano, i la T\u00e0nia Gali\u00e1n  pel vostre suport com a moderadores i presentadores de les sessions. <\/p>\n\n\n\n<p>Volem agrair tamb\u00e9 molt especialment, a les entitats amigues per fer&nbsp;possible les Jornades:&nbsp;<strong>departament de Drets Socials, Fundaci\u00f3n ONCE, FIAPAS, Audika, Medel, Centre d&#8217;audiologia Arrecife, Centre Auditius Aural, GAES J\u00fanior marca d&#8217;Amplifon i Advanced Bionics.<\/strong><\/p>\n\n\n\n<div style=\"height:25px\" aria-hidden=\"true\" class=\"wp-block-spacer\"><\/div>\n\n\n\n<p style=\"color:#3ca5ba;font-size:24px\" class=\"has-text-color\">La <strong>inauguraci\u00f3<\/strong><\/p>\n\n\n\n<p>Raimon Jan\u00e9, president de la Federaci\u00f3 ACAPPS, va iniciar les Jornades amb l&#8217;acte d&#8217;inauguraci\u00f3 acompanyat, a l&#8217;escenari, de Merc\u00e8 Batlle, presidenta del Comit\u00e8 Catal\u00e0 de Representants de Persones amb Discapacitat (COCARMI) i Llu\u00eds Torrens, secretari d&#8217;Afers Socials i Fam\u00edlies de la Generalitat i, en l\u00ednia, de Jos\u00e9 Luis Aedo, president de la Confederaci\u00f3n FIAPAS.<\/p>\n\n\n\n<div style=\"height:20px\" aria-hidden=\"true\" class=\"wp-block-spacer\"><\/div>\n\n\n\n<figure class=\"wp-block-gallery columns-3 is-cropped wp-block-gallery-2 is-layout-flex wp-block-gallery-is-layout-flex\"><ul class=\"blocks-gallery-grid\"><li class=\"blocks-gallery-item\"><figure><img loading=\"lazy\" decoding=\"async\" width=\"1024\" height=\"682\" src=\"https:\/\/acapps.org\/web\/wp-content\/uploads\/2022\/11\/IMG_9079_LR-1-1024x682.jpg\" alt=\"\" data-id=\"12665\" data-link=\"https:\/\/acapps.org\/web\/2022\/11\/30\/11143-2\/img_9079_lr-1\/\" class=\"wp-image-12665\" srcset=\"https:\/\/acapps.org\/web\/wp-content\/uploads\/2022\/11\/IMG_9079_LR-1-1024x682.jpg 1024w, https:\/\/acapps.org\/web\/wp-content\/uploads\/2022\/11\/IMG_9079_LR-1-300x200.jpg 300w, https:\/\/acapps.org\/web\/wp-content\/uploads\/2022\/11\/IMG_9079_LR-1-768x512.jpg 768w, https:\/\/acapps.org\/web\/wp-content\/uploads\/2022\/11\/IMG_9079_LR-1-1536x1024.jpg 1536w, https:\/\/acapps.org\/web\/wp-content\/uploads\/2022\/11\/IMG_9079_LR-1.jpg 2000w\" sizes=\"(max-width: 1024px) 100vw, 1024px\" \/><\/figure><\/li><li class=\"blocks-gallery-item\"><figure><img loading=\"lazy\" decoding=\"async\" width=\"1024\" height=\"682\" src=\"https:\/\/acapps.org\/web\/wp-content\/uploads\/2022\/11\/IMG_9120_LR-1-1024x682.jpg\" alt=\"\" data-id=\"12666\" data-link=\"https:\/\/acapps.org\/web\/2022\/11\/30\/11143-2\/img_9120_lr-1\/\" class=\"wp-image-12666\" srcset=\"https:\/\/acapps.org\/web\/wp-content\/uploads\/2022\/11\/IMG_9120_LR-1-1024x682.jpg 1024w, https:\/\/acapps.org\/web\/wp-content\/uploads\/2022\/11\/IMG_9120_LR-1-300x200.jpg 300w, https:\/\/acapps.org\/web\/wp-content\/uploads\/2022\/11\/IMG_9120_LR-1-768x512.jpg 768w, https:\/\/acapps.org\/web\/wp-content\/uploads\/2022\/11\/IMG_9120_LR-1-1536x1024.jpg 1536w, https:\/\/acapps.org\/web\/wp-content\/uploads\/2022\/11\/IMG_9120_LR-1.jpg 2000w\" sizes=\"(max-width: 1024px) 100vw, 1024px\" \/><\/figure><\/li><li class=\"blocks-gallery-item\"><figure><img loading=\"lazy\" decoding=\"async\" width=\"1024\" height=\"682\" src=\"https:\/\/acapps.org\/web\/wp-content\/uploads\/2022\/11\/IMG_9130_LR-1-1024x682.jpg\" alt=\"\" data-id=\"12667\" data-link=\"https:\/\/acapps.org\/web\/2022\/11\/30\/11143-2\/img_9130_lr-1\/\" class=\"wp-image-12667\" srcset=\"https:\/\/acapps.org\/web\/wp-content\/uploads\/2022\/11\/IMG_9130_LR-1-1024x682.jpg 1024w, https:\/\/acapps.org\/web\/wp-content\/uploads\/2022\/11\/IMG_9130_LR-1-300x200.jpg 300w, https:\/\/acapps.org\/web\/wp-content\/uploads\/2022\/11\/IMG_9130_LR-1-768x512.jpg 768w, https:\/\/acapps.org\/web\/wp-content\/uploads\/2022\/11\/IMG_9130_LR-1-1536x1024.jpg 1536w, https:\/\/acapps.org\/web\/wp-content\/uploads\/2022\/11\/IMG_9130_LR-1.jpg 2000w\" sizes=\"(max-width: 1024px) 100vw, 1024px\" \/><\/figure><\/li><li class=\"blocks-gallery-item\"><figure><img loading=\"lazy\" decoding=\"async\" width=\"1024\" height=\"682\" src=\"https:\/\/acapps.org\/web\/wp-content\/uploads\/2022\/11\/IMG_9093_LR-1024x682.jpg\" alt=\"\" data-id=\"12669\" data-link=\"https:\/\/acapps.org\/web\/2022\/11\/30\/11143-2\/img_9093_lr\/\" class=\"wp-image-12669\" srcset=\"https:\/\/acapps.org\/web\/wp-content\/uploads\/2022\/11\/IMG_9093_LR-1024x682.jpg 1024w, https:\/\/acapps.org\/web\/wp-content\/uploads\/2022\/11\/IMG_9093_LR-300x200.jpg 300w, https:\/\/acapps.org\/web\/wp-content\/uploads\/2022\/11\/IMG_9093_LR-768x512.jpg 768w, https:\/\/acapps.org\/web\/wp-content\/uploads\/2022\/11\/IMG_9093_LR-1536x1024.jpg 1536w, https:\/\/acapps.org\/web\/wp-content\/uploads\/2022\/11\/IMG_9093_LR.jpg 2000w\" sizes=\"(max-width: 1024px) 100vw, 1024px\" \/><\/figure><\/li><li class=\"blocks-gallery-item\"><figure><img loading=\"lazy\" decoding=\"async\" width=\"1024\" height=\"682\" src=\"https:\/\/acapps.org\/web\/wp-content\/uploads\/2022\/11\/IMG_9092_LR-1024x682.jpg\" alt=\"\" data-id=\"12670\" data-full-url=\"https:\/\/acapps.org\/web\/wp-content\/uploads\/2022\/11\/IMG_9092_LR.jpg\" data-link=\"https:\/\/acapps.org\/web\/2022\/11\/30\/11143-2\/img_9092_lr\/\" class=\"wp-image-12670\" srcset=\"https:\/\/acapps.org\/web\/wp-content\/uploads\/2022\/11\/IMG_9092_LR-1024x682.jpg 1024w, https:\/\/acapps.org\/web\/wp-content\/uploads\/2022\/11\/IMG_9092_LR-300x200.jpg 300w, https:\/\/acapps.org\/web\/wp-content\/uploads\/2022\/11\/IMG_9092_LR-768x512.jpg 768w, https:\/\/acapps.org\/web\/wp-content\/uploads\/2022\/11\/IMG_9092_LR-1536x1024.jpg 1536w, https:\/\/acapps.org\/web\/wp-content\/uploads\/2022\/11\/IMG_9092_LR.jpg 2000w\" sizes=\"(max-width: 1024px) 100vw, 1024px\" \/><\/figure><\/li><\/ul><figcaption class=\"blocks-gallery-caption\">Acte d&#8217;inauguraci\u00f3 #26AnysJornadesACAPPS. D&#8217;esquerra a dreta, Merc\u00e8 Batlle, presidenta del COCARMI; Raimon Jan\u00e9, president de la Federaci\u00f3 ACAPPS i Llu\u00eds Torrens, secretari d&#8217;Afers Socials i Fam\u00edlies.<\/figcaption><\/figure>\n\n\n\n<div style=\"height:20px\" aria-hidden=\"true\" class=\"wp-block-spacer\"><\/div>\n\n\n\n<p>En la seva intervenci\u00f3,<strong> Raimon Jan\u00e9, president de la Federaci\u00f3 ACAPPS<\/strong>, va destacar els 30 anys de moviment de l&#8217;associaci\u00f3 ACAPPS i va presentar els continguts del programa: la limitada cobertura sanit\u00e0ria dels audi\u00f2fons i implants coclears, que encara no s\u00f3n pr`\u00f2tesis reconegudes com a dret universal; l&#8217;estat actual i el desplegament d&#8217;un sistema inclusiu a l&#8217;alumnat amb sordesa i l&#8217;acc\u00e9s a l&#8217;\u00e0mbit cultural perqu\u00e8 les persones amb sordesa puguin ser part del p\u00fablic sense exclusi\u00f3.<\/p>\n\n\n\n<p>Tamb\u00e9 ens va acompanyar, en l\u00ednia,<strong> Jos\u00e9 Luis Aedo, president de la Confederaci\u00f3n FIAPAS<\/strong>. Aedo tamb\u00e9 va destacar l&#8217;accesibilitat com a &#8220;\u00e9s condici\u00f3 pr\u00e8via i necess\u00e0ria per garantir la inclusi\u00f3 de les persones amb sordesa que tenen dret a accedir a la informaci\u00f3 en salut, educaci\u00f3, social&#8221;. <\/p>\n\n\n\n<p><strong>Merc\u00e8 Batlle, presidenta del COCARMI, <\/strong>va transmetre la seva felicitaci\u00f3 pels  30 anys d&#8217;ACAPPS i ens va encoratjar a continuar treballant per recon\u00e8ixer les persones amb discapacitat com a ciutadans de ple dret. <\/p>\n\n\n\n<p>&#8220;No ens podem permetre deixar ning\u00fa enrere, hem d&#8217;acompanyar les persones i que tothom pugui participar socialment amb autonomia&#8221;, va ser el missatge de <strong>Llu\u00eds Torrens, secretari d&#8217;Afers Socials i Fam\u00edlies<\/strong>, que va subratllar el comprom\u00eds del govern de tenir el Codi d&#8217;Accessibilitat en breu aix\u00ed com en millorar el suport a les entitats socials.<\/p>\n\n\n\n<div style=\"height:33px\" aria-hidden=\"true\" class=\"wp-block-spacer\"><\/div>\n\n\n\n<p style=\"color:#3ca5ba;font-size:28px\" class=\"has-text-color\">Defensem <strong>drets<\/strong><\/p>\n\n\n\n<figure class=\"wp-block-image size-large\"><img loading=\"lazy\" decoding=\"async\" width=\"1024\" height=\"682\" src=\"https:\/\/acapps.org\/web\/wp-content\/uploads\/2022\/11\/IMG_9181_LR-1-1024x682.jpg\" alt=\"\" class=\"wp-image-12671\" srcset=\"https:\/\/acapps.org\/web\/wp-content\/uploads\/2022\/11\/IMG_9181_LR-1-1024x682.jpg 1024w, https:\/\/acapps.org\/web\/wp-content\/uploads\/2022\/11\/IMG_9181_LR-1-300x200.jpg 300w, https:\/\/acapps.org\/web\/wp-content\/uploads\/2022\/11\/IMG_9181_LR-1-768x512.jpg 768w, https:\/\/acapps.org\/web\/wp-content\/uploads\/2022\/11\/IMG_9181_LR-1-1536x1024.jpg 1536w, https:\/\/acapps.org\/web\/wp-content\/uploads\/2022\/11\/IMG_9181_LR-1.jpg 2000w\" sizes=\"(max-width: 1024px) 100vw, 1024px\" \/><\/figure>\n\n\n\n<p><strong>Els audi\u00f2fons i els implants coclears com a dret universal de les persones amb sordesa<\/strong>. Raimon Jan\u00e9, president de la Federaci\u00f3 ACAPPS.<\/p>\n\n\n\n<p>Per les persones amb sordesa i tamb\u00e9 per les que han perdut audici\u00f3 (per l\u2019edat, un medicament o una malaltia), els audi\u00f2fons i els implants coclears s\u00f3n pr\u00f2tesis vitals per poder sentir-hi. La cobertura dels audi\u00f2fons en la cartera de serveis del Sistema Nacional de la Salut quedar\u00e0 limitada, el 2023, als 26 anys malgrat que la sordesa seguir\u00e0 sent-hi. Pel que fa als implants coclears, a Catalunya, nom\u00e9s els infants amb sordesa tenen cobert el segon implant coclear. Les persones adultes amb sordesa no tenen encara reconegut aquest dret amb car\u00e0cter universal. <strong>&#8220;Els audi\u00f2fons es finan\u00e7aran, per ordre ministerial de Sanidad, fins als 26 anys i \u00e9s incomprensible. No hi ha cap altra pr\u00f2tesis en qu\u00e8 passi aix\u00f2. La sordesa no desapareix als 26 anys i cal continuar portant audi\u00f2fons&#8221;, <\/strong>va remarcar Jan\u00e9.<\/p>\n\n\n\n<p>Tamb\u00e9 \u00e9s una font de preocupaci\u00f3 per a moltes fam\u00edlies i persones amb sordesa el manteniment dels implants coclears, les reparacions i la renovaci\u00f3 dels component externs ja que, en tractar-se d\u2019una tecnologia tan precisa, el seu cost \u00e9s elevat i, les ajudes, insuficients. En aquest sentit, Jan\u00e9 va exigir que es compleixi i s&#8217;apliqui la normativa que hi ha. &#8220;Es cobreix el segon implant coclear en infants, ara<strong> cal avan\u00e7ar en la cobertura per a les persones amb <a href=\"https:\/\/twitter.com\/hashtag\/sordesa?src=hashtag_click\">#sordesa<\/a> adultes.<\/strong> \u00c9s a dir, en l&#8217;accessibilitat universal de les pr\u00f2tesis auditives&#8221;, va reinvindicar Raimon Jan\u00e9 com a president de la Federaci\u00f3 ACAPPS i en representaci\u00f3 de les fam\u00edlies i persones amb sordesa.<\/p>\n\n\n\n<div style=\"height:20px\" aria-hidden=\"true\" class=\"wp-block-spacer\"><\/div>\n\n\n\n<figure class=\"wp-block-gallery columns-3 is-cropped wp-block-gallery-3 is-layout-flex wp-block-gallery-is-layout-flex\"><ul class=\"blocks-gallery-grid\"><li class=\"blocks-gallery-item\"><figure><img loading=\"lazy\" decoding=\"async\" width=\"1024\" height=\"682\" src=\"https:\/\/acapps.org\/web\/wp-content\/uploads\/2022\/11\/IMG_9215_LR-2-1024x682.jpg\" alt=\"\" data-id=\"12673\" data-full-url=\"https:\/\/acapps.org\/web\/wp-content\/uploads\/2022\/11\/IMG_9215_LR-2.jpg\" data-link=\"https:\/\/acapps.org\/web\/2022\/11\/30\/11143-2\/img_9215_lr-2\/\" class=\"wp-image-12673\" srcset=\"https:\/\/acapps.org\/web\/wp-content\/uploads\/2022\/11\/IMG_9215_LR-2-1024x682.jpg 1024w, https:\/\/acapps.org\/web\/wp-content\/uploads\/2022\/11\/IMG_9215_LR-2-300x200.jpg 300w, https:\/\/acapps.org\/web\/wp-content\/uploads\/2022\/11\/IMG_9215_LR-2-768x512.jpg 768w, https:\/\/acapps.org\/web\/wp-content\/uploads\/2022\/11\/IMG_9215_LR-2-1536x1024.jpg 1536w, https:\/\/acapps.org\/web\/wp-content\/uploads\/2022\/11\/IMG_9215_LR-2.jpg 2000w\" sizes=\"(max-width: 1024px) 100vw, 1024px\" \/><\/figure><\/li><li class=\"blocks-gallery-item\"><figure><img loading=\"lazy\" decoding=\"async\" width=\"1024\" height=\"682\" src=\"https:\/\/acapps.org\/web\/wp-content\/uploads\/2022\/11\/IMG_9223_LR-1-1024x682.jpg\" alt=\"\" data-id=\"12674\" data-full-url=\"https:\/\/acapps.org\/web\/wp-content\/uploads\/2022\/11\/IMG_9223_LR-1.jpg\" data-link=\"https:\/\/acapps.org\/web\/2022\/11\/30\/11143-2\/img_9223_lr-1\/\" class=\"wp-image-12674\" srcset=\"https:\/\/acapps.org\/web\/wp-content\/uploads\/2022\/11\/IMG_9223_LR-1-1024x682.jpg 1024w, https:\/\/acapps.org\/web\/wp-content\/uploads\/2022\/11\/IMG_9223_LR-1-300x200.jpg 300w, https:\/\/acapps.org\/web\/wp-content\/uploads\/2022\/11\/IMG_9223_LR-1-768x512.jpg 768w, https:\/\/acapps.org\/web\/wp-content\/uploads\/2022\/11\/IMG_9223_LR-1-1536x1024.jpg 1536w, https:\/\/acapps.org\/web\/wp-content\/uploads\/2022\/11\/IMG_9223_LR-1.jpg 2000w\" sizes=\"(max-width: 1024px) 100vw, 1024px\" \/><\/figure><\/li><li class=\"blocks-gallery-item\"><figure><img loading=\"lazy\" decoding=\"async\" width=\"1024\" height=\"682\" src=\"https:\/\/acapps.org\/web\/wp-content\/uploads\/2022\/11\/IMG_9235_LR-1-1024x682.jpg\" alt=\"\" data-id=\"12675\" data-full-url=\"https:\/\/acapps.org\/web\/wp-content\/uploads\/2022\/11\/IMG_9235_LR-1.jpg\" data-link=\"https:\/\/acapps.org\/web\/2022\/11\/30\/11143-2\/img_9235_lr-1\/\" class=\"wp-image-12675\" srcset=\"https:\/\/acapps.org\/web\/wp-content\/uploads\/2022\/11\/IMG_9235_LR-1-1024x682.jpg 1024w, https:\/\/acapps.org\/web\/wp-content\/uploads\/2022\/11\/IMG_9235_LR-1-300x200.jpg 300w, https:\/\/acapps.org\/web\/wp-content\/uploads\/2022\/11\/IMG_9235_LR-1-768x512.jpg 768w, https:\/\/acapps.org\/web\/wp-content\/uploads\/2022\/11\/IMG_9235_LR-1-1536x1024.jpg 1536w, https:\/\/acapps.org\/web\/wp-content\/uploads\/2022\/11\/IMG_9235_LR-1.jpg 2000w\" sizes=\"(max-width: 1024px) 100vw, 1024px\" \/><\/figure><\/li><li class=\"blocks-gallery-item\"><figure><img loading=\"lazy\" decoding=\"async\" width=\"1024\" height=\"682\" src=\"https:\/\/acapps.org\/web\/wp-content\/uploads\/2022\/11\/IMG_9265_LR-1-1024x682.jpg\" alt=\"\" data-id=\"12676\" data-full-url=\"https:\/\/acapps.org\/web\/wp-content\/uploads\/2022\/11\/IMG_9265_LR-1.jpg\" data-link=\"https:\/\/acapps.org\/web\/2022\/11\/30\/11143-2\/img_9265_lr-1\/\" class=\"wp-image-12676\" srcset=\"https:\/\/acapps.org\/web\/wp-content\/uploads\/2022\/11\/IMG_9265_LR-1-1024x682.jpg 1024w, https:\/\/acapps.org\/web\/wp-content\/uploads\/2022\/11\/IMG_9265_LR-1-300x200.jpg 300w, https:\/\/acapps.org\/web\/wp-content\/uploads\/2022\/11\/IMG_9265_LR-1-768x512.jpg 768w, https:\/\/acapps.org\/web\/wp-content\/uploads\/2022\/11\/IMG_9265_LR-1-1536x1024.jpg 1536w, https:\/\/acapps.org\/web\/wp-content\/uploads\/2022\/11\/IMG_9265_LR-1.jpg 2000w\" sizes=\"(max-width: 1024px) 100vw, 1024px\" \/><\/figure><\/li><\/ul><figcaption class=\"blocks-gallery-caption\">A la taula van intervenir la Sra. Carme Bertral, secret\u00e0ria d&#8217;Atenci\u00f3 Sanit\u00e0ria i Participaci\u00f3 del departament de Salut; la sra. Maria Mo\u00f1ino, vicepresidenta d&#8217;ACAPPS i Miquel \u00c0ngel Viciana, cap del Servei d&#8217;Atenci\u00f3 a l&#8217;Usuari de l&#8217;Hospital de la Santa Creu i Santa Pau.<\/figcaption><\/figure>\n\n\n\n<p><strong>La urg\u00e8ncia de l&#8217;accessibilitat comunicativa en els centres de salut per a la privacitat i l&#8217;autonomia de les persones amb sordesa.<\/strong><\/p>\n\n\n\n<p>Recentment, vam publicar i presentar l\u2019Informe d\u2019ACAPPS 2022, on queda pal\u00e8s que l\u2019accessibilitat en l\u2019\u00e0mbit sanitari \u00e9s una de les necessitats priorit\u00e0ries de les persones amb sordesa per poder garantir la seva autonomia i privacitat.&nbsp;Mesures alternatives a la megafonia amb pantalles de text com les que s\u2019han instal\u00b7lat a l\u2019Hospital de Sant Pau s\u00f3n mesures accessibles al nostre col\u00b7lectiu que cal integrar, entre altres solucions, en el sistema sanitari catal\u00e0 amb car\u00e0cter universal.<\/p>\n\n\n\n<p>Per parlar-ne&#8217;n vam comptar amb una taula amb Maria Mo\u00f1ino, vicepresidenta d&#8217;ACAPPS, Miquel \u00c0ngel Viciana, cap del Servei d&#8217;Atenci\u00f3 a l&#8217;Usuari de l&#8217;Hospital de Santa Creu i Santa Pau i Carme Bertral, secret\u00e0ria d&#8217;atenci\u00f3 Sanit\u00e0ria i Participaci\u00b4\u00b4o del departament de Salut.<\/p>\n\n\n\n<p>Despr\u00e9s de veure el colpidor cas de discriminaci\u00f3 en l&#8217;\u00e0mbit de la salut de l&#8217;Ariadna Cardel\u00fas, <strong>la vicepresidenta d&#8217;ACAPPS, Maria Mo\u00f1ino,<\/strong> va iniciar el debat transmetent la perspectiva de la persona amb sordesa usu\u00e0ria dels serveis sanitaris. En aquest sentit, va transmetre als ponents de la taula els seg\u00fcents punts:<\/p>\n\n\n\n<ul><li><strong>La urg\u00e8ncia que a la fitxa m\u00e8dica consti que el\/la pacient t\u00e9 sordesa i com es comunica<\/strong> perqu\u00e8 tot el personal tingui present que s&#8217;hi hauran de posar en contacte per missatgeria o per correu electr\u00f2nic per\u00f2 en cap cas per tel\u00e8fon (moltes persones amb sordesa, malgrat les pr\u00f2tesis auditives, no poden sentir-hi b\u00e9 en una trucada telef\u00f2nica). <\/li><li><strong>L&#8217;atenci\u00f3 i l&#8217;acc\u00e9s total a la informaci\u00f3 al\/la pacient amb sordesa. <\/strong>Cal no oblidar que, degut a l&#8217;\u00fas de mascaretes que no s\u00f3n accessibles, la persona amb sordesa no pot llegir els llavis, un suport que els permet entendre all\u00f2 que es diu. Per aix\u00f2 cal potenciar m\u00e9s que mai altres suports a la comunicaci\u00f3, com els bucles magn\u00e8tics als mostradors i emissores FM a les consultes. Aquestes ajudes milloren molt el so que els arriba al seu audi\u00f2fon i implant coclear.<\/li><li><strong>Empatia, actitud i coneixement. <\/strong>Cal que tot el persones que at\u00e9n en un centre de salut tingui formaci\u00f3 sobre com comunicar-se amb una persones amb sordesa. Amb sensibilitzaci\u00f3 i accessibilitat, la inclusi\u00f3 a la salut \u00e9s possible, garantint l&#8217;autonomia i la privacitat de la persona amb sordesa.<\/li><\/ul>\n\n\n\n<p>Vam convidar tamb\u00e9 a l&#8217;<strong>Hospital de Santa Creu i Sant Pau <\/strong>per con\u00e8ixer les mesures que estan aplicant per atendre les persones amb sordesa. <strong>Miquel \u00c0ngel Viciana, el cap del Servei d&#8217;Atenci\u00f3 a l&#8217;Usuari<\/strong>, va explicar que actualment tenen instal\u00b7lat el bucle magn\u00e8tic a recepci\u00f3 d&#8217;urg\u00e8ncies i tamb\u00e9  pantalles de text per avisar els torns de visita. <\/p>\n\n\n\n<p>&#8220;Hem d&#8217;escoltar m\u00e9s l&#8217;experi\u00e8ncia de les persones usu\u00e0ries, <strong>cocrear amb les entitats del col.lectiu per a una atenci\u00f3 m\u00e8dica sense barreres <\/strong>i amb autonomia personal. S\u00f3n objectius del pla estrat\u00e8gic de <a href=\"https:\/\/twitter.com\/HospitalSantPau\">@HospitalSantPau<\/a> perqu\u00e8 volem pacients aut\u00f2noms&#8221;, va subratllar Viciana.<\/p>\n\n\n\n<p>Finalment, va cloure la sessi\u00f3 Carme Bertral, secret\u00e0ria d&#8217;Atenci\u00f3 Sanit\u00e0ria i Participaci\u00f3 del departament de Salut, que va assegurar que des del departament de Salut han de vetllar per una equitat de les persones i tamb\u00e9 territorial. Ens cal una bona dosis d&#8217;humanisme i d&#8217;empatia&#8221;. Tamb\u00e9 va recollir totes les necessitats en accessibilitat que vam transmetre tant a la taula com les persones amb sordesa i fam\u00edlies assistents i es va comprometre a  &#8220;impulsar la participaci\u00f3 i empoderar-les per trobar solucions&#8221;.<\/p>\n\n\n\n<p style=\"color:#3ca5ba;font-size:23px\" class=\"has-text-color\"><strong>EDUCACI\u00d3 <\/strong>I LLENGUATGE ORAL<\/p>\n\n\n\n<p><strong>Un sistema educatiu inclusiu \u00e9s possible. La inversi\u00f3 i la dotaci\u00f3 de recursos \u00e9s imprescindible. <\/strong><\/p>\n\n\n\n<p>Amb les veus i les experi\u00e8ncies d\u2019en Marc, de la Carina i el Diego, que van explicar i compartir la seva experi\u00e8ncia com a estudiant i com a pares d\u2019una alumna amb sordesa, vam obrir la taula dedicada al sistema educatiu inclusiu. <strong>Un tema d&#8217;actualitat per al nostre col\u00b7lectiu: despr\u00e9s dels cinc anys del decret, aquesta posada en marxa de la Taula de Participaci\u00f3 per a un Sistema Educatiu Inclusiu, on des d\u2019ACAPPS en formem part, per analitzar, valorar i redre\u00e7ar les mesures que siguin convenients per garantir la inclusi\u00f3 de tot l\u2019alumnat amb discapacitat.<\/strong><\/p>\n\n\n\n<p><strong>\u00c0ngels Videla, presidenta d&#8217;ACAPPS i mare d&#8217;un jove amb sordesa<\/strong>, va ressaltar que les fam\u00edlies representades per la nostra associaci\u00f3 han escolaritzat, lliurement i com a dret reconegut, els seus fills en la modalitat educativa oral. Alumnes usuaris d\u2019audi\u00f2fons i implants coclears que es comuniquen en llengua oral per\u00f2 que tamb\u00e9 necessiten suports per poder seguir efica\u00e7ment tots els continguts, com els bucles magn\u00e8tics, les emissores FM i la subtitulaci\u00f3 dels materials audiovisuals.<\/p>\n\n\n\n<figure class=\"wp-block-gallery columns-3 is-cropped wp-block-gallery-4 is-layout-flex wp-block-gallery-is-layout-flex\"><ul class=\"blocks-gallery-grid\"><li class=\"blocks-gallery-item\"><figure><img loading=\"lazy\" decoding=\"async\" width=\"1024\" height=\"682\" src=\"https:\/\/acapps.org\/web\/wp-content\/uploads\/2022\/11\/IMG_9428_LR-1024x682.jpg\" alt=\"\" data-id=\"12631\" data-full-url=\"https:\/\/acapps.org\/web\/wp-content\/uploads\/2022\/11\/IMG_9428_LR.jpg\" data-link=\"https:\/\/acapps.org\/web\/img_9428_lr\/\" class=\"wp-image-12631\" srcset=\"https:\/\/acapps.org\/web\/wp-content\/uploads\/2022\/11\/IMG_9428_LR-1024x682.jpg 1024w, https:\/\/acapps.org\/web\/wp-content\/uploads\/2022\/11\/IMG_9428_LR-300x200.jpg 300w, https:\/\/acapps.org\/web\/wp-content\/uploads\/2022\/11\/IMG_9428_LR-768x512.jpg 768w, https:\/\/acapps.org\/web\/wp-content\/uploads\/2022\/11\/IMG_9428_LR-1536x1024.jpg 1536w, https:\/\/acapps.org\/web\/wp-content\/uploads\/2022\/11\/IMG_9428_LR.jpg 2000w\" sizes=\"(max-width: 1024px) 100vw, 1024px\" \/><\/figure><\/li><li class=\"blocks-gallery-item\"><figure><img loading=\"lazy\" decoding=\"async\" width=\"1024\" height=\"682\" src=\"https:\/\/acapps.org\/web\/wp-content\/uploads\/2022\/11\/IMG_9461_LR-1024x682.jpg\" alt=\"\" data-id=\"12632\" data-full-url=\"https:\/\/acapps.org\/web\/wp-content\/uploads\/2022\/11\/IMG_9461_LR.jpg\" data-link=\"https:\/\/acapps.org\/web\/img_9461_lr\/\" class=\"wp-image-12632\" srcset=\"https:\/\/acapps.org\/web\/wp-content\/uploads\/2022\/11\/IMG_9461_LR-1024x682.jpg 1024w, https:\/\/acapps.org\/web\/wp-content\/uploads\/2022\/11\/IMG_9461_LR-300x200.jpg 300w, https:\/\/acapps.org\/web\/wp-content\/uploads\/2022\/11\/IMG_9461_LR-768x512.jpg 768w, https:\/\/acapps.org\/web\/wp-content\/uploads\/2022\/11\/IMG_9461_LR-1536x1024.jpg 1536w, https:\/\/acapps.org\/web\/wp-content\/uploads\/2022\/11\/IMG_9461_LR.jpg 2000w\" sizes=\"(max-width: 1024px) 100vw, 1024px\" \/><\/figure><\/li><li class=\"blocks-gallery-item\"><figure><img loading=\"lazy\" decoding=\"async\" width=\"1024\" height=\"682\" src=\"https:\/\/acapps.org\/web\/wp-content\/uploads\/2022\/11\/IMG_9470_LR-1024x682.jpg\" alt=\"\" data-id=\"12633\" data-full-url=\"https:\/\/acapps.org\/web\/wp-content\/uploads\/2022\/11\/IMG_9470_LR.jpg\" data-link=\"https:\/\/acapps.org\/web\/img_9470_lr\/\" class=\"wp-image-12633\" srcset=\"https:\/\/acapps.org\/web\/wp-content\/uploads\/2022\/11\/IMG_9470_LR-1024x682.jpg 1024w, https:\/\/acapps.org\/web\/wp-content\/uploads\/2022\/11\/IMG_9470_LR-300x200.jpg 300w, https:\/\/acapps.org\/web\/wp-content\/uploads\/2022\/11\/IMG_9470_LR-768x512.jpg 768w, https:\/\/acapps.org\/web\/wp-content\/uploads\/2022\/11\/IMG_9470_LR-1536x1024.jpg 1536w, https:\/\/acapps.org\/web\/wp-content\/uploads\/2022\/11\/IMG_9470_LR.jpg 2000w\" sizes=\"(max-width: 1024px) 100vw, 1024px\" \/><\/figure><\/li><li class=\"blocks-gallery-item\"><figure><img loading=\"lazy\" decoding=\"async\" width=\"1024\" height=\"682\" src=\"https:\/\/acapps.org\/web\/wp-content\/uploads\/2022\/11\/IMG_9494_LR-1024x682.jpg\" alt=\"\" data-id=\"12634\" data-full-url=\"https:\/\/acapps.org\/web\/wp-content\/uploads\/2022\/11\/IMG_9494_LR.jpg\" data-link=\"https:\/\/acapps.org\/web\/img_9494_lr\/\" class=\"wp-image-12634\" srcset=\"https:\/\/acapps.org\/web\/wp-content\/uploads\/2022\/11\/IMG_9494_LR-1024x682.jpg 1024w, https:\/\/acapps.org\/web\/wp-content\/uploads\/2022\/11\/IMG_9494_LR-300x200.jpg 300w, https:\/\/acapps.org\/web\/wp-content\/uploads\/2022\/11\/IMG_9494_LR-768x512.jpg 768w, https:\/\/acapps.org\/web\/wp-content\/uploads\/2022\/11\/IMG_9494_LR-1536x1024.jpg 1536w, https:\/\/acapps.org\/web\/wp-content\/uploads\/2022\/11\/IMG_9494_LR.jpg 2000w\" sizes=\"(max-width: 1024px) 100vw, 1024px\" \/><\/figure><\/li><\/ul><figcaption class=\"blocks-gallery-caption\">A la taula d&#8217;educaci\u00f3 van participar \u00c0ngels Videla, presidenta d&#8217;ACAPPS; N\u00faria Sadurn\u00ed i Fina Colom\u00e9s, directora i logopeda del CREDA Baix Llobregat; Carla Badia, SIAL de l&#8217;escola l&#8217;Areny i Laia Asso, directora general d&#8217;Educaci\u00f3 Inclusiva. <\/figcaption><\/figure>\n\n\n\n<div style=\"height:20px\" aria-hidden=\"true\" class=\"wp-block-spacer\"><\/div>\n\n\n\n<p><strong>Tamb\u00e9 ens van acompanyar a la taula N\u00faria Sadurn\u00ed i Fina Colom\u00e9s, directora i logopeda del CREDA Baix Llobregat i Carla Badia, SIAL de l&#8217;escola Areny.  <\/strong>Des del CREDA van insistir en qu\u00e8 el sistema educatiu ha d&#8217;assegurar l&#8217;acc\u00e9s als continguts a l&#8217;alumnat amb sordesa i en la necessitat de formaci\u00f3 de la comunitat educativa per entendre la sordesa&#8221;. Des de l&#8217;escola l&#8217;Areny, d&#8217;agrupament d&#8217;alumnat amb sordesa, van explicar les mesures preses per eliminar barreres a l&#8217;escola acondicionant ac\u00fasticament els espais a l&#8217;alumnat amb sordesa i amb la propera instal.laci\u00f3 un bucle magn\u00e8tic perqu\u00e8 el so els arribi b\u00e9 a l&#8217;audi\u00f2fon i implant coclear i el treball en grups redu\u00efts&#8221;.&#8221;Estimulem el llenguatge i la parla, la consci\u00e8ncia fonol\u00f2gica i suport amb el SIAL i logopedes del CREDA per a l&#8217;alumnat amb sordesa.<\/p>\n\n\n\n<p>Va tancar la taula la <strong>directora general d&#8217;Educaci\u00f3 Inclusiva, Laia Asso,<\/strong> assegurant que &#8220;\u00e9s possible i que estem fent per una educaci\u00f3 inclusiva&#8221;. En aquest sentit, Asso va recon\u00e8ixer que el marc normatiu no \u00e9s suficient i que cal abocar-hi recursos.  &#8220;Necessitem implicaci\u00f3 i canvi cap a la cultura inclusiva. La inclusi\u00f3 passa per adaptar el context a tot l&#8217;alumnat. Tots hi estem implicats, l&#8217;administraci\u00f3 coordinada, les fam\u00edlies amb fills\/\u00e9s amb discapacitat i tota la comunitat docent&#8221;, va explicar Laia Asso.<\/p>\n\n\n\n<p style=\"color:#3ca5ba;font-size:24px\" class=\"has-text-color\"><strong>CULTURA ACCESSIBLE<\/strong><\/p>\n\n\n\n<p><strong>Les persones amb sordesa i tamb\u00e9 per les que hem perdut audici\u00f3, volem continuar vivint i gaudint de la cultura. <\/strong>Fer-ho possible \u00e9s senyal d\u2019una societat avan\u00e7ada i inclusiva. Des d\u2019ACAPPS, i en resposta a les necessitats de les persones amb sordesa que es comuniquen en llengua oral, estem impulsant i donant suport a les iniciatives culturals accessibles al col\u00b7lectiu: equipaments i espectacles inclusius amb el bucle magn\u00e8tic, les emissores Fm i la subtitulaci\u00f3 en directe i d\u2019audiovisuals.<\/p>\n\n\n\n<p>L\u2019acc\u00e9s a la cultura ha estat una prioritat del departament, i n\u2019ha estat exemple la instal\u00b7laci\u00f3 aquest any de vint-i-vuit bucles magn\u00e8tics a museus i monuments de Catalunya. D\u2019aquesta iniciativa i d\u2019altres, com el Programa Apropa Cultura i de l\u2019Auditori de Barcelona com a exemple de bones pr\u00e0ctiques, en vam parlar a les Jornades. Sr. Dami\u00e0 Mart\u00ednez, cap de l\u2019\u00c0rea de Programes P\u00fablics del departament de Cultura; la sra. Claudia Torner, coordinadora del programa Apropa Cultura, el sr. Llu\u00eds Torralbo, referent del servei educatiu i d\u2019accessibilitat de l\u2019Auditori de Barcelona i el sr. David Pruj\u00e0, coordinador t\u00e8cnic de la Federaci\u00f3 ACAPPS.<\/p>\n\n\n\n<figure class=\"wp-block-gallery columns-3 is-cropped wp-block-gallery-5 is-layout-flex wp-block-gallery-is-layout-flex\"><ul class=\"blocks-gallery-grid\"><li class=\"blocks-gallery-item\"><figure><img loading=\"lazy\" decoding=\"async\" width=\"1024\" height=\"682\" src=\"https:\/\/acapps.org\/web\/wp-content\/uploads\/2022\/12\/IMG_9541_LR-1-1024x682.jpg\" alt=\"\" data-id=\"12694\" data-link=\"https:\/\/acapps.org\/web\/2022\/11\/30\/11143-2\/img_9541_lr-1\/\" class=\"wp-image-12694\" srcset=\"https:\/\/acapps.org\/web\/wp-content\/uploads\/2022\/12\/IMG_9541_LR-1-1024x682.jpg 1024w, https:\/\/acapps.org\/web\/wp-content\/uploads\/2022\/12\/IMG_9541_LR-1-300x200.jpg 300w, https:\/\/acapps.org\/web\/wp-content\/uploads\/2022\/12\/IMG_9541_LR-1-768x512.jpg 768w, https:\/\/acapps.org\/web\/wp-content\/uploads\/2022\/12\/IMG_9541_LR-1-1536x1024.jpg 1536w, https:\/\/acapps.org\/web\/wp-content\/uploads\/2022\/12\/IMG_9541_LR-1.jpg 2000w\" sizes=\"(max-width: 1024px) 100vw, 1024px\" \/><\/figure><\/li><li class=\"blocks-gallery-item\"><figure><img loading=\"lazy\" decoding=\"async\" width=\"1024\" height=\"682\" src=\"https:\/\/acapps.org\/web\/wp-content\/uploads\/2022\/12\/IMG_9574_LR-1024x682.jpg\" alt=\"\" data-id=\"12695\" data-link=\"https:\/\/acapps.org\/web\/2022\/11\/30\/11143-2\/img_9574_lr-2\/\" class=\"wp-image-12695\" srcset=\"https:\/\/acapps.org\/web\/wp-content\/uploads\/2022\/12\/IMG_9574_LR-1024x682.jpg 1024w, https:\/\/acapps.org\/web\/wp-content\/uploads\/2022\/12\/IMG_9574_LR-300x200.jpg 300w, https:\/\/acapps.org\/web\/wp-content\/uploads\/2022\/12\/IMG_9574_LR-768x512.jpg 768w, https:\/\/acapps.org\/web\/wp-content\/uploads\/2022\/12\/IMG_9574_LR-1536x1024.jpg 1536w, https:\/\/acapps.org\/web\/wp-content\/uploads\/2022\/12\/IMG_9574_LR.jpg 2000w\" sizes=\"(max-width: 1024px) 100vw, 1024px\" \/><\/figure><\/li><li class=\"blocks-gallery-item\"><figure><img loading=\"lazy\" decoding=\"async\" width=\"1024\" height=\"682\" src=\"https:\/\/acapps.org\/web\/wp-content\/uploads\/2022\/12\/IMG_9585_LR-1024x682.jpg\" alt=\"\" data-id=\"12696\" data-link=\"https:\/\/acapps.org\/web\/2022\/11\/30\/11143-2\/img_9585_lr-2\/\" class=\"wp-image-12696\" srcset=\"https:\/\/acapps.org\/web\/wp-content\/uploads\/2022\/12\/IMG_9585_LR-1024x682.jpg 1024w, https:\/\/acapps.org\/web\/wp-content\/uploads\/2022\/12\/IMG_9585_LR-300x200.jpg 300w, https:\/\/acapps.org\/web\/wp-content\/uploads\/2022\/12\/IMG_9585_LR-768x512.jpg 768w, https:\/\/acapps.org\/web\/wp-content\/uploads\/2022\/12\/IMG_9585_LR-1536x1024.jpg 1536w, https:\/\/acapps.org\/web\/wp-content\/uploads\/2022\/12\/IMG_9585_LR.jpg 2000w\" sizes=\"(max-width: 1024px) 100vw, 1024px\" \/><\/figure><\/li><li class=\"blocks-gallery-item\"><figure><img loading=\"lazy\" decoding=\"async\" width=\"1024\" height=\"682\" src=\"https:\/\/acapps.org\/web\/wp-content\/uploads\/2022\/12\/IMG_9604_LR-1024x682.jpg\" alt=\"\" data-id=\"12697\" data-full-url=\"https:\/\/acapps.org\/web\/wp-content\/uploads\/2022\/12\/IMG_9604_LR.jpg\" data-link=\"https:\/\/acapps.org\/web\/2022\/11\/30\/11143-2\/img_9604_lr-2\/\" class=\"wp-image-12697\" srcset=\"https:\/\/acapps.org\/web\/wp-content\/uploads\/2022\/12\/IMG_9604_LR-1024x682.jpg 1024w, https:\/\/acapps.org\/web\/wp-content\/uploads\/2022\/12\/IMG_9604_LR-300x200.jpg 300w, https:\/\/acapps.org\/web\/wp-content\/uploads\/2022\/12\/IMG_9604_LR-768x512.jpg 768w, https:\/\/acapps.org\/web\/wp-content\/uploads\/2022\/12\/IMG_9604_LR-1536x1024.jpg 1536w, https:\/\/acapps.org\/web\/wp-content\/uploads\/2022\/12\/IMG_9604_LR.jpg 2000w\" sizes=\"(max-width: 1024px) 100vw, 1024px\" \/><\/figure><\/li><\/ul><figcaption class=\"blocks-gallery-caption\">Per ordre, el sr. David Pruj\u00e0, coordinador t\u00e8cnic de la Federaci\u00f3 ACAPPS; sra. Claudia Torner, coordinadora del programa Apropa Cultura; el sr. Llu\u00eds Torralbo, referent del servei educatiu i d\u2019accessibilitat de l\u2019Auditori de Barcelona i el sr. Dami\u00e0 Mart\u00ednez, cap de l\u2019\u00c0rea de Programes P\u00fablics del departament de Cultura.<br><\/figcaption><\/figure>\n\n\n\n<p><strong>David Pruj\u00e0<\/strong> va iniciar la taula traslladant la recerca i treball de 20 anys de la Federaci\u00f3 i 30 anys d&#8217;ACAPPS, un coneixement que ens permet concloure que l\u2019oferta cultural accessible a les persones amb sordesa que es comuniquen oralment \u00e9s escassa i poc distribuida en el territori; la subtitulaci\u00f3 \u00e9s una an\u00e8cdota de tan poc present com \u00e9s en l\u2019oferta cultural del pa\u00eds; no hi ha un seguiment efectiu en el funcionament de les mesures, com el bucle magn\u00e8tic, que estan instal\u00b7lats en un equipament i no es comunica efica\u00e7ment l&#8217;oferta cultural accessible.<\/p>\n\n\n\n<p>Per tot aix\u00f2, es de la Federaci\u00f3 venim treballant des de sempre, i darrerament hem estructurat la nostra acci\u00f3 per trenar una alian\u00e7a amb els equipaments culturals que ens permeti ajudar-los a millorar l\u2019accessibilitat de la seva oferta cultural. Tamb\u00e9 amb la creaci\u00f3 d&#8217;un nou espai web, l&#8217;AraCulturaAccessible, que ser\u00e0 un canal \u00edntegrament dedicat a promoure tota la oferta cultural accessible a les persones amb sordesa que es comuniquen en llengua oral.<\/p>\n\n\n\n<p><strong>Claudia Torner, coordinadora del Programa Apropa Cultura<\/strong> del qual en som entitat adherida i benefici\u00e0ria, va subratllar que des de l&#8217;Apropa s\u00f3n els &#8220;aliats de les associacions de persones amb discapacitat, amplifiquem el vostre missatge als teatres i als equipaments. I ens va encoratjar a seguir sent &#8220;reivindicatives per al dret a l&#8217;acc\u00e9s a la cultura&#8221;. <\/p>\n\n\n\n<p>Per la seva banda, <strong>Llu\u00eds Torralbo, referent a l&#8217;auditori de Barcelona de serveis educatius i accessibilitat, <\/strong>va destacar les darreres accions en accessibilitat per a persones amb sordesa que han empr\u00e8s perqu\u00e8 puguin gaudir de la m\u00fasica. A m\u00e9s dels bucles magn\u00e8tics i  emissores FM per a persones usu\u00e0ries   d&#8217;audi\u00f2fons i implants coclears, va anunciar que aquest any la Cant\u00e0nia estar\u00e0 subtitulada.<\/p>\n\n\n\n<p><strong>Dami\u00e0 Mart\u00ednez, cap de l&#8217;\u00c0rea de Programes P\u00fablics del departament de Cultura <\/strong>va explicar el comprom\u00eds del departament en l&#8217;acc\u00e9s a la cultura per a tothom i, des de l&#8217;area de patrimoni cultural va destacar la instal\u00b7laci\u00f3 de bucles magn\u00e8tics per a les persones amb sordesa a 29 equipaments i el visitmuseum amb recurs d&#8217;audioguia subtitulat.<\/p>\n\n\n\n<div style=\"height:20px\" aria-hidden=\"true\" class=\"wp-block-spacer\"><\/div>\n\n\n\n<p style=\"color:#3ca5ba;font-size:23px\" class=\"has-text-color\">AVEN\u00c7OS EN <strong>TECNOLOGIA<\/strong><\/p>\n\n\n\n<p>La primera sessi\u00f3 de la tarda la vam dedicar a con\u00e8ixer els darrers aven\u00e7os en tecnologia d&#8217;audi\u00f2fons i implants coclears.<\/p>\n\n\n\n<p>En aquest sentit vam comptar amb la presentaci\u00f3 de <strong>Deiby Aguirre, de Medel,<\/strong> que va explicar els nous aven\u00e7os de la companyia per facilitar una audici\u00f3 m\u00e9s natural. Des d<strong>&#8216;Audika, Aina Bast\u00fas responsable de l&#8217;\u00e0rea pedi\u00e0trica i Meritxell Torres, \u00e0rea maneger de Catalunya, Val\u00e8ncia i Arag\u00f3, v<\/strong>an explicar els serveis que ofereixen des dels seus centres.<\/p>\n\n\n\n<div style=\"height:20px\" aria-hidden=\"true\" class=\"wp-block-spacer\"><\/div>\n\n\n\n<figure class=\"wp-block-gallery columns-2 is-cropped wp-block-gallery-6 is-layout-flex wp-block-gallery-is-layout-flex\"><ul class=\"blocks-gallery-grid\"><li class=\"blocks-gallery-item\"><figure><img loading=\"lazy\" decoding=\"async\" width=\"1024\" height=\"682\" src=\"https:\/\/acapps.org\/web\/wp-content\/uploads\/2022\/12\/IMG_9632_LR-1024x682.jpg\" alt=\"\" data-id=\"12698\" data-link=\"https:\/\/acapps.org\/web\/2022\/11\/30\/11143-2\/img_9632_lr-2\/\" class=\"wp-image-12698\" srcset=\"https:\/\/acapps.org\/web\/wp-content\/uploads\/2022\/12\/IMG_9632_LR-1024x682.jpg 1024w, https:\/\/acapps.org\/web\/wp-content\/uploads\/2022\/12\/IMG_9632_LR-300x200.jpg 300w, https:\/\/acapps.org\/web\/wp-content\/uploads\/2022\/12\/IMG_9632_LR-768x512.jpg 768w, https:\/\/acapps.org\/web\/wp-content\/uploads\/2022\/12\/IMG_9632_LR-1536x1024.jpg 1536w, https:\/\/acapps.org\/web\/wp-content\/uploads\/2022\/12\/IMG_9632_LR.jpg 2000w\" sizes=\"(max-width: 1024px) 100vw, 1024px\" \/><\/figure><\/li><li class=\"blocks-gallery-item\"><figure><img loading=\"lazy\" decoding=\"async\" width=\"1024\" height=\"682\" src=\"https:\/\/acapps.org\/web\/wp-content\/uploads\/2022\/12\/IMG_9658_LR-1024x682.jpg\" alt=\"\" data-id=\"12699\" data-full-url=\"https:\/\/acapps.org\/web\/wp-content\/uploads\/2022\/12\/IMG_9658_LR.jpg\" data-link=\"https:\/\/acapps.org\/web\/2022\/11\/30\/11143-2\/img_9658_lr-2\/\" class=\"wp-image-12699\" srcset=\"https:\/\/acapps.org\/web\/wp-content\/uploads\/2022\/12\/IMG_9658_LR-1024x682.jpg 1024w, https:\/\/acapps.org\/web\/wp-content\/uploads\/2022\/12\/IMG_9658_LR-300x200.jpg 300w, https:\/\/acapps.org\/web\/wp-content\/uploads\/2022\/12\/IMG_9658_LR-768x512.jpg 768w, https:\/\/acapps.org\/web\/wp-content\/uploads\/2022\/12\/IMG_9658_LR-1536x1024.jpg 1536w, https:\/\/acapps.org\/web\/wp-content\/uploads\/2022\/12\/IMG_9658_LR.jpg 2000w\" sizes=\"(max-width: 1024px) 100vw, 1024px\" \/><\/figure><\/li><\/ul><\/figure>\n\n\n\n<div style=\"height:20px\" aria-hidden=\"true\" class=\"wp-block-spacer\"><\/div>\n\n\n\n<p style=\"color:#3ca5ba;font-size:22px\" class=\"has-text-color\"><strong>COMMEMORACI\u00d3 30 ANYS D&#8217;ACAPPS<\/strong><\/p>\n\n\n\n<p><em>Les jornades tamb\u00e9 van voler comptar amb un espai per dedicar i commemorar els 30 anys de l&#8217;associaci\u00f3 ACAPPS.<\/em><\/p>\n\n\n\n<p>Una entitat nascuda, impulsada i viva gr\u00e0cies a les fam\u00edlies amb fills i filles amb sordesa, les persones amb sordesa de naixement i les persones que han perdut audici\u00f3 i la tasca dels i les professionals. Persones s\u00f2cies, volunt\u00e0ries i persones activistes en defensa dels drets de prop del 98% de persones que es comuniquen en llengua oral.<\/p>\n\n\n\n<p>Per recordar els inicis, per parlar del moment present i del que volem ser i fer, ens van acompanyar la <strong>N\u00faria Ayala, l\u2019Esther Mayench, la Fanny Llorens, l\u2019Ana Trujillo, el Xavier Font i la Lola Montejo. <\/strong><\/p>\n\n\n\n<p><strong>Amb la N\u00faria Ayala, una de les mares pioneres de l&#8217;associaci\u00f3, i l&#8217;Esther Mayench, mare d&#8217;en Biel amb 8 anys,<\/strong> van poder parlar de la import\u00e0ncia de la detecci\u00f3 preco\u00e7 de la sordesa; tamb\u00e9 de l&#8217;\u00fas d&#8217;audi\u00f2fons i d&#8217;implants coclears, vitals tant per als infants com les persones amb sordesa i la urg\u00e8ncia de la seva accessibilitat universal per recon\u00e8ixer el dret a sentir-hi. Tamb\u00e9 el dret a escollir la modalitat comunicativa i educativa en llengua oral dels seus fills per a una vida aut\u00f2noma i el suport de l&#8217;associaci\u00f3 han estat claus per als seus fills\/es.<\/p>\n\n\n\n<p><strong>Tamb\u00e9 vam parlar amb la Fanny i l&#8217;Ana.<\/strong> La Fanny, que va anar patint diverses p\u00e8rdues auditives fins no sentir-hi en un moment crucial en la seva vida, amb la seva filla recent nascuda; el canvi de secret\u00e0ria de direcci\u00f3 a administrativa en l&#8217;\u00e0mbit laboral, s\u00f3n situacions sens dubte dures que nom\u00e9s gr\u00e0cies a la seva valentia i for\u00e7a no nom\u00e9s va tirar endavant sin\u00f3 que tamb\u00e9 es va implicar a ACAPPS per reivindicar els drets del col\u00b7lectiu. Tamb\u00e9 l&#8217;Ana, que fa poc m\u00e9s d&#8217;un any que va arribar de Venezuela amb p\u00e8rdua auditiva, ha hagut d&#8217;afrontar-se a noves situacions. Despr\u00e9s de con\u00e8ixer diverses entitats va trobar que ACAPPS &#8220;era el seu lloc&#8221; i amb la nostra associaci\u00f3 vol fer visible el col\u00b7lectiu. Elles van ser la veu de moltes altres persones que han perdut l&#8217;audici\u00f3, que voolen viure una vida normalitzada, que es comuniquen parlant per\u00f2 que, cal no oblidar, que tenen sordesa, que les pr\u00f2tesis auditives fan molt per\u00f2 no ho s\u00f3n tot i  necessiten mesures d&#8217;accessibilitat a la comunicaci\u00f3 per a la seva inclusi\u00f3.<\/p>\n\n\n\n<p><strong>I vam tancar el col\u00b7loqui amb la Lola Montejo, coordinadora de la Xarxa per a la Inclusi\u00f3 Laboral de l&#8217;ajuntament de Barcelona i en Xavier Font, coordinador del servei d&#8217;Orientaci\u00f3 Laboral d&#8217;ACAPPS<\/strong>. Amb ells vam poder constatar l&#8217;evoluci\u00f3 tant en els perfils professionals de les persones amb sordesa, ara diversos, com en la forma que s&#8217;acompanya en la recerca de feina, ara potenciant eines per a la seva autonomia; i tamb\u00e9 en la capacitat d&#8217;escola i amb una mirada m\u00e9s \u00e0mplia per part de les empreses que comencen a trencar estereotips malgrat cal continuar incidint per a una contractaci\u00f3 laboral de persones amb discapacitat normalitzada i sense pors.<\/p>\n\n\n\n<p>Durant el col\u00b7loqui tamb\u00e9 va ser molt especial el <strong>mural dels 30 anys d&#8217;ACAPPS creat en directe <\/strong>per la il\u00b7lustradora Clara-T\u00e0nit Arqu\u00e9.<\/p>\n\n\n\n<div style=\"height:20px\" aria-hidden=\"true\" class=\"wp-block-spacer\"><\/div>\n\n\n\n<figure class=\"wp-block-gallery columns-3 is-cropped wp-block-gallery-7 is-layout-flex wp-block-gallery-is-layout-flex\"><ul class=\"blocks-gallery-grid\"><li class=\"blocks-gallery-item\"><figure><img loading=\"lazy\" decoding=\"async\" width=\"1024\" height=\"682\" src=\"https:\/\/acapps.org\/web\/wp-content\/uploads\/2022\/12\/IMG_9670_LR-1024x682.jpg\" alt=\"\" data-id=\"12700\" data-link=\"https:\/\/acapps.org\/web\/2022\/11\/30\/11143-2\/img_9670_lr\/\" class=\"wp-image-12700\" srcset=\"https:\/\/acapps.org\/web\/wp-content\/uploads\/2022\/12\/IMG_9670_LR-1024x682.jpg 1024w, https:\/\/acapps.org\/web\/wp-content\/uploads\/2022\/12\/IMG_9670_LR-300x200.jpg 300w, https:\/\/acapps.org\/web\/wp-content\/uploads\/2022\/12\/IMG_9670_LR-768x512.jpg 768w, https:\/\/acapps.org\/web\/wp-content\/uploads\/2022\/12\/IMG_9670_LR-1536x1024.jpg 1536w, https:\/\/acapps.org\/web\/wp-content\/uploads\/2022\/12\/IMG_9670_LR.jpg 2000w\" sizes=\"(max-width: 1024px) 100vw, 1024px\" \/><\/figure><\/li><li class=\"blocks-gallery-item\"><figure><img loading=\"lazy\" decoding=\"async\" width=\"1024\" height=\"682\" src=\"https:\/\/acapps.org\/web\/wp-content\/uploads\/2022\/12\/IMG_9700_LR-1024x682.jpg\" alt=\"\" data-id=\"12701\" data-link=\"https:\/\/acapps.org\/web\/2022\/11\/30\/11143-2\/img_9700_lr-2\/\" class=\"wp-image-12701\" srcset=\"https:\/\/acapps.org\/web\/wp-content\/uploads\/2022\/12\/IMG_9700_LR-1024x682.jpg 1024w, https:\/\/acapps.org\/web\/wp-content\/uploads\/2022\/12\/IMG_9700_LR-300x200.jpg 300w, https:\/\/acapps.org\/web\/wp-content\/uploads\/2022\/12\/IMG_9700_LR-768x512.jpg 768w, https:\/\/acapps.org\/web\/wp-content\/uploads\/2022\/12\/IMG_9700_LR-1536x1024.jpg 1536w, https:\/\/acapps.org\/web\/wp-content\/uploads\/2022\/12\/IMG_9700_LR.jpg 2000w\" sizes=\"(max-width: 1024px) 100vw, 1024px\" \/><\/figure><\/li><li class=\"blocks-gallery-item\"><figure><img loading=\"lazy\" decoding=\"async\" width=\"1024\" height=\"682\" src=\"https:\/\/acapps.org\/web\/wp-content\/uploads\/2022\/12\/IMG_9711_LR-1024x682.jpg\" alt=\"\" data-id=\"12702\" data-link=\"https:\/\/acapps.org\/web\/2022\/11\/30\/11143-2\/img_9711_lr-2\/\" class=\"wp-image-12702\" srcset=\"https:\/\/acapps.org\/web\/wp-content\/uploads\/2022\/12\/IMG_9711_LR-1024x682.jpg 1024w, https:\/\/acapps.org\/web\/wp-content\/uploads\/2022\/12\/IMG_9711_LR-300x200.jpg 300w, https:\/\/acapps.org\/web\/wp-content\/uploads\/2022\/12\/IMG_9711_LR-768x512.jpg 768w, https:\/\/acapps.org\/web\/wp-content\/uploads\/2022\/12\/IMG_9711_LR-1536x1024.jpg 1536w, https:\/\/acapps.org\/web\/wp-content\/uploads\/2022\/12\/IMG_9711_LR.jpg 2000w\" sizes=\"(max-width: 1024px) 100vw, 1024px\" \/><\/figure><\/li><li class=\"blocks-gallery-item\"><figure><img loading=\"lazy\" decoding=\"async\" width=\"1024\" height=\"682\" src=\"https:\/\/acapps.org\/web\/wp-content\/uploads\/2022\/12\/IMG_9728_LR-1024x682.jpg\" alt=\"\" data-id=\"12703\" data-link=\"https:\/\/acapps.org\/web\/2022\/11\/30\/11143-2\/img_9728_lr-2\/\" class=\"wp-image-12703\" srcset=\"https:\/\/acapps.org\/web\/wp-content\/uploads\/2022\/12\/IMG_9728_LR-1024x682.jpg 1024w, https:\/\/acapps.org\/web\/wp-content\/uploads\/2022\/12\/IMG_9728_LR-300x200.jpg 300w, https:\/\/acapps.org\/web\/wp-content\/uploads\/2022\/12\/IMG_9728_LR-768x512.jpg 768w, https:\/\/acapps.org\/web\/wp-content\/uploads\/2022\/12\/IMG_9728_LR-1536x1024.jpg 1536w, https:\/\/acapps.org\/web\/wp-content\/uploads\/2022\/12\/IMG_9728_LR.jpg 2000w\" sizes=\"(max-width: 1024px) 100vw, 1024px\" \/><\/figure><\/li><li class=\"blocks-gallery-item\"><figure><img loading=\"lazy\" decoding=\"async\" width=\"1024\" height=\"682\" src=\"https:\/\/acapps.org\/web\/wp-content\/uploads\/2022\/12\/IMG_9747_LR-1024x682.jpg\" alt=\"\" data-id=\"12704\" data-link=\"https:\/\/acapps.org\/web\/2022\/11\/30\/11143-2\/img_9747_lr-2\/\" class=\"wp-image-12704\" srcset=\"https:\/\/acapps.org\/web\/wp-content\/uploads\/2022\/12\/IMG_9747_LR-1024x682.jpg 1024w, https:\/\/acapps.org\/web\/wp-content\/uploads\/2022\/12\/IMG_9747_LR-300x200.jpg 300w, https:\/\/acapps.org\/web\/wp-content\/uploads\/2022\/12\/IMG_9747_LR-768x512.jpg 768w, https:\/\/acapps.org\/web\/wp-content\/uploads\/2022\/12\/IMG_9747_LR-1536x1024.jpg 1536w, https:\/\/acapps.org\/web\/wp-content\/uploads\/2022\/12\/IMG_9747_LR.jpg 2000w\" sizes=\"(max-width: 1024px) 100vw, 1024px\" \/><\/figure><\/li><li class=\"blocks-gallery-item\"><figure><img loading=\"lazy\" decoding=\"async\" width=\"1024\" height=\"682\" src=\"https:\/\/acapps.org\/web\/wp-content\/uploads\/2022\/12\/IMG_9769_LR-1024x682.jpg\" alt=\"\" data-id=\"12705\" data-link=\"https:\/\/acapps.org\/web\/2022\/11\/30\/11143-2\/img_9769_lr-2\/\" class=\"wp-image-12705\" srcset=\"https:\/\/acapps.org\/web\/wp-content\/uploads\/2022\/12\/IMG_9769_LR-1024x682.jpg 1024w, https:\/\/acapps.org\/web\/wp-content\/uploads\/2022\/12\/IMG_9769_LR-300x200.jpg 300w, https:\/\/acapps.org\/web\/wp-content\/uploads\/2022\/12\/IMG_9769_LR-768x512.jpg 768w, https:\/\/acapps.org\/web\/wp-content\/uploads\/2022\/12\/IMG_9769_LR-1536x1024.jpg 1536w, https:\/\/acapps.org\/web\/wp-content\/uploads\/2022\/12\/IMG_9769_LR.jpg 2000w\" sizes=\"(max-width: 1024px) 100vw, 1024px\" \/><\/figure><\/li><li class=\"blocks-gallery-item\"><figure><img loading=\"lazy\" decoding=\"async\" width=\"1024\" height=\"682\" src=\"https:\/\/acapps.org\/web\/wp-content\/uploads\/2022\/12\/IMG_9806_LR-1024x682.jpg\" alt=\"\" data-id=\"12706\" data-link=\"https:\/\/acapps.org\/web\/2022\/11\/30\/11143-2\/img_9806_lr-2\/\" class=\"wp-image-12706\" srcset=\"https:\/\/acapps.org\/web\/wp-content\/uploads\/2022\/12\/IMG_9806_LR-1024x682.jpg 1024w, https:\/\/acapps.org\/web\/wp-content\/uploads\/2022\/12\/IMG_9806_LR-300x200.jpg 300w, https:\/\/acapps.org\/web\/wp-content\/uploads\/2022\/12\/IMG_9806_LR-768x512.jpg 768w, https:\/\/acapps.org\/web\/wp-content\/uploads\/2022\/12\/IMG_9806_LR-1536x1024.jpg 1536w, https:\/\/acapps.org\/web\/wp-content\/uploads\/2022\/12\/IMG_9806_LR.jpg 2000w\" sizes=\"(max-width: 1024px) 100vw, 1024px\" \/><\/figure><\/li><li class=\"blocks-gallery-item\"><figure><img loading=\"lazy\" decoding=\"async\" width=\"1024\" height=\"682\" src=\"https:\/\/acapps.org\/web\/wp-content\/uploads\/2022\/12\/IMG_9816_LR-1024x682.jpg\" alt=\"\" data-id=\"12707\" data-full-url=\"https:\/\/acapps.org\/web\/wp-content\/uploads\/2022\/12\/IMG_9816_LR.jpg\" data-link=\"https:\/\/acapps.org\/web\/2022\/11\/30\/11143-2\/img_9816_lr-2\/\" class=\"wp-image-12707\" srcset=\"https:\/\/acapps.org\/web\/wp-content\/uploads\/2022\/12\/IMG_9816_LR-1024x682.jpg 1024w, https:\/\/acapps.org\/web\/wp-content\/uploads\/2022\/12\/IMG_9816_LR-300x200.jpg 300w, https:\/\/acapps.org\/web\/wp-content\/uploads\/2022\/12\/IMG_9816_LR-768x512.jpg 768w, https:\/\/acapps.org\/web\/wp-content\/uploads\/2022\/12\/IMG_9816_LR-1536x1024.jpg 1536w, https:\/\/acapps.org\/web\/wp-content\/uploads\/2022\/12\/IMG_9816_LR.jpg 2000w\" sizes=\"(max-width: 1024px) 100vw, 1024px\" \/><\/figure><\/li><\/ul><\/figure>\n\n\n\n<div style=\"height:20px\" aria-hidden=\"true\" class=\"wp-block-spacer\"><\/div>\n\n\n\n<p style=\"color:#3ca5ba;font-size:24px\" class=\"has-text-color\"><strong>PREMIS FEDERACI\u00d3 ACAPPS 202<\/strong>2<\/p>\n\n\n\n<p>Les Jornades van tancar, aquest any, amb el lliurament dels <strong>Premis Federaci\u00f3 ACAPPS<\/strong>. Uns premis que van n\u00e9ixer en el marc de les Jornades, l\u2019any 2010, per recon\u00e8ixer les&nbsp; accions en sensibilitzaci\u00f3 i promoci\u00f3 de les persones amb sordesa que es comuniquen en llengua oral.<\/p>\n\n\n\n<p>En aquesta edici\u00f3, es va recon\u00e8ixer amb el <strong>Premi Federaci\u00f3 ACAPPS 2022, en la seva categoria individual, a Elisabeth Estrada.<\/strong><\/p>\n\n\n\n<p>Un&nbsp; reconeixement a la seva dilatada traject\u00f2ria com a logopeda, amb expertesa en infants amb sordesa. Pel seu suport i disponibilitat a col\u00b7laborar, sempre, amb la nostra associaci\u00f3 i per la seva defensa i comprom\u00eds amb la comunicaci\u00f3 oral dels infants i persones amb sordesa.<\/p>\n\n\n\n<figure class=\"wp-block-gallery columns-2 is-cropped wp-block-gallery-8 is-layout-flex wp-block-gallery-is-layout-flex\"><ul class=\"blocks-gallery-grid\"><li class=\"blocks-gallery-item\"><figure><img loading=\"lazy\" decoding=\"async\" width=\"1024\" height=\"682\" src=\"https:\/\/acapps.org\/web\/wp-content\/uploads\/2022\/12\/IMG_9826_LR-1024x682.jpg\" alt=\"\" data-id=\"12710\" data-link=\"https:\/\/acapps.org\/web\/2022\/11\/30\/11143-2\/img_9826_lr\/\" class=\"wp-image-12710\" srcset=\"https:\/\/acapps.org\/web\/wp-content\/uploads\/2022\/12\/IMG_9826_LR-1024x682.jpg 1024w, https:\/\/acapps.org\/web\/wp-content\/uploads\/2022\/12\/IMG_9826_LR-300x200.jpg 300w, https:\/\/acapps.org\/web\/wp-content\/uploads\/2022\/12\/IMG_9826_LR-768x512.jpg 768w, https:\/\/acapps.org\/web\/wp-content\/uploads\/2022\/12\/IMG_9826_LR-1536x1024.jpg 1536w, https:\/\/acapps.org\/web\/wp-content\/uploads\/2022\/12\/IMG_9826_LR.jpg 2000w\" sizes=\"(max-width: 1024px) 100vw, 1024px\" \/><\/figure><\/li><li class=\"blocks-gallery-item\"><figure><img loading=\"lazy\" decoding=\"async\" width=\"1024\" height=\"682\" src=\"https:\/\/acapps.org\/web\/wp-content\/uploads\/2022\/12\/IMG_9835_LR-1024x682.jpg\" alt=\"\" data-id=\"12711\" data-full-url=\"https:\/\/acapps.org\/web\/wp-content\/uploads\/2022\/12\/IMG_9835_LR.jpg\" data-link=\"https:\/\/acapps.org\/web\/2022\/11\/30\/11143-2\/img_9835_lr\/\" class=\"wp-image-12711\" srcset=\"https:\/\/acapps.org\/web\/wp-content\/uploads\/2022\/12\/IMG_9835_LR-1024x682.jpg 1024w, https:\/\/acapps.org\/web\/wp-content\/uploads\/2022\/12\/IMG_9835_LR-300x200.jpg 300w, https:\/\/acapps.org\/web\/wp-content\/uploads\/2022\/12\/IMG_9835_LR-768x512.jpg 768w, https:\/\/acapps.org\/web\/wp-content\/uploads\/2022\/12\/IMG_9835_LR-1536x1024.jpg 1536w, https:\/\/acapps.org\/web\/wp-content\/uploads\/2022\/12\/IMG_9835_LR.jpg 2000w\" sizes=\"(max-width: 1024px) 100vw, 1024px\" \/><\/figure><\/li><\/ul><figcaption class=\"blocks-gallery-caption\">Elisabeth Estrada, al centre, amb Maria Mo\u00f1ino, vicepresidenta d&#8217;ACAPPS i Raimon Jan\u00e9, president de la Federaci\u00f3 ACAPPS. <\/figcaption><\/figure>\n\n\n\n<div style=\"height:20px\" aria-hidden=\"true\" class=\"wp-block-spacer\"><\/div>\n\n\n\n<p>En la categoria col\u00b7lectiva es va atorgar la distinci\u00f3 a la<strong> Secret\u00e0ria de Pol\u00edtica Ling\u00a8\u00fc\u00edstica <\/strong>pel ferm comprom\u00eds amb la plena accessibilitat per a les persones amb sordesa que es comuniquen en llengua oral. Per la seva aposta decidida i suport a la subtitulaci\u00f3 en catal\u00e0 avan\u00e7ant cap a un model social, cultural i ling\u00fc\u00edstic inclusiu.<\/p>\n\n\n\n<p><strong>A l&#8217;acte, va ser presents el secretari de Pol\u00edtica Ling\u00fc\u00edstica, el Sr. Francesc Xavier Vila, i la Sra. Ester Franquesa, cap del Servei de Foment de l\u2019\u00fas del catal\u00e0.<\/strong><\/p>\n\n\n\n<figure class=\"wp-block-gallery columns-1 is-cropped wp-block-gallery-9 is-layout-flex wp-block-gallery-is-layout-flex\"><ul class=\"blocks-gallery-grid\"><li class=\"blocks-gallery-item\"><figure><img loading=\"lazy\" decoding=\"async\" width=\"1024\" height=\"682\" src=\"https:\/\/acapps.org\/web\/wp-content\/uploads\/2022\/12\/IMG_9844_LR-1024x682.jpg\" alt=\"\" data-id=\"12713\" data-full-url=\"https:\/\/acapps.org\/web\/wp-content\/uploads\/2022\/12\/IMG_9844_LR.jpg\" data-link=\"https:\/\/acapps.org\/web\/2022\/11\/30\/11143-2\/img_9844_lr\/\" class=\"wp-image-12713\" srcset=\"https:\/\/acapps.org\/web\/wp-content\/uploads\/2022\/12\/IMG_9844_LR-1024x682.jpg 1024w, https:\/\/acapps.org\/web\/wp-content\/uploads\/2022\/12\/IMG_9844_LR-300x200.jpg 300w, https:\/\/acapps.org\/web\/wp-content\/uploads\/2022\/12\/IMG_9844_LR-768x512.jpg 768w, https:\/\/acapps.org\/web\/wp-content\/uploads\/2022\/12\/IMG_9844_LR-1536x1024.jpg 1536w, https:\/\/acapps.org\/web\/wp-content\/uploads\/2022\/12\/IMG_9844_LR.jpg 2000w\" sizes=\"(max-width: 1024px) 100vw, 1024px\" \/><\/figure><\/li><\/ul><\/figure>\n\n\n\n<div style=\"height:20px\" aria-hidden=\"true\" class=\"wp-block-spacer\"><\/div>\n\n\n\n<div style=\"height:20px\" aria-hidden=\"true\" class=\"wp-block-spacer\"><\/div>\n\n\n\n<p><\/p>\n\n\n\n<p style=\"font-size:30px\" class=\"has-text-align-center\">#26AnysJornadesACAPPS<\/p>\n\n\n\n<p><\/p>\n\n\n\n<div style=\"height:20px\" aria-hidden=\"true\" class=\"wp-block-spacer\"><\/div>\n\n\n\n<hr class=\"wp-block-separator\"\/>\n\n\n\n<figure class=\"wp-block-gallery columns-1 is-cropped wp-block-gallery-10 is-layout-flex wp-block-gallery-is-layout-flex\"><ul class=\"blocks-gallery-grid\"><li class=\"blocks-gallery-item\"><figure><img loading=\"lazy\" decoding=\"async\" width=\"831\" height=\"408\" src=\"https:\/\/acapps.org\/web\/wp-content\/uploads\/2022\/12\/finan\u00e7adors_banner.jpg\" alt=\"\" data-id=\"12712\" data-full-url=\"https:\/\/acapps.org\/web\/wp-content\/uploads\/2022\/12\/finan\u00e7adors_banner.jpg\" data-link=\"https:\/\/acapps.org\/web\/2022\/11\/30\/11143-2\/financadors_banner\/\" class=\"wp-image-12712\" srcset=\"https:\/\/acapps.org\/web\/wp-content\/uploads\/2022\/12\/finan\u00e7adors_banner.jpg 831w, https:\/\/acapps.org\/web\/wp-content\/uploads\/2022\/12\/finan\u00e7adors_banner-300x147.jpg 300w, https:\/\/acapps.org\/web\/wp-content\/uploads\/2022\/12\/finan\u00e7adors_banner-768x377.jpg 768w\" sizes=\"(max-width: 831px) 100vw, 831px\" \/><\/figure><\/li><\/ul><\/figure>\n","protected":false},"excerpt":{"rendered":"<p>&#8220;Defensem drets educatius, socials i culturals. Celebrem 30 anys acompanyant i impulsant la veu de les fam\u00edlies amb persones amb sordesa.&#8221; Aquesta va ser la combinaci\u00f3 protagonista de la vint-i-sisena edici\u00f3 dels 26 anys de les Jornades d&#8217;ACAPPS, celebrades el passat 26 de novembre a l&#8217;auditori de la Fundaci\u00f3 Cultural d&#8217;Hostafrancs. Una crida amb una gran resposta. Us donem les gr\u00e0cies per fer-les possibles: a&#8230; <\/p>\n<p><a class=\"readmore\" href=\"https:\/\/acapps.org\/web\/2022\/11\/30\/11143-2\/\">LLEGIR M\u00c9S<\/a><\/p>\n","protected":false},"author":3,"featured_media":12715,"comment_status":"open","ping_status":"open","sticky":false,"template":"","format":"standard","meta":{"footnotes":""},"categories":[101,8,86,7,116,9,32,82,62],"tags":[],"_links":{"self":[{"href":"https:\/\/acapps.org\/web\/wp-json\/wp\/v2\/posts\/12619"}],"collection":[{"href":"https:\/\/acapps.org\/web\/wp-json\/wp\/v2\/posts"}],"about":[{"href":"https:\/\/acapps.org\/web\/wp-json\/wp\/v2\/types\/post"}],"author":[{"embeddable":true,"href":"https:\/\/acapps.org\/web\/wp-json\/wp\/v2\/users\/3"}],"replies":[{"embeddable":true,"href":"https:\/\/acapps.org\/web\/wp-json\/wp\/v2\/comments?post=12619"}],"version-history":[{"count":10,"href":"https:\/\/acapps.org\/web\/wp-json\/wp\/v2\/posts\/12619\/revisions"}],"predecessor-version":[{"id":12722,"href":"https:\/\/acapps.org\/web\/wp-json\/wp\/v2\/posts\/12619\/revisions\/12722"}],"wp:featuredmedia":[{"embeddable":true,"href":"https:\/\/acapps.org\/web\/wp-json\/wp\/v2\/media\/12715"}],"wp:attachment":[{"href":"https:\/\/acapps.org\/web\/wp-json\/wp\/v2\/media?parent=12619"}],"wp:term":[{"taxonomy":"category","embeddable":true,"href":"https:\/\/acapps.org\/web\/wp-json\/wp\/v2\/categories?post=12619"},{"taxonomy":"post_tag","embeddable":true,"href":"https:\/\/acapps.org\/web\/wp-json\/wp\/v2\/tags?post=12619"}],"curies":[{"name":"wp","href":"https:\/\/api.w.org\/{rel}","templated":true}]}}