{"id":13064,"date":"2023-01-27T12:23:22","date_gmt":"2023-01-27T12:23:22","guid":{"rendered":"https:\/\/acapps.org\/web\/?p=13064"},"modified":"2023-01-31T09:16:50","modified_gmt":"2023-01-31T09:16:50","slug":"treballem-amb-el-departament-de-salut-en-un-sistema-de-salut-catala-inclusiu-amb-les-mesures-daccessibilitat-necessaries-per-a-les-persones-amb-sordesa","status":"publish","type":"post","link":"https:\/\/acapps.org\/web\/2023\/01\/27\/treballem-amb-el-departament-de-salut-en-un-sistema-de-salut-catala-inclusiu-amb-les-mesures-daccessibilitat-necessaries-per-a-les-persones-amb-sordesa\/","title":{"rendered":"Treballem, amb el departament de Salut, en un sistema de salut catal\u00e0 inclusiu amb les mesures d&#8217;accessibilitat necess\u00e0ries per a les persones amb sordesa que es comuniquen oralment"},"content":{"rendered":"\n<p><strong>U<\/strong>n dels objectius de les Jornades anuals de la Federaci\u00f3 ACAPPS \u00e9s fer sentir la nostra veu, la de les persones amb sordesa i de les fam\u00edlies amb fills i filles amb sordesa, a l&#8217;administraci\u00f3. En la darrera edici\u00f3, celebrada el 26 de novembre, ho vam tornar a fer comptant amb tres sessions dirigides a defensar els drets en&nbsp;salut, educaci\u00f3 i cultura. Pel que fa a la sessi\u00f3 de&nbsp;Salut, ens va acompanyar Carme Bertral , secret\u00e0ria d&#8217;Atenci\u00f3 Sanit\u00e0ria i Participaci\u00f3, que despr\u00e9s d&#8217;escoltar les necessitats del nostre col\u00b7lectiu ha respost al seu comprom\u00eds i ens va convocar a una reuni\u00f3 transversal amb diferents \u00e0rees del departament de&nbsp;Salut, el 16 de gener.<\/p>\n\n\n\n<p>En aquesta reuni\u00f3 van assistir, per part de la Federaci\u00f3 ACAPPS, Raimon Jan\u00e9, president i pare de dos joves amb sordesa; Marta Capdevila, vicepresidenta, persona amb sordesa i mare d&#8217;un fill amb sordesa; Ana Rodr\u00edguez, en representaci\u00f3 de la comissi\u00f3 de Fam\u00edlies i mare tamb\u00e9 d&#8217;un fill amb sordesa,&nbsp; i David Pruj\u00e0, coordinador t\u00e8cnic de l&#8217;entitat. Per part del departament de&nbsp;Salut&nbsp;hi van assistir els responsables de les \u00e0rees d&#8217;Inversions i Patrimoni, Gesti\u00f3 ciutadana, Gesti\u00f3 d&#8217;usuaris, Atenci\u00f3 Sanit\u00e0ria i participaci\u00f3, Atenci\u00f3 prim\u00e0ria, enginyeria hospital\u00e0ria i del 061. Una reuni\u00f3 que vam subtitular en directe perqu\u00e8 fos accessible i pugu\u00e9s participar-hi la Marta Capdevila que, com a persona amb sordesa, va poder aportar la seva experi\u00e8ncia personal com a usu\u00e0ria del serveis de&nbsp;salut.<\/p>\n\n\n\n<p>Des de la Federaci\u00f3 ACAPPS en fem una valoraci\u00f3 realment positiva: per la productivitat, efici\u00e8ncia i concreci\u00f3 en objectius de la reuni\u00f3; per la pr\u00f2pia transversabilitat d&#8217;aquesta que permetr\u00e0 abordar realment les necessitats de les persones amb sordesa en l&#8217;\u00e0mbit sanitari i pel seguiment que se&#8217;n far\u00e0 en una pr\u00f2xima reuni\u00f3 el 14 de mar\u00e7<\/p>\n\n\n\n<p>L&#8217;objectiu \u00e9s treballar ara de forma col\u00b7laborativa amb el departament de&nbsp;Salut&nbsp;per fer que la tasca reivindicativa, d&#8217;incid\u00e8ncia i de sensibilitzaci\u00f3 feta per la nostra entitat tingui com a resultat final&nbsp;<strong>l&#8217;aplicaci\u00f3 i dotaci\u00f3 de les mesures d&#8217;accessibilitat necess\u00e0ries perqu\u00e8 les persones amb sordesa que es comuniquen oralment puguin ser ateses, en els centres de&nbsp;salut, amb privacitat, autonomia i dignitat.<\/strong><\/p>\n\n\n\n<p>En la seg\u00fcent reuni\u00f3 tamb\u00e9 posarem sobre la taula altres temes que preocupen a les persones amb sordesa i les seves fam\u00edlies, com \u00e9s el&nbsp;<strong>dret a unes pr\u00f2tesis auditives, audi\u00f2fons i implants coclears, amb car\u00e0cter universal&nbsp;<\/strong>i, m\u00e9s espec\u00edficament, sobre els circuits actuals per a la renovaci\u00f3 dels implants coclears i els recanvis.<\/p>\n\n\n\n<p>Tamb\u00e9 us recordem que podeu consultar la tasca d&#8217;incid\u00e8ncia feta per l&#8217;entitat per l&#8217;acccessibilitat a la comunicaci\u00f3 de les persones amb sordesa a l&#8217;<a href=\"https:\/\/acapps.org\/web\/observatori\/\">Observatori del nostre web,<\/a> on tamb\u00e9 ens podeu fer les aportacions que considereu oportunes.<\/p>\n","protected":false},"excerpt":{"rendered":"<p>Un dels objectius de les Jornades anuals de la Federaci\u00f3 ACAPPS \u00e9s fer sentir la nostra veu, la de les persones amb sordesa i de les fam\u00edlies amb fills i filles amb sordesa, a l&#8217;administraci\u00f3. En la darrera edici\u00f3, celebrada el 26 de novembre, ho vam tornar a fer comptant amb tres sessions dirigides a defensar els drets en&nbsp;salut, educaci\u00f3 i cultura. Pel que fa&#8230; <\/p>\n<p><a class=\"readmore\" href=\"https:\/\/acapps.org\/web\/2023\/01\/27\/treballem-amb-el-departament-de-salut-en-un-sistema-de-salut-catala-inclusiu-amb-les-mesures-daccessibilitat-necessaries-per-a-les-persones-amb-sordesa\/\">LLEGIR M\u00c9S<\/a><\/p>\n","protected":false},"author":3,"featured_media":13063,"comment_status":"open","ping_status":"open","sticky":false,"template":"","format":"standard","meta":{"footnotes":""},"categories":[4,98,8,86,116,9,32,82,62,3],"tags":[],"_links":{"self":[{"href":"https:\/\/acapps.org\/web\/wp-json\/wp\/v2\/posts\/13064"}],"collection":[{"href":"https:\/\/acapps.org\/web\/wp-json\/wp\/v2\/posts"}],"about":[{"href":"https:\/\/acapps.org\/web\/wp-json\/wp\/v2\/types\/post"}],"author":[{"embeddable":true,"href":"https:\/\/acapps.org\/web\/wp-json\/wp\/v2\/users\/3"}],"replies":[{"embeddable":true,"href":"https:\/\/acapps.org\/web\/wp-json\/wp\/v2\/comments?post=13064"}],"version-history":[{"count":4,"href":"https:\/\/acapps.org\/web\/wp-json\/wp\/v2\/posts\/13064\/revisions"}],"predecessor-version":[{"id":13087,"href":"https:\/\/acapps.org\/web\/wp-json\/wp\/v2\/posts\/13064\/revisions\/13087"}],"wp:featuredmedia":[{"embeddable":true,"href":"https:\/\/acapps.org\/web\/wp-json\/wp\/v2\/media\/13063"}],"wp:attachment":[{"href":"https:\/\/acapps.org\/web\/wp-json\/wp\/v2\/media?parent=13064"}],"wp:term":[{"taxonomy":"category","embeddable":true,"href":"https:\/\/acapps.org\/web\/wp-json\/wp\/v2\/categories?post=13064"},{"taxonomy":"post_tag","embeddable":true,"href":"https:\/\/acapps.org\/web\/wp-json\/wp\/v2\/tags?post=13064"}],"curies":[{"name":"wp","href":"https:\/\/api.w.org\/{rel}","templated":true}]}}