{"id":13332,"date":"2023-03-13T09:16:20","date_gmt":"2023-03-13T09:16:20","guid":{"rendered":"https:\/\/acapps.org\/web\/?p=13332"},"modified":"2023-03-13T09:19:28","modified_gmt":"2023-03-13T09:19:28","slug":"subtitulem-una-jornada-centrada-en-laccessibilitat-com-a-clau-per-garantir-els-drets-de-les-persones-consumidores","status":"publish","type":"post","link":"https:\/\/acapps.org\/web\/2023\/03\/13\/subtitulem-una-jornada-centrada-en-laccessibilitat-com-a-clau-per-garantir-els-drets-de-les-persones-consumidores\/","title":{"rendered":"Subtitulem una jornada centrada en l&#8217;accessibilitat com a clau per garantir els drets de les persones consumidores."},"content":{"rendered":"\n<p>Amb motiu del Dia Mundial de les persones consumidores, l&#8217;ajuntament de Matar\u00f3 organitza una interessant jornada que us recomanem i que des del  nostre Servei d&#8217;Accessibilitat a la Comunicaci\u00f3 subtitularem en directe per garantir-ne&#8217;n l&#8217;accessibilitat a les persones amb sordesa.<\/p>\n\n\n\n<p>La jornada abordar\u00e0 l&#8217;accessibilitat com a factor indispensable per garantir els drets de les persones consumidores amb discapacitat, ja sigui en la compra de productes o en la contractaci\u00f3 de serveis p\u00fablics i privats. Tamb\u00e9 hi haur\u00e0 una taula dedicada a com tramitar reclamacions i den\u00b4\u00fancies en cas d&#8217;haver estat discriminat\/da com a persona consumidora.<\/p>\n\n\n\n<p class=\"has-medium-font-size\"><a href=\"https:\/\/www.mataro.cat\/sites\/jornada-consum\">PROGRAMA I INFORMACI\u00d3 DE LA JORNADA<\/a><\/p>\n\n\n\n<p>DIA: Dijous 16 de mar\u00e7, de 9:30 a 18:00<\/p>\n\n\n\n<p>LLOC: Caf\u00e8 Nou La Riera, 123. Matar\u00f3.<\/p>\n","protected":false},"excerpt":{"rendered":"<p>Amb motiu del Dia Mundial de les persones consumidores, l&#8217;ajuntament de Matar\u00f3 organitza una interessant jornada que us recomanem i que des del nostre Servei d&#8217;Accessibilitat a la Comunicaci\u00f3 subtitularem en directe per garantir-ne&#8217;n l&#8217;accessibilitat a les persones amb sordesa. La jornada abordar\u00e0 l&#8217;accessibilitat com a factor indispensable per garantir els drets de les persones consumidores amb discapacitat, ja sigui en la compra de productes&#8230; <\/p>\n<p><a class=\"readmore\" href=\"https:\/\/acapps.org\/web\/2023\/03\/13\/subtitulem-una-jornada-centrada-en-laccessibilitat-com-a-clau-per-garantir-els-drets-de-les-persones-consumidores\/\">LLEGIR M\u00c9S<\/a><\/p>\n","protected":false},"author":3,"featured_media":13335,"comment_status":"open","ping_status":"open","sticky":false,"template":"","format":"standard","meta":{"footnotes":""},"categories":[101,4,8,86,9,32,62,3],"tags":[],"_links":{"self":[{"href":"https:\/\/acapps.org\/web\/wp-json\/wp\/v2\/posts\/13332"}],"collection":[{"href":"https:\/\/acapps.org\/web\/wp-json\/wp\/v2\/posts"}],"about":[{"href":"https:\/\/acapps.org\/web\/wp-json\/wp\/v2\/types\/post"}],"author":[{"embeddable":true,"href":"https:\/\/acapps.org\/web\/wp-json\/wp\/v2\/users\/3"}],"replies":[{"embeddable":true,"href":"https:\/\/acapps.org\/web\/wp-json\/wp\/v2\/comments?post=13332"}],"version-history":[{"count":1,"href":"https:\/\/acapps.org\/web\/wp-json\/wp\/v2\/posts\/13332\/revisions"}],"predecessor-version":[{"id":13334,"href":"https:\/\/acapps.org\/web\/wp-json\/wp\/v2\/posts\/13332\/revisions\/13334"}],"wp:featuredmedia":[{"embeddable":true,"href":"https:\/\/acapps.org\/web\/wp-json\/wp\/v2\/media\/13335"}],"wp:attachment":[{"href":"https:\/\/acapps.org\/web\/wp-json\/wp\/v2\/media?parent=13332"}],"wp:term":[{"taxonomy":"category","embeddable":true,"href":"https:\/\/acapps.org\/web\/wp-json\/wp\/v2\/categories?post=13332"},{"taxonomy":"post_tag","embeddable":true,"href":"https:\/\/acapps.org\/web\/wp-json\/wp\/v2\/tags?post=13332"}],"curies":[{"name":"wp","href":"https:\/\/api.w.org\/{rel}","templated":true}]}}