{"id":13458,"date":"2023-04-19T10:26:57","date_gmt":"2023-04-19T10:26:57","guid":{"rendered":"https:\/\/acapps.org\/web\/?p=13458"},"modified":"2023-04-19T10:26:59","modified_gmt":"2023-04-19T10:26:59","slug":"el-21-dabril-oferirem-una-xerrada-sobre-la-perdua-auditiva-a-vilafranca-del-penedes","status":"publish","type":"post","link":"https:\/\/acapps.org\/web\/2023\/04\/19\/el-21-dabril-oferirem-una-xerrada-sobre-la-perdua-auditiva-a-vilafranca-del-penedes\/","title":{"rendered":"El 21 d&#8217;abril oferirem una xerrada sobre la p\u00e8rdua auditiva a Vilafranca del Pened\u00e8s"},"content":{"rendered":"\n<p><strong>Des d\u2019ACAPPS oferim aquest divendres 21 d&#8217;abril una xerrada de prevenci\u00f3 i sensibilitzaci\u00f3 entorn la p\u00e8rdua auditiva a l&#8217;associaci\u00f3 de ve\u00efns Mol\u00ed de la Rovira, a Vilafranca del Pened\u00e8s.\u00a0<\/strong><\/p>\n\n\n\n<p>En aquesta xerrada, a c\u00e0rrec de Jon Marcos, t\u00e8cnic d\u2019accessibilitat d\u2019ACAPPS, explicarem la<strong>\u00a0import\u00e0ncia de detectar la p\u00e8rdua d\u2019audici\u00f3,\u00a0<\/strong>l\u2019\u00fas de\u00a0<strong>pr\u00f2tesis auditives, els audi\u00f2fons o implants coclears i, sobretot, de totes aquelles mesures d\u2019accessibilitat que us facilitaran l\u2019acc\u00e9s a la comunicaci\u00f3<\/strong>.<\/p>\n\n\n\n<p><strong>PER A LES PERSONES QUE HEU PERDUT O ESTEU PERDENT AUDICI\u00d3:<\/strong>&nbsp;Con\u00e8ixer b\u00e9 el vostre audi\u00f2fon o implant coclear i&nbsp;totes les opcions de connectivitat&nbsp;que ofereix&nbsp;amb altres dispositius. Con\u00e8ixer tamb\u00e9 la posici\u00f3 \u201cT\u201d per accedir al bucle magn\u00e8tic. I con\u00e8ixer exactament qu\u00e8 \u00e9s el bucle magn\u00e8tic i on n\u2019hi ha:&nbsp; el bucle magn\u00e8tic o l\u2019emissora FM millora el so que arriba al teu audi\u00f2fon o implant coclear.<br>Con\u00e8ixer que, aix\u00ed com&nbsp; veieu un programa televisiu subtitulat, tamb\u00e9 podeu anar a una xerrada o a una obra de teatre amb una pantalla on se&nbsp;subtitular\u00e0 all\u00f2 que s\u2019est\u00e0 dient en directe. Mesures que et permetran&nbsp;accedir a la informaci\u00f3 i viure una vida laboral, social i cultural plena,<\/p>\n\n\n\n<p><strong>PER A LES VOSTRES FAM\u00cdLIES:<\/strong>&nbsp;Convidem tamb\u00e9 a la vostra fam\u00edlia (parella, fills\/es, amistats,\u2026) a la xerrada. A ells els explicarem com poden comunicar-se millor amb vosaltres. Petites pautes per millorar la comunicaci\u00f3 amb vosaltres,&nbsp;fent-ho tot m\u00e9s f\u00e0cil i que es traduiran en una relaci\u00f3 m\u00e9s s\u00f2lida&nbsp;i respectuosa.<\/p>\n\n\n\n<p>Tamb\u00e9 us orientarem d\u2019altres suports que, des de l\u2019associaci\u00f3, oferim en aquests moments: l\u2019acompanyament emocional, grups de suport i cursos de rehabilitaci\u00f3 auditiva i per aprendre a llegir els llavis.\u00a0\u00a0Des de l\u2019associaci\u00f3 oferim aquesta orientaci\u00f3 i suport integral per dotar la persona de nous recursos perqu\u00e8 recuperi la comunicaci\u00f3 amb el seu entorn, millorant el seu benestar i autonomia personal.<\/p>\n\n\n\n<p><strong>DATA |\u00a0Divendres\u00a021 d&#8217;abril<\/strong>, de 19:00<\/p>\n\n\n\n<p><strong>LLOC| Associaci\u00f3 de Ve\u00efns Mol\u00ed d&#8217;en Rovira\u00a0<\/strong>(av. de Vilafranca, 1. Vilafranca del Pened\u00e8s).<\/p>\n\n\n\n<p><strong>ACCESSIBILITAT |<\/strong>&nbsp;Hi haur\u00e0 subtitulaci\u00f3 en directe de la xerrada i bucle magn\u00e8tic.<\/p>\n","protected":false},"excerpt":{"rendered":"<p>Des d\u2019ACAPPS oferim aquest divendres 21 d&#8217;abril una xerrada de prevenci\u00f3 i sensibilitzaci\u00f3 entorn la p\u00e8rdua auditiva a l&#8217;associaci\u00f3 de ve\u00efns Mol\u00ed de la Rovira, a Vilafranca del Pened\u00e8s.\u00a0 En aquesta xerrada, a c\u00e0rrec de Jon Marcos, t\u00e8cnic d\u2019accessibilitat d\u2019ACAPPS, explicarem la\u00a0import\u00e0ncia de detectar la p\u00e8rdua d\u2019audici\u00f3,\u00a0l\u2019\u00fas de\u00a0pr\u00f2tesis auditives, els audi\u00f2fons o implants coclears i, sobretot, de totes aquelles mesures d\u2019accessibilitat que us facilitaran l\u2019acc\u00e9s&#8230; <\/p>\n<p><a class=\"readmore\" href=\"https:\/\/acapps.org\/web\/2023\/04\/19\/el-21-dabril-oferirem-una-xerrada-sobre-la-perdua-auditiva-a-vilafranca-del-penedes\/\">LLEGIR M\u00c9S<\/a><\/p>\n","protected":false},"author":3,"featured_media":13459,"comment_status":"open","ping_status":"open","sticky":false,"template":"","format":"standard","meta":{"footnotes":""},"categories":[101,4,175,6,8,116,178,5,32,82,62,3],"tags":[],"_links":{"self":[{"href":"https:\/\/acapps.org\/web\/wp-json\/wp\/v2\/posts\/13458"}],"collection":[{"href":"https:\/\/acapps.org\/web\/wp-json\/wp\/v2\/posts"}],"about":[{"href":"https:\/\/acapps.org\/web\/wp-json\/wp\/v2\/types\/post"}],"author":[{"embeddable":true,"href":"https:\/\/acapps.org\/web\/wp-json\/wp\/v2\/users\/3"}],"replies":[{"embeddable":true,"href":"https:\/\/acapps.org\/web\/wp-json\/wp\/v2\/comments?post=13458"}],"version-history":[{"count":1,"href":"https:\/\/acapps.org\/web\/wp-json\/wp\/v2\/posts\/13458\/revisions"}],"predecessor-version":[{"id":13460,"href":"https:\/\/acapps.org\/web\/wp-json\/wp\/v2\/posts\/13458\/revisions\/13460"}],"wp:featuredmedia":[{"embeddable":true,"href":"https:\/\/acapps.org\/web\/wp-json\/wp\/v2\/media\/13459"}],"wp:attachment":[{"href":"https:\/\/acapps.org\/web\/wp-json\/wp\/v2\/media?parent=13458"}],"wp:term":[{"taxonomy":"category","embeddable":true,"href":"https:\/\/acapps.org\/web\/wp-json\/wp\/v2\/categories?post=13458"},{"taxonomy":"post_tag","embeddable":true,"href":"https:\/\/acapps.org\/web\/wp-json\/wp\/v2\/tags?post=13458"}],"curies":[{"name":"wp","href":"https:\/\/api.w.org\/{rel}","templated":true}]}}