{"id":13494,"date":"2023-05-15T06:34:03","date_gmt":"2023-05-15T06:34:03","guid":{"rendered":"https:\/\/acapps.org\/web\/?p=13494"},"modified":"2023-05-15T06:46:10","modified_gmt":"2023-05-15T06:46:10","slug":"cocarmi-major-presencia-a-les-llistes-i-en-la-politica-municipal-posterior-propostes-del-collectiu-de-la-discapacitat-als-partits-politics","status":"publish","type":"post","link":"https:\/\/acapps.org\/web\/2023\/05\/15\/cocarmi-major-presencia-a-les-llistes-i-en-la-politica-municipal-posterior-propostes-del-collectiu-de-la-discapacitat-als-partits-politics\/","title":{"rendered":"COCARMI: Major pres\u00e8ncia a les llistes i en la pol\u00edtica municipal posterior, propostes del col\u00b7lectiu de la discapacitat als partits pol\u00edtics"},"content":{"rendered":"\n<p>Coincidint amb l\u2019inici de la campanya per a les eleccions municipals del 28 de maig, el <a href=\"http:\/\/www.cocarmi.cat\">Comit\u00e8 Catal\u00e0 de Representants de Persones amb Discapacitat (COCARMI)<\/a>, principal plataforma de la discapacitat a Catalunya, ha elaborat un <a href=\"http:\/\/www.cocarmi.cat\/sites\/default\/files\/propostes_eleccions_municipals_28m_cocarmiv1.pdf\">llistat de 18 propostes <\/a>en qu\u00e8 reclama m\u00e9s pres\u00e8ncia del col\u00b7lectiu a les llistes electorals i en la gesti\u00f3 del dia a dia de les corporacions locals en la propera legislatura.<\/p>\n\n\n\n<p>El COCARMI, que representa m\u00e9s de 634.000 persones amb alguna discapacitat reconeguda, demana que les llistes electorals incorporin m\u00e9s persones amb discapacitat en posicions que assegurin la seva elecci\u00f3 i, aix\u00ed, ocupin c\u00e0rrecs en proporci\u00f3 al pes que el col\u00b7lectiu t\u00e9 a la societat (al voltant del 10 per cent).<\/p>\n\n\n\n<p>\u201cLa societat no pot obviar un 10 per cent de la seva ciutadania, que t\u00e9 els mateixos drets que la resta de la poblaci\u00f3 a participar en la vida pol\u00edtica, tant durant els processos electorals com despr\u00e9s, en el dia a dia de la gesti\u00f3 municipal\u201d, assenyala la presidenta del COCARMI, Merc\u00e8 Batlle.<\/p>\n\n\n\n<p>Batlle afegeix que les entitats locals \u201chan d\u2019incorporar de forma natural les necessitats espec\u00edfiques de suport i acompanyament de les persones amb discapacitat, cal que els nostres pobles i ciutats siguin accessibles, treballant en les barreres f\u00edsiques per\u00f2 tamb\u00e9 socials, sensorials, comunicatives i cognitives, m\u00e9s tenint en compte que, amb l\u2019envelliment de la poblaci\u00f3, ser\u00e0 un col\u00b7lectiu cada cop m\u00e9s nombr\u00f3s que s\u2019ha d\u2019atendre.\u201d&nbsp;<\/p>\n\n\n\n<p>Reclama, aix\u00ed mateix, que els municipis aprovin plans d\u2019inclusi\u00f3 del col\u00b7lectiu a la comunitat que reconeguin els seus drets d\u2019acc\u00e9s a tots els serveis, amb el suport i finan\u00e7ament necessari en cada cas.&nbsp;&nbsp;<\/p>\n\n\n\n<p>La llista de peticions contempla adaptar la normativa local als mandats de la Convenci\u00f3 Internacional sobre els Drets de les Persones amb Discapacitat, la creaci\u00f3 d\u2019un consell municipal de Persones amb Discapacitat i d\u2019una regidoria espec\u00edfica, atenci\u00f3 social preferent a les persones amb discapacitat amb m\u00e9s necessitats de suport per a la seva autonomia personal, campanyes de sensibilitzaci\u00f3 peri\u00f2diques perqu\u00e8 la ciutadania conegui la realitat dels seus ve\u00efns i ve\u00efnes amb discapacitat, plans espec\u00edfics de formaci\u00f3 i ocupaci\u00f3, plans locals de promoci\u00f3 de l\u2019accessibilitat i un fons contra l\u2019exclusi\u00f3 social amb un m\u00ednim del 5% del total del pressupost municipal.<\/p>\n\n\n\n<p>Garantir el compliment de les lleis en mat\u00e8ria d&#8217;igualtat d&#8217;oportunitats i accessibilitat per a les persones amb discapacitat en l\u2019acc\u00e9s a les instal\u00b7lacions municipals culturals, esportives i d\u2019oci de gesti\u00f3 o titularitat local, apostar per l\u2019oci inclusiu, el temps lliure i el respir familiar i incorporar la perspectiva d\u2019igualtat de g\u00e8nere i discapacitat i promoci\u00f3 dels drets de les dones amb discapacitat s\u00f3n altres propostes del COCARMI als partits pol\u00edtics que es presenten a les eleccions municipals del&nbsp; proper 28 de maig.<\/p>\n\n\n\n<p>COCARMI: <a href=\"http:\/\/www.cocarmi.cat\/sites\/default\/files\/propostes_eleccions_municipals_28m_cocarmiv1.pdf\">Propostes electorals 2023-2027 a les eleccions municipals de Catalunya del 28 de maig de 2023.<\/a><\/p>\n","protected":false},"excerpt":{"rendered":"<p>Coincidint amb l\u2019inici de la campanya per a les eleccions municipals del 28 de maig, el Comit\u00e8 Catal\u00e0 de Representants de Persones amb Discapacitat (COCARMI), principal plataforma de la discapacitat a Catalunya, ha elaborat un llistat de 18 propostes en qu\u00e8 reclama m\u00e9s pres\u00e8ncia del col\u00b7lectiu a les llistes electorals i en la gesti\u00f3 del dia a dia de les corporacions locals en la propera&#8230; <\/p>\n<p><a class=\"readmore\" href=\"https:\/\/acapps.org\/web\/2023\/05\/15\/cocarmi-major-presencia-a-les-llistes-i-en-la-politica-municipal-posterior-propostes-del-collectiu-de-la-discapacitat-als-partits-politics\/\">LLEGIR M\u00c9S<\/a><\/p>\n","protected":false},"author":3,"featured_media":13496,"comment_status":"open","ping_status":"open","sticky":false,"template":"","format":"standard","meta":{"footnotes":""},"categories":[101,4,98,70,8,86,116,32,62],"tags":[],"_links":{"self":[{"href":"https:\/\/acapps.org\/web\/wp-json\/wp\/v2\/posts\/13494"}],"collection":[{"href":"https:\/\/acapps.org\/web\/wp-json\/wp\/v2\/posts"}],"about":[{"href":"https:\/\/acapps.org\/web\/wp-json\/wp\/v2\/types\/post"}],"author":[{"embeddable":true,"href":"https:\/\/acapps.org\/web\/wp-json\/wp\/v2\/users\/3"}],"replies":[{"embeddable":true,"href":"https:\/\/acapps.org\/web\/wp-json\/wp\/v2\/comments?post=13494"}],"version-history":[{"count":2,"href":"https:\/\/acapps.org\/web\/wp-json\/wp\/v2\/posts\/13494\/revisions"}],"predecessor-version":[{"id":13497,"href":"https:\/\/acapps.org\/web\/wp-json\/wp\/v2\/posts\/13494\/revisions\/13497"}],"wp:featuredmedia":[{"embeddable":true,"href":"https:\/\/acapps.org\/web\/wp-json\/wp\/v2\/media\/13496"}],"wp:attachment":[{"href":"https:\/\/acapps.org\/web\/wp-json\/wp\/v2\/media?parent=13494"}],"wp:term":[{"taxonomy":"category","embeddable":true,"href":"https:\/\/acapps.org\/web\/wp-json\/wp\/v2\/categories?post=13494"},{"taxonomy":"post_tag","embeddable":true,"href":"https:\/\/acapps.org\/web\/wp-json\/wp\/v2\/tags?post=13494"}],"curies":[{"name":"wp","href":"https:\/\/api.w.org\/{rel}","templated":true}]}}