{"id":13735,"date":"2023-07-11T08:36:59","date_gmt":"2023-07-11T08:36:59","guid":{"rendered":"https:\/\/acapps.org\/web\/?p=13735"},"modified":"2023-07-11T08:37:01","modified_gmt":"2023-07-11T08:37:01","slug":"oferta-de-feina-a-acapps-busquem-un-a-responsable-de-gestio-economica-i-subvencions","status":"publish","type":"post","link":"https:\/\/acapps.org\/web\/2023\/07\/11\/oferta-de-feina-a-acapps-busquem-un-a-responsable-de-gestio-economica-i-subvencions\/","title":{"rendered":"Oferta de feina a ACAPPS: busquem un\/a responsable de gesti\u00f3 econ\u00f2mica i subvencions"},"content":{"rendered":"\n<p>Si vols treballar en l&#8217;\u00e0mbit del tercer sector social i unir-te a un equip din\u00e0mic que treballa per a la inclusi\u00f3, ara tens una oportunitat!<\/p>\n\n\n\n<p>La Federaci\u00f3 ACAPPS busca, per a la seva \u00e0rea d&#8217;Administraci\u00f3, un\/a responsable de la gesti\u00f3 econ\u00f2mica de l&#8217;entitat i de les subvencions.<\/p>\n\n\n\n<p><a href=\"https:\/\/acapps.org\/web\/wp-content\/uploads\/2023\/07\/Oferta-Laboral-responsable-economia-FederacioACAPPS.pdf\">Consulta aqu\u00ed <\/a>les funcions del lloc de feina i les condicions de treball aix\u00ed com les compet\u00e8ncies necess\u00e0ries per poder-lo cobrir. <\/p>\n\n\n\n<p>Si esteu interessats\/des envieu-nos la vostra candidatura al correu <a href=\"mailto:coordinacio@federacioacapps.org\">coordinacio@federacioacapps.org<\/a> abans del 19 de juliol de 2023.<\/p>\n\n\n\n<p><a href=\"https:\/\/acapps.org\/web\/wp-content\/uploads\/2023\/07\/Oferta-Laboral-responsable-economia-FederacioACAPPS.pdf\">OFERTA DE FEINA: RESPONSABLE DE GESTI\u00d3 ECON\u00d2MICA I SUBVENCIONS DE LA FEDERACI\u00d3 ACAPPS<\/a><\/p>\n","protected":false},"excerpt":{"rendered":"<p>Si vols treballar en l&#8217;\u00e0mbit del tercer sector social i unir-te a un equip din\u00e0mic que treballa per a la inclusi\u00f3, ara tens una oportunitat! La Federaci\u00f3 ACAPPS busca, per a la seva \u00e0rea d&#8217;Administraci\u00f3, un\/a responsable de la gesti\u00f3 econ\u00f2mica de l&#8217;entitat i de les subvencions. Consulta aqu\u00ed les funcions del lloc de feina i les condicions de treball aix\u00ed com les compet\u00e8ncies necess\u00e0ries&#8230; <\/p>\n<p><a class=\"readmore\" href=\"https:\/\/acapps.org\/web\/2023\/07\/11\/oferta-de-feina-a-acapps-busquem-un-a-responsable-de-gestio-economica-i-subvencions\/\">LLEGIR M\u00c9S<\/a><\/p>\n","protected":false},"author":3,"featured_media":13736,"comment_status":"open","ping_status":"open","sticky":false,"template":"","format":"standard","meta":{"footnotes":""},"categories":[101,116,68,62],"tags":[],"_links":{"self":[{"href":"https:\/\/acapps.org\/web\/wp-json\/wp\/v2\/posts\/13735"}],"collection":[{"href":"https:\/\/acapps.org\/web\/wp-json\/wp\/v2\/posts"}],"about":[{"href":"https:\/\/acapps.org\/web\/wp-json\/wp\/v2\/types\/post"}],"author":[{"embeddable":true,"href":"https:\/\/acapps.org\/web\/wp-json\/wp\/v2\/users\/3"}],"replies":[{"embeddable":true,"href":"https:\/\/acapps.org\/web\/wp-json\/wp\/v2\/comments?post=13735"}],"version-history":[{"count":1,"href":"https:\/\/acapps.org\/web\/wp-json\/wp\/v2\/posts\/13735\/revisions"}],"predecessor-version":[{"id":13737,"href":"https:\/\/acapps.org\/web\/wp-json\/wp\/v2\/posts\/13735\/revisions\/13737"}],"wp:featuredmedia":[{"embeddable":true,"href":"https:\/\/acapps.org\/web\/wp-json\/wp\/v2\/media\/13736"}],"wp:attachment":[{"href":"https:\/\/acapps.org\/web\/wp-json\/wp\/v2\/media?parent=13735"}],"wp:term":[{"taxonomy":"category","embeddable":true,"href":"https:\/\/acapps.org\/web\/wp-json\/wp\/v2\/categories?post=13735"},{"taxonomy":"post_tag","embeddable":true,"href":"https:\/\/acapps.org\/web\/wp-json\/wp\/v2\/tags?post=13735"}],"curies":[{"name":"wp","href":"https:\/\/api.w.org\/{rel}","templated":true}]}}