{"id":13868,"date":"2023-07-28T08:03:15","date_gmt":"2023-07-28T08:03:15","guid":{"rendered":"https:\/\/acapps.org\/web\/?p=13868"},"modified":"2023-07-28T08:03:17","modified_gmt":"2023-07-28T08:03:17","slug":"el-concert-arrels-de-gracia-per-la-festa-major-sera-accessible-a-les-persones-amb-sordesa","status":"publish","type":"post","link":"https:\/\/acapps.org\/web\/2023\/07\/28\/el-concert-arrels-de-gracia-per-la-festa-major-sera-accessible-a-les-persones-amb-sordesa\/","title":{"rendered":"El concert Arrels de Gr\u00e0cia, per la festa major, ser\u00e0 accessible a les persones amb sordesa"},"content":{"rendered":"\n<p><strong>A tocar de l&#8217;agost ja pensem en la festa major de Gr\u00e0cia! I aquest any encara m\u00e9s perqu\u00e8 les persones amb sordesa podreu gaudir del concert Arrels de Gr\u00e0cia, el 18 d&#8217;agost, a les 22:30, a la pla\u00e7a del Sol.<\/strong><\/p>\n\n\n\n<p>El concert ser\u00e0 accessible amb el <strong>bucle magn\u00e8tic,<\/strong> que millora el so (sempre que tingueu activada la posici\u00f3 &#8220;T&#8221;) que arriba al vostre audi\u00f2fon o implant coclear. Una mesura d&#8217;accessibilitat que des d&#8217;ACAPPS sempre hem reivindicat com a suport a la comunicaci\u00f3 i que, a poc a poc, s&#8217;est\u00e0 integrant a diferents equipaments i entorns, fent-los inclusius.<\/p>\n\n\n\n<p>Tamb\u00e9 hi haur\u00e0 <strong>motxilles vibrat\u00f2ries,<\/strong> una nova tecnologia complement\u00e0ria per sentir el so i que ens ofereix tota una experi\u00e8ncia sensorial en percebre la m\u00fasica.<\/p>\n\n\n\n<p>Des d&#8217;ACAPPS, per\u00f2, seguim insistint en qu\u00e8 no podem oblidar-nos de la <strong>subtitulaci\u00f3<\/strong> (en concerts, xerrades i tot tipus d&#8217;actes), que recordem, \u00e9s la mesura d&#8217;accessibilitat universal a tot el col\u00b7lectiu de persones amb sordesa.<\/p>\n\n\n\n<p>Les persones interessades en el bucle magn\u00e8tic i\/o la motxilla vibrat\u00f2ria podeu fer la reserva pr\u00e8via al correu<a href=\"info@enbucle.com\"> info@enbucle.com<\/a> i trobar-ho a l&#8217;estand que hi haur\u00e0 al costat de l&#8217;escenari.<\/p>\n","protected":false},"excerpt":{"rendered":"<p>A tocar de l&#8217;agost ja pensem en la festa major de Gr\u00e0cia! I aquest any encara m\u00e9s perqu\u00e8 les persones amb sordesa podreu gaudir del concert Arrels de Gr\u00e0cia, el 18 d&#8217;agost, a les 22:30, a la pla\u00e7a del Sol. El concert ser\u00e0 accessible amb el bucle magn\u00e8tic, que millora el so (sempre que tingueu activada la posici\u00f3 &#8220;T&#8221;) que arriba al vostre audi\u00f2fon o&#8230; <\/p>\n<p><a class=\"readmore\" href=\"https:\/\/acapps.org\/web\/2023\/07\/28\/el-concert-arrels-de-gracia-per-la-festa-major-sera-accessible-a-les-persones-amb-sordesa\/\">LLEGIR M\u00c9S<\/a><\/p>\n","protected":false},"author":3,"featured_media":0,"comment_status":"open","ping_status":"open","sticky":false,"template":"","format":"standard","meta":{"footnotes":""},"categories":[101,4,6,51,8,5,9,32,62],"tags":[],"_links":{"self":[{"href":"https:\/\/acapps.org\/web\/wp-json\/wp\/v2\/posts\/13868"}],"collection":[{"href":"https:\/\/acapps.org\/web\/wp-json\/wp\/v2\/posts"}],"about":[{"href":"https:\/\/acapps.org\/web\/wp-json\/wp\/v2\/types\/post"}],"author":[{"embeddable":true,"href":"https:\/\/acapps.org\/web\/wp-json\/wp\/v2\/users\/3"}],"replies":[{"embeddable":true,"href":"https:\/\/acapps.org\/web\/wp-json\/wp\/v2\/comments?post=13868"}],"version-history":[{"count":1,"href":"https:\/\/acapps.org\/web\/wp-json\/wp\/v2\/posts\/13868\/revisions"}],"predecessor-version":[{"id":13870,"href":"https:\/\/acapps.org\/web\/wp-json\/wp\/v2\/posts\/13868\/revisions\/13870"}],"wp:attachment":[{"href":"https:\/\/acapps.org\/web\/wp-json\/wp\/v2\/media?parent=13868"}],"wp:term":[{"taxonomy":"category","embeddable":true,"href":"https:\/\/acapps.org\/web\/wp-json\/wp\/v2\/categories?post=13868"},{"taxonomy":"post_tag","embeddable":true,"href":"https:\/\/acapps.org\/web\/wp-json\/wp\/v2\/tags?post=13868"}],"curies":[{"name":"wp","href":"https:\/\/api.w.org\/{rel}","templated":true}]}}