{"id":14028,"date":"2023-10-13T07:54:26","date_gmt":"2023-10-13T07:54:26","guid":{"rendered":"https:\/\/acapps.org\/web\/?p=14028"},"modified":"2023-10-13T07:54:28","modified_gmt":"2023-10-13T07:54:28","slug":"nova-alianca-per-a-latencio-de-les-persones-amb-sordesa-i-families-amb-salva-audiologia","status":"publish","type":"post","link":"https:\/\/acapps.org\/web\/2023\/10\/13\/nova-alianca-per-a-latencio-de-les-persones-amb-sordesa-i-families-amb-salva-audiologia\/","title":{"rendered":"Nova alian\u00e7a per a l&#8217;atenci\u00f3 de les persones amb sordesa i fam\u00edlies amb Salv\u00e0 Audiologia"},"content":{"rendered":"\n<p>Signem un nou conveni per millorar l&#8217;atenci\u00f3 a les persones amb sordesa i les fam\u00edlies amb el centre auditiu Salv\u00e0 Audiologia. Un centre que ha obert les seves portes a Badalona amb la voluntat de ser un centre de refer\u00e8ncia en atenci\u00f3 personalitzada i propera a les persones amb p\u00e8rdua auditiva, les fam\u00edlies amb fills i filles amb sordesa, amb una \u00e0rea pedi\u00e0trica pr\u00f2pia i que tamb\u00e9 tractaran de forma especialitzada el tinnitus, que reconeixen com un trastorn que afecta cada vegada a m\u00e9s persones que necessiten suport i acompanyament en el proc\u00e9s.<\/p>\n\n\n\n<p>Per N\u00faria Salv\u00e0, audioprotesista i logopeda, \u00e9s una oportunitat treballar col\u00b7laborativament amb l&#8217;associaci\u00f3 ACAPPS: &#8220;ens sentim plenament identificats amb els valors i drets que defensa l&#8217;entitat i esperem sumar-nos en aquest suport i acompanyament a les persones amb sordesa i les seves fam\u00edlies&#8221;.<\/p>\n\n\n\n<p>Per l&#8217;associaci\u00f3 tamb\u00e9 \u00e9s important teixir aliances amb centres auditius de proximitat que posin la persona en el centre de l&#8217;atenci\u00f3. &#8220;Volem treballar al costat d&#8217;aquelles empreses i organitzacions amb qui compartim models d&#8217;atenci\u00f3 i visi\u00f3 i amb qui podem avan\u00e7ar i fomentar formacions i accions de sensibilitzaci\u00f3 per fer m\u00e9s visible la sordesa i les necessitats de les persones afectades&#8221;, explica Laia Sullastres, directora d&#8217;ACAPPS.<\/p>\n\n\n\n<figure class=\"wp-block-image size-large\"><img loading=\"lazy\" decoding=\"async\" width=\"1024\" height=\"575\" src=\"https:\/\/acapps.org\/web\/wp-content\/uploads\/2023\/10\/1696944806605-1-1024x575.jpg\" alt=\"\" class=\"wp-image-14031\" srcset=\"https:\/\/acapps.org\/web\/wp-content\/uploads\/2023\/10\/1696944806605-1-1024x575.jpg 1024w, https:\/\/acapps.org\/web\/wp-content\/uploads\/2023\/10\/1696944806605-1-300x169.jpg 300w, https:\/\/acapps.org\/web\/wp-content\/uploads\/2023\/10\/1696944806605-1-768x432.jpg 768w, https:\/\/acapps.org\/web\/wp-content\/uploads\/2023\/10\/1696944806605-1-1536x863.jpg 1536w, https:\/\/acapps.org\/web\/wp-content\/uploads\/2023\/10\/1696944806605-1-2048x1151.jpg 2048w\" sizes=\"(max-width: 1024px) 100vw, 1024px\" \/><figcaption>D&#8217;esquerra a dreta, Laia Sullastres, directora d&#8217;ACAPPS -al centre- amb Gregori G\u00e9nova i N\u00faria Salv\u00e0 de Salv\u00e0 Audiologia<\/figcaption><\/figure>\n\n\n\n<p><\/p>\n\n\n\n<p><\/p>\n","protected":false},"excerpt":{"rendered":"<p>Signem un nou conveni per millorar l&#8217;atenci\u00f3 a les persones amb sordesa i les fam\u00edlies amb el centre auditiu Salv\u00e0 Audiologia. Un centre que ha obert les seves portes a Badalona amb la voluntat de ser un centre de refer\u00e8ncia en atenci\u00f3 personalitzada i propera a les persones amb p\u00e8rdua auditiva, les fam\u00edlies amb fills i filles amb sordesa, amb una \u00e0rea pedi\u00e0trica pr\u00f2pia i&#8230; <\/p>\n<p><a class=\"readmore\" href=\"https:\/\/acapps.org\/web\/2023\/10\/13\/nova-alianca-per-a-latencio-de-les-persones-amb-sordesa-i-families-amb-salva-audiologia\/\">LLEGIR M\u00c9S<\/a><\/p>\n","protected":false},"author":3,"featured_media":14029,"comment_status":"open","ping_status":"open","sticky":false,"template":"","format":"standard","meta":{"footnotes":""},"categories":[101,180,177,8,32,62],"tags":[],"_links":{"self":[{"href":"https:\/\/acapps.org\/web\/wp-json\/wp\/v2\/posts\/14028"}],"collection":[{"href":"https:\/\/acapps.org\/web\/wp-json\/wp\/v2\/posts"}],"about":[{"href":"https:\/\/acapps.org\/web\/wp-json\/wp\/v2\/types\/post"}],"author":[{"embeddable":true,"href":"https:\/\/acapps.org\/web\/wp-json\/wp\/v2\/users\/3"}],"replies":[{"embeddable":true,"href":"https:\/\/acapps.org\/web\/wp-json\/wp\/v2\/comments?post=14028"}],"version-history":[{"count":1,"href":"https:\/\/acapps.org\/web\/wp-json\/wp\/v2\/posts\/14028\/revisions"}],"predecessor-version":[{"id":14032,"href":"https:\/\/acapps.org\/web\/wp-json\/wp\/v2\/posts\/14028\/revisions\/14032"}],"wp:featuredmedia":[{"embeddable":true,"href":"https:\/\/acapps.org\/web\/wp-json\/wp\/v2\/media\/14029"}],"wp:attachment":[{"href":"https:\/\/acapps.org\/web\/wp-json\/wp\/v2\/media?parent=14028"}],"wp:term":[{"taxonomy":"category","embeddable":true,"href":"https:\/\/acapps.org\/web\/wp-json\/wp\/v2\/categories?post=14028"},{"taxonomy":"post_tag","embeddable":true,"href":"https:\/\/acapps.org\/web\/wp-json\/wp\/v2\/tags?post=14028"}],"curies":[{"name":"wp","href":"https:\/\/api.w.org\/{rel}","templated":true}]}}