{"id":14036,"date":"2023-10-17T08:54:43","date_gmt":"2023-10-17T08:54:43","guid":{"rendered":"https:\/\/acapps.org\/web\/?p=14036"},"modified":"2023-10-17T08:55:24","modified_gmt":"2023-10-17T08:55:24","slug":"el-dret-al-treball-de-les-persones-amb-discapacitat-a-debat-en-una-jornada-del-cocarmi-el-27-doctubre-a-girona","status":"publish","type":"post","link":"https:\/\/acapps.org\/web\/2023\/10\/17\/el-dret-al-treball-de-les-persones-amb-discapacitat-a-debat-en-una-jornada-del-cocarmi-el-27-doctubre-a-girona\/","title":{"rendered":"El dret al treball de les persones amb discapacitat, a debat en una jornada del COCARMI el 27 d&#8217;octubre a Girona"},"content":{"rendered":"\n<p>El <a href=\"http:\/\/www.cocarmi.cat\">Comit\u00e8 Catal\u00e0 de Representants de Persones amb Discapacitat <\/a>(COCARMI), principal plataforma de la discapacitat a Catalunya de la qual en entitat membre, posar\u00e0 sobre la taula el dret a l\u2019ocupaci\u00f3 de les persones amb discapacitat en una jornada el 27 d\u2019octubre a Girona, dins els actes del 25\u00e8 aniversari del Comit\u00e8 i sota el t\u00edtol\u00a0<strong>\u2018Dret al Treball de les persones amb discapacitat. Igualtat de Condicions?\u2019<\/strong><\/p>\n\n\n\n<p>L\u2019objectiu de la jornada \u00e9s reflexionar i reivindicar el dret a una feina digna i de qualitat, en igualtat de condicions que la resta de la societat, de les persones amb discapacitat, aix\u00ed com posar en valor els molts avantatges i beneficis que representa, per a les empreses, comptar amb persones amb discapacitat als seus equips i organitzacions.<\/p>\n\n\n\n<figure class=\"wp-block-image size-large\"><img loading=\"lazy\" decoding=\"async\" width=\"819\" height=\"1024\" src=\"https:\/\/acapps.org\/web\/wp-content\/uploads\/2023\/10\/Jornada-cocarmi_cat-27-octubre-def-1-819x1024.png\" alt=\"\" class=\"wp-image-14037\" srcset=\"https:\/\/acapps.org\/web\/wp-content\/uploads\/2023\/10\/Jornada-cocarmi_cat-27-octubre-def-1-819x1024.png 819w, https:\/\/acapps.org\/web\/wp-content\/uploads\/2023\/10\/Jornada-cocarmi_cat-27-octubre-def-1-240x300.png 240w, https:\/\/acapps.org\/web\/wp-content\/uploads\/2023\/10\/Jornada-cocarmi_cat-27-octubre-def-1-768x960.png 768w, https:\/\/acapps.org\/web\/wp-content\/uploads\/2023\/10\/Jornada-cocarmi_cat-27-octubre-def-1.png 1080w\" sizes=\"(max-width: 819px) 100vw, 819px\" \/><\/figure>\n\n\n\n<p><a href=\"https:\/\/docs.google.com\/forms\/d\/e\/1FAIpQLSdFoN8xMiQSsriPuZqoO3VsENRcnddNFvN51-OSjaA4Gd9m-w\/viewform\">AFORAMENT LIMITAT. INSCRIPCI\u00d3 A LA JORNADA<\/a><\/p>\n\n\n\n<p>Tot i ser un dret reconegut per la Convenci\u00f3 Internacional sobre els Drets de els Persones amb Discapacitat, les xifres&nbsp; mostren que aquest dret \u00e9s encara lluny d\u2019assolir-se plenament. Segons&nbsp;<a href=\"https:\/\/www.idescat.cat\/novetats\/?id=4453\" target=\"_blank\" rel=\"noreferrer noopener\">dades del 2021 de l\u2019Institut d\u2019Estad\u00edstica de Catalunya<\/a>, la taxa d\u2019ocupaci\u00f3 de les persones amb discapacitat era del 28,0 per cent (el 71,9 per cent en el cas de les persones sense discapacitat) i va disminuir 5 d\u00e8cimes respecte del 2020. Al seu torn, la taxa d\u2019atur de les persones amb discapacitat va ser del 20,6 per cent, 2,6 punts menys que el 2020 i 9,2 punts per sobre de la taxa de les persones sense discapacitat. Molta feina per fer!.<\/p>\n\n\n\n<p>La jornada de divendres 27 tindr\u00e0 lloc a l&#8217;auditori de Support Girona i arrencar\u00e0 amb la confer\u00e8ncia \u2018<strong>El futur de la feina de les persones amb discapacitat: oportunitats i desafiaments\u2019,<\/strong>&nbsp;a c\u00e0rrec de la<strong>&nbsp;directora gerent de la Federaci\u00f3n Empresarial Espa\u00f1ola de Asociaciones de Centros Especiales de Empleo (FEACEM)<\/strong>,&nbsp;<strong>Pepa Torres<\/strong>, qui parlar\u00e0 de la inclusi\u00f3 de persones amb discapacitat a les empreses per promoure un entorn laboral equitatiu i enriquidor.&nbsp;Tot seguit tindr\u00e0 lloc una taula rodona amb professionals de diferents empreses gironines (Hotel Ult\u00f2nia, La Fageda, Toni Pons) que explicaran la seva experi\u00e8ncia en la contractaci\u00f3 de persones amb discapacitat, oportunitats i reptes.&nbsp;<\/p>\n\n\n\n<p>L\u2019acte ser\u00e0 inaugurat per&nbsp;<strong>Merc\u00e8 Batlle<\/strong>,&nbsp;<strong>presidenta del COCARMI<\/strong>&nbsp;i&nbsp;<strong>Juli Silvestre<\/strong>,&nbsp;<strong>director general d&#8217;Economia Social, el Tercer Sector i les Cooperatives, de la Generalitat de Catalunya<\/strong>.<\/p>\n\n\n\n<p>La cloenda anir\u00e0 a c\u00e0rrec de&nbsp;<strong>Lluc Salellas, alcalde de la ciutat de Girona<\/strong>.<\/p>\n\n\n\n<p>La sala \u00e9s accessible per a les persones amb mobilitat redu\u00efda. La jornada comptar\u00e0 amb subtitulaci\u00f3 en directe i amb interpretaci\u00f3 en Llengua de Signes Catalana.<\/p>\n\n\n\n<p>Aquesta jornada,\u00a0que t\u00e9 el suport de FEACEM, l\u2019ajuntament de Girona, La Fageda, Support, Toni Pons, el Grup Excursionista i Esportiu Giron\u00ed (GEIEG) i Hotel Ult\u00f2nia,\u00a0\u00e9s la segona de les tres previstes dins els actes del 25\u00e8 aniversari de l\u2019entitat.\u00a0 La primera d\u2019elles es va celebrar el 20 de mar\u00e7 a Lleida sota el t\u00edtol\u00a0<strong>\u2018Accessibilitat, autonomia i discapacitat\u2019<\/strong>. La tercera, i a tall de cloenda, tindr\u00e0 lloc els dies 29 i 30 de novembre a Barcelona.<\/p>\n\n\n\n<p style=\"color:#3ca5ba;font-size:22px\" class=\"has-text-color\"><a href=\"https:\/\/docs.google.com\/forms\/d\/e\/1FAIpQLSdFoN8xMiQSsriPuZqoO3VsENRcnddNFvN51-OSjaA4Gd9m-w\/viewform\">AFORAMENT LIMITAT. INSCRIPCI\u00d3 A LA JORNADA<\/a><\/p>\n","protected":false},"excerpt":{"rendered":"<p>El Comit\u00e8 Catal\u00e0 de Representants de Persones amb Discapacitat (COCARMI), principal plataforma de la discapacitat a Catalunya de la qual en entitat membre, posar\u00e0 sobre la taula el dret a l\u2019ocupaci\u00f3 de les persones amb discapacitat en una jornada el 27 d\u2019octubre a Girona, dins els actes del 25\u00e8 aniversari del Comit\u00e8 i sota el t\u00edtol\u00a0\u2018Dret al Treball de les persones amb discapacitat. Igualtat de&#8230; <\/p>\n<p><a class=\"readmore\" href=\"https:\/\/acapps.org\/web\/2023\/10\/17\/el-dret-al-treball-de-les-persones-amb-discapacitat-a-debat-en-una-jornada-del-cocarmi-el-27-doctubre-a-girona\/\">LLEGIR M\u00c9S<\/a><\/p>\n","protected":false},"author":3,"featured_media":14038,"comment_status":"open","ping_status":"open","sticky":false,"template":"","format":"standard","meta":{"footnotes":""},"categories":[101,70,8,86,68,9,32,62,3],"tags":[],"_links":{"self":[{"href":"https:\/\/acapps.org\/web\/wp-json\/wp\/v2\/posts\/14036"}],"collection":[{"href":"https:\/\/acapps.org\/web\/wp-json\/wp\/v2\/posts"}],"about":[{"href":"https:\/\/acapps.org\/web\/wp-json\/wp\/v2\/types\/post"}],"author":[{"embeddable":true,"href":"https:\/\/acapps.org\/web\/wp-json\/wp\/v2\/users\/3"}],"replies":[{"embeddable":true,"href":"https:\/\/acapps.org\/web\/wp-json\/wp\/v2\/comments?post=14036"}],"version-history":[{"count":1,"href":"https:\/\/acapps.org\/web\/wp-json\/wp\/v2\/posts\/14036\/revisions"}],"predecessor-version":[{"id":14039,"href":"https:\/\/acapps.org\/web\/wp-json\/wp\/v2\/posts\/14036\/revisions\/14039"}],"wp:featuredmedia":[{"embeddable":true,"href":"https:\/\/acapps.org\/web\/wp-json\/wp\/v2\/media\/14038"}],"wp:attachment":[{"href":"https:\/\/acapps.org\/web\/wp-json\/wp\/v2\/media?parent=14036"}],"wp:term":[{"taxonomy":"category","embeddable":true,"href":"https:\/\/acapps.org\/web\/wp-json\/wp\/v2\/categories?post=14036"},{"taxonomy":"post_tag","embeddable":true,"href":"https:\/\/acapps.org\/web\/wp-json\/wp\/v2\/tags?post=14036"}],"curies":[{"name":"wp","href":"https:\/\/api.w.org\/{rel}","templated":true}]}}