{"id":14046,"date":"2023-10-23T10:56:17","date_gmt":"2023-10-23T10:56:17","guid":{"rendered":"https:\/\/acapps.org\/web\/?p=14046"},"modified":"2023-10-23T11:03:23","modified_gmt":"2023-10-23T11:03:23","slug":"voluntaris-i-voluntaries-dacapps-experimenten-laccessibilitat-per-a-les-persones-amb-sordesa-que-ofereix-el-museu-temporal-del-barca","status":"publish","type":"post","link":"https:\/\/acapps.org\/web\/2023\/10\/23\/voluntaris-i-voluntaries-dacapps-experimenten-laccessibilitat-per-a-les-persones-amb-sordesa-que-ofereix-el-museu-temporal-del-barca\/","title":{"rendered":"Voluntaris i volunt\u00e0ries d\u2019ACAPPS experimenten l\u2019accessibilitat per a les persones amb sordesa que ofereix el Museu temporal del Bar\u00e7a"},"content":{"rendered":"\n<p class=\"has-medium-font-size\"><strong>L\u2019acci\u00f3 s\u2019emmarca en el conveni entre el FC Barcelona i ACAPPS per a la inclusi\u00f3 del col\u00b7lectiu<\/strong><\/p>\n\n\n\n<p>Nou pas endavant per a la inclusi\u00f3 de les persones amb sordesa, promovent<br>l\u2019accessibilitat comunicativa i la seva autonomia! Gr\u00e0cies al conveni de col\u00b7laboraci\u00f3 d\u2019ACAPPS amb el FC Barcelona, nascut amb aquest objectiu, el passat dimecres 18 d\u2019octubre un grup de persones amb sordesa volunt\u00e0ries d\u2019ACAPPS van visitar el museu temporal del Bar\u00e7a amb l\u2019objectiu de valorar i oferir el seu punt de vista de les mesures d\u2019accessibilitat per a les persones amb sordesa.<\/p>\n\n\n\n<p><\/p>\n\n\n\n<figure class=\"wp-block-gallery columns-3 is-cropped wp-block-gallery-1 is-layout-flex wp-block-gallery-is-layout-flex\"><ul class=\"blocks-gallery-grid\"><li class=\"blocks-gallery-item\"><figure><img loading=\"lazy\" decoding=\"async\" width=\"1024\" height=\"768\" src=\"https:\/\/acapps.org\/web\/wp-content\/uploads\/2023\/10\/IMG_0013-1024x768.jpg\" alt=\"\" data-id=\"14049\" data-link=\"https:\/\/acapps.org\/web\/?attachment_id=14049\" class=\"wp-image-14049\" srcset=\"https:\/\/acapps.org\/web\/wp-content\/uploads\/2023\/10\/IMG_0013-1024x768.jpg 1024w, https:\/\/acapps.org\/web\/wp-content\/uploads\/2023\/10\/IMG_0013-300x225.jpg 300w, https:\/\/acapps.org\/web\/wp-content\/uploads\/2023\/10\/IMG_0013-768x576.jpg 768w, https:\/\/acapps.org\/web\/wp-content\/uploads\/2023\/10\/IMG_0013-1536x1152.jpg 1536w, https:\/\/acapps.org\/web\/wp-content\/uploads\/2023\/10\/IMG_0013-2048x1536.jpg 2048w\" sizes=\"(max-width: 1024px) 100vw, 1024px\" \/><\/figure><\/li><li class=\"blocks-gallery-item\"><figure><img loading=\"lazy\" decoding=\"async\" width=\"768\" height=\"1024\" src=\"https:\/\/acapps.org\/web\/wp-content\/uploads\/2023\/10\/IMG_0054-768x1024.jpg\" alt=\"\" data-id=\"14050\" data-link=\"https:\/\/acapps.org\/web\/?attachment_id=14050\" class=\"wp-image-14050\" srcset=\"https:\/\/acapps.org\/web\/wp-content\/uploads\/2023\/10\/IMG_0054-768x1024.jpg 768w, https:\/\/acapps.org\/web\/wp-content\/uploads\/2023\/10\/IMG_0054-225x300.jpg 225w, https:\/\/acapps.org\/web\/wp-content\/uploads\/2023\/10\/IMG_0054-1152x1536.jpg 1152w, https:\/\/acapps.org\/web\/wp-content\/uploads\/2023\/10\/IMG_0054-1536x2048.jpg 1536w, https:\/\/acapps.org\/web\/wp-content\/uploads\/2023\/10\/IMG_0054-scaled.jpg 1920w\" sizes=\"(max-width: 768px) 100vw, 768px\" \/><\/figure><\/li><li class=\"blocks-gallery-item\"><figure><img loading=\"lazy\" decoding=\"async\" width=\"1024\" height=\"768\" src=\"https:\/\/acapps.org\/web\/wp-content\/uploads\/2023\/10\/IMG_0052-1024x768.jpg\" alt=\"\" data-id=\"14052\" data-link=\"https:\/\/acapps.org\/web\/?attachment_id=14052\" class=\"wp-image-14052\" srcset=\"https:\/\/acapps.org\/web\/wp-content\/uploads\/2023\/10\/IMG_0052-1024x768.jpg 1024w, https:\/\/acapps.org\/web\/wp-content\/uploads\/2023\/10\/IMG_0052-300x225.jpg 300w, https:\/\/acapps.org\/web\/wp-content\/uploads\/2023\/10\/IMG_0052-768x576.jpg 768w, https:\/\/acapps.org\/web\/wp-content\/uploads\/2023\/10\/IMG_0052-1536x1152.jpg 1536w, https:\/\/acapps.org\/web\/wp-content\/uploads\/2023\/10\/IMG_0052-2048x1536.jpg 2048w\" sizes=\"(max-width: 1024px) 100vw, 1024px\" \/><\/figure><\/li><li class=\"blocks-gallery-item\"><figure><img loading=\"lazy\" decoding=\"async\" width=\"1024\" height=\"677\" src=\"https:\/\/acapps.org\/web\/wp-content\/uploads\/2023\/10\/IMG_0004_ret-1024x677.jpg\" alt=\"\" data-id=\"14054\" data-full-url=\"https:\/\/acapps.org\/web\/wp-content\/uploads\/2023\/10\/IMG_0004_ret-scaled.jpg\" data-link=\"https:\/\/acapps.org\/web\/?attachment_id=14054\" class=\"wp-image-14054\" srcset=\"https:\/\/acapps.org\/web\/wp-content\/uploads\/2023\/10\/IMG_0004_ret-1024x677.jpg 1024w, https:\/\/acapps.org\/web\/wp-content\/uploads\/2023\/10\/IMG_0004_ret-300x198.jpg 300w, https:\/\/acapps.org\/web\/wp-content\/uploads\/2023\/10\/IMG_0004_ret-768x508.jpg 768w, https:\/\/acapps.org\/web\/wp-content\/uploads\/2023\/10\/IMG_0004_ret-1536x1016.jpg 1536w, https:\/\/acapps.org\/web\/wp-content\/uploads\/2023\/10\/IMG_0004_ret-2048x1355.jpg 2048w\" sizes=\"(max-width: 1024px) 100vw, 1024px\" \/><\/figure><\/li><\/ul><figcaption class=\"blocks-gallery-caption\">Persones amb sordesa volunt\u00e0ries d&#8217;ACAPPS experimenten l&#8217;accessibilitat que ofereix el Museu temporal del Bar\u00e7a. FOTOS| FC Barcelona.<\/figcaption><\/figure>\n\n\n\n<p><\/p>\n\n\n\n<p>El departament de Diversitat, Equitat i Inclusi\u00f3, impulsor d\u2019aquesta iniciativa, parteix de la base de qu\u00e8 una societat inclusiva passa per entendre que les persones som diferents i tenim necessitats diferents. En aquest sentit, el Club aposta per promoure la tecnologia que garanteixi que tots els espais, tant f\u00edsics com digitals, siguin accessibles.<\/p>\n\n\n\n<p>Actualment, el Museu temporal del FC Barcelona compta amb el bucle magn\u00e8tic al mostrador, una audioguia i subt\u00edtols a tots els continguts audiovisuals.<\/p>\n\n\n\n<p style=\"color:#3ca5ba;font-size:24px\" class=\"has-text-color\">\u201c\u00c9s la primera vegada que una instituci\u00f3 em demana l\u2019opini\u00f3 per incloure\u2019m\u201d<\/p>\n\n\n\n<p>L&#8217;Ariadna Cardel\u00fas \u00e9s una de les persones s\u00f2cies i volunt\u00e0ries d&#8217;ACAPPS que ha fet la prova per valorar l&#8217;accessibilitat al museu del FC Barcelona. Ella va perdre l&#8217;audici\u00f3 als 27 anys i, malgrat els audi\u00f2fons, necessita que tots els entorns comptin amb mesures d&#8217;accessibilitat per poder-se comunicar de forma aut\u00f2noma. Mesures com les que ha habilitat el FB Barcelona i que permeten que les persones amb sordesa com l&#8217;Ariadna puguin gaudir<br>plenament de la visita al museu: &#8220;el bucle magn\u00e8tic que hi ha al mostrador em va permetre comunicar-me\u00a0 i resoldre els dubtes que tenia abans d&#8217;entrar; vaig poder seguir la visita amb els subt\u00edtols als v\u00eddeos i l&#8217;audioguia&#8221;.<\/p>\n\n\n\n<figure class=\"wp-block-image size-large\"><img loading=\"lazy\" decoding=\"async\" width=\"1024\" height=\"768\" src=\"https:\/\/acapps.org\/web\/wp-content\/uploads\/2023\/10\/IMG_0010-1024x768.jpg\" alt=\"\" class=\"wp-image-14048\" srcset=\"https:\/\/acapps.org\/web\/wp-content\/uploads\/2023\/10\/IMG_0010-1024x768.jpg 1024w, https:\/\/acapps.org\/web\/wp-content\/uploads\/2023\/10\/IMG_0010-300x225.jpg 300w, https:\/\/acapps.org\/web\/wp-content\/uploads\/2023\/10\/IMG_0010-768x576.jpg 768w, https:\/\/acapps.org\/web\/wp-content\/uploads\/2023\/10\/IMG_0010-1536x1152.jpg 1536w, https:\/\/acapps.org\/web\/wp-content\/uploads\/2023\/10\/IMG_0010-2048x1536.jpg 2048w\" sizes=\"(max-width: 1024px) 100vw, 1024px\" \/><figcaption>L&#8217;Ariadna i la resta de persones amb sordesa volunt\u00e0ries d&#8217;ACAPPS van poder seguir el guia gr\u00e0cies al bucle magn\u00e8tic, que millora el so que arriba a l&#8217;audi\u00f2fon o implant coclear. <br>FOTO| FC Barcelona<\/figcaption><\/figure>\n\n\n\n<p>Sense aquesta accessibilitat, els subt\u00edtols i el bucle magn\u00e8tic, les persones amb sordesa no poden participar a les activitats, fet que les exclou. Per aix\u00f2 l&#8217;Ariadna reivindica una societat que\u00a0inclogui a tothom i valora molt positivament la tasca que est\u00e0 fent el FC Barcelona, amb la col\u00b7laboraci\u00f3 d&#8217;ACAPPS, per a l&#8217;accessibilitat del col\u00b7lectiu: &#8220;en el meu cas, \u00e9s la primera vegada que una instituci\u00f3 em demana l&#8217;opini\u00f3 amb l&#8217;objectiu de poder-<br>me incloure malgrat la meva discapacitat auditiva. Ens van tractar molt b\u00e9 i tenint en compte en tot moment les nostres necessitats. N&#8217;estic molt agra\u00efda i espero que altres organitzacions s&#8217;engresquin a treballar en aquesta l\u00ednia&#8221;, explica.<\/p>\n\n\n\n<p>Des d\u2019ACAPPS valorem molt positivament el comprom\u00eds del FB Barcelona per a la inclusi\u00f3 del col\u00b7lectiu i confiem que les seves actuacions converteixin el club en un referent d\u2019accessibilitat comunicativa per a altres organitzacions. Una senyal de la seva implicaci\u00f3 \u00e9s la voluntat de comptar amb el feedback real dels usuaris i usu\u00e0ries per con\u00e8ixer de primera m\u00e0 en quin punt es troba l\u2019entitat i seguir treballant aix\u00ed en generar una experi\u00e8ncia el m\u00e9s satisfact\u00f2ria possible per a aquest col\u00b7lectiu.<br>\u00a0<br><strong>El Bar\u00e7a i el seu comprom\u00eds amb l&#8217;accessibilitat<br><\/strong>El FC Barcelona, en el seu comprom\u00eds per la millora en l&#8217;accessibilitat de les seves instal\u00b7lacions, compta actualment tamb\u00e9 amb altres iniciatives com la soluci\u00f3 Visualfy a\u00a0l\u2019Oficina d\u2019Atenci\u00f3 al Barcelonista\u00a0(OAB).\u00a0Visualfy,\u00a0especialitzada a crear solucions<br>tecnol\u00f2giques per a persones amb sordesa o amb p\u00e8rdua auditiva \u00e9s \u00a0una start-up participada pel Bar\u00e7a Innovation Hub, la plataforma d\u2019innovaci\u00f3 i coneixement del FC Barcelona.<\/p>\n\n\n\n<p><br><strong>Una realitat, en dades<br><\/strong>Catalunya registra actualment 272.300 persones amb p\u00e8rdua auditiva, segons dades d\u2019Encuesta Nacional de Salud (INE). I segons la Comissi\u00f3 per la Detecci\u00f3 Preco\u00e7 de la hipoac\u00fasia, a l\u2019estat espanyol s\u00f3n 2.500 fam\u00edlies amb un fill o filla acabat de n\u00e9ixer amb sordesa cada any.<\/p>\n","protected":false},"excerpt":{"rendered":"<p>L\u2019acci\u00f3 s\u2019emmarca en el conveni entre el FC Barcelona i ACAPPS per a la inclusi\u00f3 del col\u00b7lectiu Nou pas endavant per a la inclusi\u00f3 de les persones amb sordesa, promoventl\u2019accessibilitat comunicativa i la seva autonomia! Gr\u00e0cies al conveni de col\u00b7laboraci\u00f3 d\u2019ACAPPS amb el FC Barcelona, nascut amb aquest objectiu, el passat dimecres 18 d\u2019octubre un grup de persones amb sordesa volunt\u00e0ries d\u2019ACAPPS van visitar el&#8230; <\/p>\n<p><a class=\"readmore\" href=\"https:\/\/acapps.org\/web\/2023\/10\/23\/voluntaris-i-voluntaries-dacapps-experimenten-laccessibilitat-per-a-les-persones-amb-sordesa-que-ofereix-el-museu-temporal-del-barca\/\">LLEGIR M\u00c9S<\/a><\/p>\n","protected":false},"author":3,"featured_media":14047,"comment_status":"open","ping_status":"open","sticky":false,"template":"","format":"standard","meta":{"footnotes":""},"categories":[101,4,177,8,86,9,32,62],"tags":[],"_links":{"self":[{"href":"https:\/\/acapps.org\/web\/wp-json\/wp\/v2\/posts\/14046"}],"collection":[{"href":"https:\/\/acapps.org\/web\/wp-json\/wp\/v2\/posts"}],"about":[{"href":"https:\/\/acapps.org\/web\/wp-json\/wp\/v2\/types\/post"}],"author":[{"embeddable":true,"href":"https:\/\/acapps.org\/web\/wp-json\/wp\/v2\/users\/3"}],"replies":[{"embeddable":true,"href":"https:\/\/acapps.org\/web\/wp-json\/wp\/v2\/comments?post=14046"}],"version-history":[{"count":6,"href":"https:\/\/acapps.org\/web\/wp-json\/wp\/v2\/posts\/14046\/revisions"}],"predecessor-version":[{"id":14060,"href":"https:\/\/acapps.org\/web\/wp-json\/wp\/v2\/posts\/14046\/revisions\/14060"}],"wp:featuredmedia":[{"embeddable":true,"href":"https:\/\/acapps.org\/web\/wp-json\/wp\/v2\/media\/14047"}],"wp:attachment":[{"href":"https:\/\/acapps.org\/web\/wp-json\/wp\/v2\/media?parent=14046"}],"wp:term":[{"taxonomy":"category","embeddable":true,"href":"https:\/\/acapps.org\/web\/wp-json\/wp\/v2\/categories?post=14046"},{"taxonomy":"post_tag","embeddable":true,"href":"https:\/\/acapps.org\/web\/wp-json\/wp\/v2\/tags?post=14046"}],"curies":[{"name":"wp","href":"https:\/\/api.w.org\/{rel}","templated":true}]}}