{"id":14285,"date":"2024-01-16T14:26:01","date_gmt":"2024-01-16T14:26:01","guid":{"rendered":"https:\/\/acapps.org\/web\/?p=14285"},"modified":"2024-03-01T09:35:54","modified_gmt":"2024-03-01T09:35:54","slug":"es-crea-la-unitat-datencio-a-les-families-i-suport-a-la-inclusio-educativa","status":"publish","type":"post","link":"https:\/\/acapps.org\/web\/2024\/01\/16\/es-crea-la-unitat-datencio-a-les-families-i-suport-a-la-inclusio-educativa\/","title":{"rendered":"Es crea la Unitat d&#8217;Atenci\u00f3 a les Fam\u00edlies i Suport a la Inclusi\u00f3 Educativa"},"content":{"rendered":"\n<p><strong>La Direcci\u00f3 General d&#8217;Educaci\u00f3 Inclusiva del departament d&#8217;Educaci\u00f3 posa en marxa la <a href=\"https:\/\/acapps.org\/web\/wp-content\/uploads\/2024\/03\/Infografia_Unitat-1.pdf\">Unitat d&#8217;Atenci\u00f3 a les Fam\u00edlies i Suport a la Inclusi\u00f3 Educativa.<\/a><\/strong><\/p>\n\n\n\n<p>El servei vol ser un canal de comunicaci\u00f3 i escolta activa amb tots els agents implicats en la inclusi\u00f3 educativa. Les fam\u00edlies dels infants amb necessitats educatives especials s\u00f3n un agent clau en aquest proc\u00e9s i, per tant, es vool facilitar, a trav\u00e9s d&#8217;aquesta Unitat, la seva participaci\u00f3 activa en el sistema educatiu inclusiu.<\/p>\n\n\n\n<p>Des d&#8217;ACAPPS seguim treballant i incidint perqu\u00e8 el sistema educatiu inclusiu tingui present les mesures d&#8217;accessibilitat que necessita l&#8217;alumnat amb sordesa, com els subt\u00edtols, el bucle magn\u00e8tic i les emissores FM i la formaci\u00f3 permanent de la comunitat educativa per a l&#8217;atenci\u00f3 i comunicaci\u00f3 de l&#8217;alumnat amb sordesa.<\/p>\n\n\n\n<figure class=\"wp-block-image size-full\"><a href=\"https:\/\/acapps.org\/web\/wp-content\/uploads\/2024\/03\/unitat_atencio_inclusio_educativa.jpg\"><img loading=\"lazy\" decoding=\"async\" width=\"650\" height=\"902\" src=\"https:\/\/acapps.org\/web\/wp-content\/uploads\/2024\/03\/unitat_atencio_inclusio_educativa.jpg\" alt=\"\" class=\"wp-image-14621\" srcset=\"https:\/\/acapps.org\/web\/wp-content\/uploads\/2024\/03\/unitat_atencio_inclusio_educativa.jpg 650w, https:\/\/acapps.org\/web\/wp-content\/uploads\/2024\/03\/unitat_atencio_inclusio_educativa-216x300.jpg 216w\" sizes=\"(max-width: 650px) 100vw, 650px\" \/><\/a><\/figure>\n\n\n\n<p><\/p>\n","protected":false},"excerpt":{"rendered":"<p>La Direcci\u00f3 General d&#8217;Educaci\u00f3 Inclusiva del departament d&#8217;Educaci\u00f3 posa en marxa la Unitat d&#8217;Atenci\u00f3 a les Fam\u00edlies i Suport a la Inclusi\u00f3 Educativa. El servei vol ser un canal de comunicaci\u00f3 i escolta activa amb tots els agents implicats en la inclusi\u00f3 educativa. Les fam\u00edlies dels infants amb necessitats educatives especials s\u00f3n un agent clau en aquest proc\u00e9s i, per tant, es vool facilitar, a&#8230; <\/p>\n<p><a class=\"readmore\" href=\"https:\/\/acapps.org\/web\/2024\/01\/16\/es-crea-la-unitat-datencio-a-les-families-i-suport-a-la-inclusio-educativa\/\">LLEGIR M\u00c9S<\/a><\/p>\n","protected":false},"author":3,"featured_media":12762,"comment_status":"open","ping_status":"open","sticky":false,"template":"","format":"standard","meta":{"footnotes":""},"categories":[101,8,86,80,7,9,32,62],"tags":[],"_links":{"self":[{"href":"https:\/\/acapps.org\/web\/wp-json\/wp\/v2\/posts\/14285"}],"collection":[{"href":"https:\/\/acapps.org\/web\/wp-json\/wp\/v2\/posts"}],"about":[{"href":"https:\/\/acapps.org\/web\/wp-json\/wp\/v2\/types\/post"}],"author":[{"embeddable":true,"href":"https:\/\/acapps.org\/web\/wp-json\/wp\/v2\/users\/3"}],"replies":[{"embeddable":true,"href":"https:\/\/acapps.org\/web\/wp-json\/wp\/v2\/comments?post=14285"}],"version-history":[{"count":4,"href":"https:\/\/acapps.org\/web\/wp-json\/wp\/v2\/posts\/14285\/revisions"}],"predecessor-version":[{"id":14623,"href":"https:\/\/acapps.org\/web\/wp-json\/wp\/v2\/posts\/14285\/revisions\/14623"}],"wp:featuredmedia":[{"embeddable":true,"href":"https:\/\/acapps.org\/web\/wp-json\/wp\/v2\/media\/12762"}],"wp:attachment":[{"href":"https:\/\/acapps.org\/web\/wp-json\/wp\/v2\/media?parent=14285"}],"wp:term":[{"taxonomy":"category","embeddable":true,"href":"https:\/\/acapps.org\/web\/wp-json\/wp\/v2\/categories?post=14285"},{"taxonomy":"post_tag","embeddable":true,"href":"https:\/\/acapps.org\/web\/wp-json\/wp\/v2\/tags?post=14285"}],"curies":[{"name":"wp","href":"https:\/\/api.w.org\/{rel}","templated":true}]}}