{"id":14432,"date":"2024-01-30T10:06:00","date_gmt":"2024-01-30T10:06:00","guid":{"rendered":"https:\/\/acapps.org\/web\/?p=14432"},"modified":"2024-01-30T10:06:02","modified_gmt":"2024-01-30T10:06:02","slug":"objectiu-2024-ampliarem-lobservatori-amb-noves-publicacions-i-informes","status":"publish","type":"post","link":"https:\/\/acapps.org\/web\/2024\/01\/30\/objectiu-2024-ampliarem-lobservatori-amb-noves-publicacions-i-informes\/","title":{"rendered":"Objectiu 2024: ampliarem l&#8217;Observatori amb noves publicacions i informes"},"content":{"rendered":"\n<p>Com a eina de transpar\u00e8ncia i de obertura a la participaci\u00f3, publiquem en format d&#8217;informes, el coneixement que generem  i els posicionaments que la Junta Directiva pren sobre les pol\u00edtiques p\u00fabliques, aix\u00ed com les aportacions que fa la Federaci\u00f3 a processos legislatius. \u00c9s l<a href=\"https:\/\/acapps.org\/web\/observatori\/\">&#8216;Observatori de l&#8217;Accessibilitat a la Comunicaci\u00f3 Oral de les persones amb sordesa<\/a>, una secci\u00f3 permanent de l&#8217;espai Consulta del nostre web acapps.org.<\/p>\n\n\n\n<p>A m\u00e9s, l&#8217;Observatori \u00e9s un instrument viu: les persones i fam\u00edlies s\u00f2cies d&#8217;ACAPPS hi poden participar fent aportacions a documents concrets per si detecteu alguna mancan\u00e7a o algun canvi a proposar.<br><br>Per a aquest 2024 ja tenim previstes les publicacions que volem generar i que ara us detallarem. Si voleu participar m\u00e9s directament sobre algun dels documents, perqu\u00e8 en teniu un coneixement espec\u00edfic, una vinculaci\u00f3<br>professional amb el tema o un inter\u00e8s determinat, podeu posar-vos en contacte amb nosaltres al correu <a href=\"mailto:coordinacio@federacioacaps.org\">coordinacio@federacioacaps.org<\/a><br>Els documents que emprendrem aquest any seran:<\/p>\n\n\n\n<ul><li>Revisi\u00f3 de la traducci\u00f3 de les normes d\u2019accessibilitat d\u2019internet WCAG3<\/li><li><strong>Accessibilitat en els processos de just\u00edcia restaurativa: <\/strong>si heu viscut un proc\u00e9s d\u2019aquesta mena o en teniu coneixement, si us plau, <a href=\"coordinacio@federacioacapps.org\">contacteu<\/a>!<\/li><li><strong>Accessibilitat als centres penitenciaris de Catalunya:<\/strong> si hi teniu relaci\u00f3 professional o personal o en teniu coneixement, si us plau, <a href=\"coordinacio@federacioacapps.org\">contacteu!<\/a><\/li><li><strong>Activitat policial dels Mossos d\u2019Esquadra i accessibilitat de la comunicaci\u00f3 oral:<\/strong> si en teniu coneixement o relaci\u00f3 professional o personal, <a href=\"coordinacio@federacioacapps.org\">poseu-vos en contacte<\/a> amb nosaltres.<\/li><li><strong>Sessi\u00f3 per a desenvolupadors de software de transcripci\u00f3 i subtitulaci\u00f3 en catal\u00e0. <\/strong>Si us hi dediqueu professional, si us plau, <a href=\"coordinacio@federacioacapps.org\">contacteu!<\/a><\/li><li><strong>Salut emocional i sordesa<\/strong>: arran de l\u2019inter\u00e8s que es va concretar a les darreres jornades, volem fer un material de formaci\u00f3 per a professionals de la psicologia. Per aix\u00f2 necessitem localitzar persones que hagin necessitat suport emocional professional en moments concrets del seu proc\u00e9s de sordesa i que ens pugueu informar dels\/de les professionals que coneixeu que han at\u00e8s persones amb sordesa i\/o les seves fam\u00edlies. Si coneixeu algun\/a professional, si voleu explicar-nos en confidencialitat la vostra experi\u00e8ncia, si us plau <a href=\"coordinacio@federacioacapps.org\">contacteu!<\/a><\/li><li><strong>Accessibilitat a l\u2019administraci\u00f3 de just\u00edcia:<\/strong> actualitzarem els documents per afegir-hi les darreres modificacions legislatives. Si ets una persona amb formaci\u00f3 jur\u00eddica, professional del gremi, o has de viure un procediment judicial aviat,<a href=\"coordinacio@federacioacapps.org\"> contacta amb nosaltres!<\/a><\/li><li><strong>Guies d\u2019aplicaci\u00f3 del Codi d\u2019Accessibilitat: <\/strong>amb la doble intenci\u00f3 d\u2019informar als diferents sectors d\u2019activitat de quins canvis han d\u2019incorporar a les seves instal\u00b7lacions i maneres de fer i d\u2019informar-vos de quins s\u00f3n els nous drets que us assisteixen a cada<br>situaci\u00f3, volem fer una col\u00b7lecci\u00f3 de petites guies sobre el Codi d\u2019Accessibilitat de Catalunya. Si us interessa un sector en especial,<a href=\"coordinacio@federacioacapps.org\"> si us plau contacteu!<\/a><\/li><li><strong>Glossa de demandes als partits pol\u00edtics que concorreran a les eleccions catalanes:<\/strong> donat que les eleccions seran d\u2019aqu\u00ed a un any com a molt, ens comencem a preparar-nos. Volem fer un document perqu\u00e8 els partits pol\u00edtics coneguin les demandes del nostre col\u00b7lectiu i les incorporin al seu programa electoral. Us en mantindrem informades! <\/li><\/ul>\n","protected":false},"excerpt":{"rendered":"<p>Com a eina de transpar\u00e8ncia i de obertura a la participaci\u00f3, publiquem en format d&#8217;informes, el coneixement que generem i els posicionaments que la Junta Directiva pren sobre les pol\u00edtiques p\u00fabliques, aix\u00ed com les aportacions que fa la Federaci\u00f3 a processos legislatius. \u00c9s l&#8216;Observatori de l&#8217;Accessibilitat a la Comunicaci\u00f3 Oral de les persones amb sordesa, una secci\u00f3 permanent de l&#8217;espai Consulta del nostre web acapps.org&#8230;. <\/p>\n<p><a class=\"readmore\" href=\"https:\/\/acapps.org\/web\/2024\/01\/30\/objectiu-2024-ampliarem-lobservatori-amb-noves-publicacions-i-informes\/\">LLEGIR M\u00c9S<\/a><\/p>\n","protected":false},"author":3,"featured_media":9468,"comment_status":"open","ping_status":"open","sticky":false,"template":"","format":"standard","meta":{"footnotes":""},"categories":[4,8,86,116,32,104,62],"tags":[42,192,185,202],"_links":{"self":[{"href":"https:\/\/acapps.org\/web\/wp-json\/wp\/v2\/posts\/14432"}],"collection":[{"href":"https:\/\/acapps.org\/web\/wp-json\/wp\/v2\/posts"}],"about":[{"href":"https:\/\/acapps.org\/web\/wp-json\/wp\/v2\/types\/post"}],"author":[{"embeddable":true,"href":"https:\/\/acapps.org\/web\/wp-json\/wp\/v2\/users\/3"}],"replies":[{"embeddable":true,"href":"https:\/\/acapps.org\/web\/wp-json\/wp\/v2\/comments?post=14432"}],"version-history":[{"count":1,"href":"https:\/\/acapps.org\/web\/wp-json\/wp\/v2\/posts\/14432\/revisions"}],"predecessor-version":[{"id":14436,"href":"https:\/\/acapps.org\/web\/wp-json\/wp\/v2\/posts\/14432\/revisions\/14436"}],"wp:featuredmedia":[{"embeddable":true,"href":"https:\/\/acapps.org\/web\/wp-json\/wp\/v2\/media\/9468"}],"wp:attachment":[{"href":"https:\/\/acapps.org\/web\/wp-json\/wp\/v2\/media?parent=14432"}],"wp:term":[{"taxonomy":"category","embeddable":true,"href":"https:\/\/acapps.org\/web\/wp-json\/wp\/v2\/categories?post=14432"},{"taxonomy":"post_tag","embeddable":true,"href":"https:\/\/acapps.org\/web\/wp-json\/wp\/v2\/tags?post=14432"}],"curies":[{"name":"wp","href":"https:\/\/api.w.org\/{rel}","templated":true}]}}