{"id":14539,"date":"2024-02-13T10:46:27","date_gmt":"2024-02-13T10:46:27","guid":{"rendered":"https:\/\/acapps.org\/web\/?p=14539"},"modified":"2024-02-13T10:51:35","modified_gmt":"2024-02-13T10:51:35","slug":"properament-xerrada-sobre-com-prevenir-la-perdua-auditiva-a-sabadell","status":"publish","type":"post","link":"https:\/\/acapps.org\/web\/2024\/02\/13\/properament-xerrada-sobre-com-prevenir-la-perdua-auditiva-a-sabadell\/","title":{"rendered":"Properament, xerrada sobre com prevenir la p\u00e8rdua auditiva a Sabadell"},"content":{"rendered":"\n<p><strong>Des d\u2019ACAPPS oferim el proper dilluns 19 de febrer una xerrada de prevenci\u00f3 i sensibilitzaci\u00f3 entorn la p\u00e8rdua auditiva al Centre C\u00edvic de Sabadell Gr\u00e0cia (c. de la Reina Elionor, 110. Sabadell).\u00a0<\/strong><\/p>\n\n\n\n<p>En aquesta xerrada, a c\u00e0rrec de Domingo Reina, t\u00e8cnic d\u2019accessibilitat d\u2019ACAPPS, explicarem la<strong>\u00a0import\u00e0ncia de detectar la p\u00e8rdua d\u2019audici\u00f3,\u00a0<\/strong>l\u2019\u00fas de\u00a0<strong>pr\u00f2tesis auditives, els audi\u00f2fons o implants coclears i, sobretot, de totes aquelles mesures d\u2019accessibilitat que us facilitaran l\u2019acc\u00e9s a la comunicaci\u00f3<\/strong>.<\/p>\n\n\n\n<p><strong>PER A LES PERSONES QUE HEU PERDUT O ESTEU PERDENT AUDICI\u00d3:<\/strong>&nbsp;Con\u00e8ixer b\u00e9 el vostre audi\u00f2fon o implant coclear i&nbsp;totes les opcions de connectivitat&nbsp;que ofereix&nbsp;amb altres dispositius. Con\u00e8ixer tamb\u00e9 la posici\u00f3 \u201cT\u201d per accedir al bucle magn\u00e8tic. I con\u00e8ixer exactament qu\u00e8 \u00e9s el bucle magn\u00e8tic i on n\u2019hi ha:&nbsp; el bucle magn\u00e8tic o l\u2019emissora FM millora el so que arriba al teu audi\u00f2fon o implant coclear.<br>Con\u00e8ixer que, aix\u00ed com&nbsp; veieu un programa televisiu subtitulat, tamb\u00e9 podeu anar a una xerrada o a una obra de teatre amb una pantalla on se&nbsp;subtitular\u00e0 all\u00f2 que s\u2019est\u00e0 dient en directe. Mesures que et permetran&nbsp;accedir a la informaci\u00f3 i viure una vida laboral, social i cultural plena,<\/p>\n\n\n\n<p><strong>PER A LES VOSTRES FAM\u00cdLIES:<\/strong>&nbsp;Convidem tamb\u00e9 a la vostra fam\u00edlia (parella, fills\/es, amistats,\u2026) a la xerrada. A ells els explicarem com poden comunicar-se millor amb vosaltres. Petites pautes per millorar la comunicaci\u00f3 amb vosaltres,&nbsp;fent-ho tot m\u00e9s f\u00e0cil i que es traduiran en una relaci\u00f3 m\u00e9s s\u00f2lida&nbsp;i respectuosa.<\/p>\n\n\n\n<p>Tamb\u00e9 us orientarem d\u2019altres suports que, des de l\u2019associaci\u00f3, oferim en aquests moments: l\u2019acompanyament emocional, grups de suport i cursos de rehabilitaci\u00f3 auditiva i per aprendre a llegir els llavis.&nbsp;&nbsp;Des de l\u2019associaci\u00f3 oferim aquesta orientaci\u00f3 i suport integral per dotar la persona de nous recursos perqu\u00e8 recuperi la comunicaci\u00f3 amb el seu entorn, millorant el seu benestar i autonomia personal.<\/p>\n\n\n\n<p><strong>DATA |\u00a0Dilluns<\/strong>, 19 de febrer a les 17:00<\/p>\n\n\n\n<p><strong>LLOC| Casal C\u00edvic de Sabadell Gr\u00e0cia\u00a0<\/strong>(c. de la Reina Elionor, 110. Sabadell).<\/p>\n\n\n\n<p><strong>ACCESSIBILITAT |<\/strong>\u00a0Hi haur\u00e0 subt\u00edtols en directe de la xerrada i bucle magn\u00e8tic.<\/p>\n","protected":false},"excerpt":{"rendered":"<p>Des d\u2019ACAPPS oferim el proper dilluns 19 de febrer una xerrada de prevenci\u00f3 i sensibilitzaci\u00f3 entorn la p\u00e8rdua auditiva al Centre C\u00edvic de Sabadell Gr\u00e0cia (c. de la Reina Elionor, 110. Sabadell).\u00a0 En aquesta xerrada, a c\u00e0rrec de Domingo Reina, t\u00e8cnic d\u2019accessibilitat d\u2019ACAPPS, explicarem la\u00a0import\u00e0ncia de detectar la p\u00e8rdua d\u2019audici\u00f3,\u00a0l\u2019\u00fas de\u00a0pr\u00f2tesis auditives, els audi\u00f2fons o implants coclears i, sobretot, de totes aquelles mesures d\u2019accessibilitat que&#8230; <\/p>\n<p><a class=\"readmore\" href=\"https:\/\/acapps.org\/web\/2024\/02\/13\/properament-xerrada-sobre-com-prevenir-la-perdua-auditiva-a-sabadell\/\">LLEGIR M\u00c9S<\/a><\/p>\n","protected":false},"author":3,"featured_media":13966,"comment_status":"open","ping_status":"open","sticky":false,"template":"","format":"standard","meta":{"footnotes":""},"categories":[101,4,6,8,178,5,32,82,62],"tags":[],"_links":{"self":[{"href":"https:\/\/acapps.org\/web\/wp-json\/wp\/v2\/posts\/14539"}],"collection":[{"href":"https:\/\/acapps.org\/web\/wp-json\/wp\/v2\/posts"}],"about":[{"href":"https:\/\/acapps.org\/web\/wp-json\/wp\/v2\/types\/post"}],"author":[{"embeddable":true,"href":"https:\/\/acapps.org\/web\/wp-json\/wp\/v2\/users\/3"}],"replies":[{"embeddable":true,"href":"https:\/\/acapps.org\/web\/wp-json\/wp\/v2\/comments?post=14539"}],"version-history":[{"count":1,"href":"https:\/\/acapps.org\/web\/wp-json\/wp\/v2\/posts\/14539\/revisions"}],"predecessor-version":[{"id":14540,"href":"https:\/\/acapps.org\/web\/wp-json\/wp\/v2\/posts\/14539\/revisions\/14540"}],"wp:featuredmedia":[{"embeddable":true,"href":"https:\/\/acapps.org\/web\/wp-json\/wp\/v2\/media\/13966"}],"wp:attachment":[{"href":"https:\/\/acapps.org\/web\/wp-json\/wp\/v2\/media?parent=14539"}],"wp:term":[{"taxonomy":"category","embeddable":true,"href":"https:\/\/acapps.org\/web\/wp-json\/wp\/v2\/categories?post=14539"},{"taxonomy":"post_tag","embeddable":true,"href":"https:\/\/acapps.org\/web\/wp-json\/wp\/v2\/tags?post=14539"}],"curies":[{"name":"wp","href":"https:\/\/api.w.org\/{rel}","templated":true}]}}