{"id":14839,"date":"2024-04-29T06:28:19","date_gmt":"2024-04-29T06:28:19","guid":{"rendered":"https:\/\/acapps.org\/web\/?p=14839"},"modified":"2024-04-29T06:28:22","modified_gmt":"2024-04-29T06:28:22","slug":"dediquem-el-proper-trimestre-a-un-cicle-de-xerrades-sobre-la-perdua-auditiva","status":"publish","type":"post","link":"https:\/\/acapps.org\/web\/2024\/04\/29\/dediquem-el-proper-trimestre-a-un-cicle-de-xerrades-sobre-la-perdua-auditiva\/","title":{"rendered":"Dediquem el proper trimestre a un cicle de xerrades sobre la p\u00e8rdua auditiva"},"content":{"rendered":"\n<p><strong>D<\/strong>es d&#8217;ACAPPS, amb la col\u00b7laboraci\u00f3 d&#8217;<a href=\"https:\/\/arrecifeaudio.es\/\">Arrecife Audiologia<\/a> i <a href=\"https:\/\/salvaudiologia.com\/\">Salv\u00e0 Audiologia<\/a>, et proposem un\u00a0<strong>cicle de tres xerrades\u00a0<\/strong>en qu\u00e8 parlarem de temes que segur que t&#8217;interessaran: del fet de\u00a0<strong>perdre l&#8217;audici\u00f3<\/strong>\u00a0i de com ho afrontem emocionalment,\u00a0<strong>dels ac\u00fafens\u00a0<\/strong>i de les noves t\u00e8cniques d&#8217;emmascarament i\u00a0<strong>del bucle magn\u00e8tic\u00a0<\/strong>i, concretament, del nou sistema Roger que us pot ser de molta ajuda.<br><br>Les xerrades tindran lloc entre el maig i juliol i us podeu apuntar a totes o nom\u00e9s a aquella que m\u00e9s us interessi. Seran xerrades presencials, a ACAPPS, i comptaran amb<strong>\u00a0subt\u00edtols i el bucle magn\u00e8tic.<\/strong><\/p>\n\n\n\n<p>Les activitats s\u00f3n gratu\u00eftes per\u00f2 <strong>cal inscriure-s&#8217;hi pr\u00e8viament <\/strong>per reservar pla\u00e7a:<\/p>\n\n\n\n<p class=\"has-medium-font-size\"><a href=\"https:\/\/docs.google.com\/forms\/d\/e\/1FAIpQLSf53ik1MYPD7iWxO0rIBRAF0ozkyUYCExkoJV-VBwmhHqlb9Q\/viewform\">FORMULARI D&#8217;INSCRIPCI\u00d3 AL CICLE DE XERRADES SOBRE LA P\u00c8RDUA AUDITIVA<\/a><\/p>\n\n\n\n<p class=\"has-large-font-size\">MAIG: LA P\u00c8RDUA D&#8217;AUDICI\u00d3<\/p>\n\n\n\n<figure class=\"wp-block-image size-large\" id=\"https:\/\/docs.google.com\/forms\/d\/e\/1FAIpQLSf53ik1MYPD7iWxO0rIBRAF0ozkyUYCExkoJV-VBwmhHqlb9Q\/viewform\"><a href=\"https:\/\/acapps.org\/web\/wp-content\/uploads\/2024\/04\/cicle_sentirhimes_millor1.jpg\"><img loading=\"lazy\" decoding=\"async\" width=\"1024\" height=\"401\" src=\"https:\/\/acapps.org\/web\/wp-content\/uploads\/2024\/04\/cicle_sentirhimes_millor1-1024x401.jpg\" alt=\"\" class=\"wp-image-14841\" srcset=\"https:\/\/acapps.org\/web\/wp-content\/uploads\/2024\/04\/cicle_sentirhimes_millor1-1024x401.jpg 1024w, https:\/\/acapps.org\/web\/wp-content\/uploads\/2024\/04\/cicle_sentirhimes_millor1-300x117.jpg 300w, https:\/\/acapps.org\/web\/wp-content\/uploads\/2024\/04\/cicle_sentirhimes_millor1-768x301.jpg 768w, https:\/\/acapps.org\/web\/wp-content\/uploads\/2024\/04\/cicle_sentirhimes_millor1.jpg 1518w\" sizes=\"(max-width: 1024px) 100vw, 1024px\" \/><\/a><\/figure>\n\n\n\n<p class=\"has-large-font-size\">JUNY: ELS AC\u00daFENS<\/p>\n\n\n\n<figure class=\"wp-block-image size-large\"><a href=\"https:\/\/acapps.org\/web\/wp-content\/uploads\/2024\/04\/cicle_sentirhimes_millor2.jpg\"><img loading=\"lazy\" decoding=\"async\" width=\"1024\" height=\"372\" src=\"https:\/\/acapps.org\/web\/wp-content\/uploads\/2024\/04\/cicle_sentirhimes_millor2-1024x372.jpg\" alt=\"\" class=\"wp-image-14842\" srcset=\"https:\/\/acapps.org\/web\/wp-content\/uploads\/2024\/04\/cicle_sentirhimes_millor2-1024x372.jpg 1024w, https:\/\/acapps.org\/web\/wp-content\/uploads\/2024\/04\/cicle_sentirhimes_millor2-300x109.jpg 300w, https:\/\/acapps.org\/web\/wp-content\/uploads\/2024\/04\/cicle_sentirhimes_millor2-768x279.jpg 768w, https:\/\/acapps.org\/web\/wp-content\/uploads\/2024\/04\/cicle_sentirhimes_millor2-1536x558.jpg 1536w, https:\/\/acapps.org\/web\/wp-content\/uploads\/2024\/04\/cicle_sentirhimes_millor2.jpg 1540w\" sizes=\"(max-width: 1024px) 100vw, 1024px\" \/><\/a><\/figure>\n\n\n\n<p class=\"has-large-font-size\">JULIOL: EL BUCLE MAGN\u00c8TIC<\/p>\n\n\n\n<figure class=\"wp-block-image size-large\" id=\"https:\/\/docs.google.com\/forms\/d\/e\/1FAIpQLSf53ik1MYPD7iWxO0rIBRAF0ozkyUYCExkoJV-VBwmhHqlb9Q\/viewform\"><a href=\"https:\/\/acapps.org\/web\/wp-content\/uploads\/2024\/04\/cicle_sentirhimes_millor3.jpg\"><img loading=\"lazy\" decoding=\"async\" width=\"1024\" height=\"398\" src=\"https:\/\/acapps.org\/web\/wp-content\/uploads\/2024\/04\/cicle_sentirhimes_millor3-1024x398.jpg\" alt=\"\" class=\"wp-image-14843\" srcset=\"https:\/\/acapps.org\/web\/wp-content\/uploads\/2024\/04\/cicle_sentirhimes_millor3-1024x398.jpg 1024w, https:\/\/acapps.org\/web\/wp-content\/uploads\/2024\/04\/cicle_sentirhimes_millor3-300x117.jpg 300w, https:\/\/acapps.org\/web\/wp-content\/uploads\/2024\/04\/cicle_sentirhimes_millor3-768x299.jpg 768w, https:\/\/acapps.org\/web\/wp-content\/uploads\/2024\/04\/cicle_sentirhimes_millor3.jpg 1391w\" sizes=\"(max-width: 1024px) 100vw, 1024px\" \/><\/a><\/figure>\n","protected":false},"excerpt":{"rendered":"<p>Des d&#8217;ACAPPS, amb la col\u00b7laboraci\u00f3 d&#8217;Arrecife Audiologia i Salv\u00e0 Audiologia, et proposem un\u00a0cicle de tres xerrades\u00a0en qu\u00e8 parlarem de temes que segur que t&#8217;interessaran: del fet de\u00a0perdre l&#8217;audici\u00f3\u00a0i de com ho afrontem emocionalment,\u00a0dels ac\u00fafens\u00a0i de les noves t\u00e8cniques d&#8217;emmascarament i\u00a0del bucle magn\u00e8tic\u00a0i, concretament, del nou sistema Roger que us pot ser de molta ajuda. Les xerrades tindran lloc entre el maig i juliol i us&#8230; <\/p>\n<p><a class=\"readmore\" href=\"https:\/\/acapps.org\/web\/2024\/04\/29\/dediquem-el-proper-trimestre-a-un-cicle-de-xerrades-sobre-la-perdua-auditiva\/\">LLEGIR M\u00c9S<\/a><\/p>\n","protected":false},"author":3,"featured_media":13966,"comment_status":"open","ping_status":"open","sticky":false,"template":"","format":"standard","meta":{"footnotes":""},"categories":[101,4,175,180,51,32,82,62,3],"tags":[42,214,215,188,185],"_links":{"self":[{"href":"https:\/\/acapps.org\/web\/wp-json\/wp\/v2\/posts\/14839"}],"collection":[{"href":"https:\/\/acapps.org\/web\/wp-json\/wp\/v2\/posts"}],"about":[{"href":"https:\/\/acapps.org\/web\/wp-json\/wp\/v2\/types\/post"}],"author":[{"embeddable":true,"href":"https:\/\/acapps.org\/web\/wp-json\/wp\/v2\/users\/3"}],"replies":[{"embeddable":true,"href":"https:\/\/acapps.org\/web\/wp-json\/wp\/v2\/comments?post=14839"}],"version-history":[{"count":1,"href":"https:\/\/acapps.org\/web\/wp-json\/wp\/v2\/posts\/14839\/revisions"}],"predecessor-version":[{"id":14844,"href":"https:\/\/acapps.org\/web\/wp-json\/wp\/v2\/posts\/14839\/revisions\/14844"}],"wp:featuredmedia":[{"embeddable":true,"href":"https:\/\/acapps.org\/web\/wp-json\/wp\/v2\/media\/13966"}],"wp:attachment":[{"href":"https:\/\/acapps.org\/web\/wp-json\/wp\/v2\/media?parent=14839"}],"wp:term":[{"taxonomy":"category","embeddable":true,"href":"https:\/\/acapps.org\/web\/wp-json\/wp\/v2\/categories?post=14839"},{"taxonomy":"post_tag","embeddable":true,"href":"https:\/\/acapps.org\/web\/wp-json\/wp\/v2\/tags?post=14839"}],"curies":[{"name":"wp","href":"https:\/\/api.w.org\/{rel}","templated":true}]}}