{"id":14895,"date":"2024-06-03T10:30:09","date_gmt":"2024-06-03T10:30:09","guid":{"rendered":"https:\/\/acapps.org\/web\/?p=14895"},"modified":"2024-06-03T10:30:12","modified_gmt":"2024-06-03T10:30:12","slug":"demanem-a-salut-que-incrementi-la-dotacio-dimplants-coclears-per-reduir-la-llista-despera-de-lhospital-de-sant-pau","status":"publish","type":"post","link":"https:\/\/acapps.org\/web\/2024\/06\/03\/demanem-a-salut-que-incrementi-la-dotacio-dimplants-coclears-per-reduir-la-llista-despera-de-lhospital-de-sant-pau\/","title":{"rendered":"Demanem a Salut que incrementi la dotaci\u00f3 d&#8217;implants coclears per reduir la llista d&#8217;espera de l&#8217;Hospital de Sant Pau"},"content":{"rendered":"\n<p><strong>Seguim treballant, des de la Federaci\u00f3 ACAPPS, per donar resposta a les necessitats de les persones amb sordesa.<\/strong> Una de les nostres prioritats \u00e9s que es garanteixi l&#8217;acc\u00e9s als implants coclears i que aquests siguin considerats com una pr\u00f2tesi indiscutible perqu\u00e8 les persones amb sordesa puguin sentir-hi i, per tant, el seu acc\u00e9s sigui universal, al marge de l&#8217;edat o condici\u00f3 econ\u00f2mica de la persona.<br><br>En aquest sentit hem mantingut recentment dues reunions, amb el<strong> Dr. Or\u00fas, cap d&#8217;otorrinolaringologia de l&#8217;hospital de Sant Pau<\/strong>, el 18 d&#8217;abril, i amb la<strong> dra. Carme Bertral, secret\u00e0ria d&#8217;Atenci\u00f3 Sanit\u00e0ria i Participaci\u00f3 del departament de Salut,<\/strong>\u00a0el 6 de maig.\u00a0 Or\u00fas ens va informar de l&#8217;estat de les<strong> llistes d&#8217;espera per a l&#8217;implant coclear (IC)<\/strong>, que se situa a l&#8217;any quan, el temps idoni entre que s&#8217;\u00e9s candidat\/a a l&#8217;IC i es fa la intervenci\u00f3, hauria d&#8217;estar en els quatre mesos.\u00a0 Com a entitat representant del col\u00b7lectiu, ens hem reunit amb car\u00e0cter urgent amb Carme Bertral, per traslladar la necessitat de definir un pressupost m\u00e9s acotat a la realitat, incrementant la partida per implants coclears i que faci factible la reducci\u00f3 de les llistes d&#8217;espera actuals. Bertral es va comprometre a tractar-ho i valorar la possibilitat d&#8217;incrementar la partida d&#8217;implants coclears.<br><br>Altres q\u00fcestions on hem posat l&#8217;accent ha estat en la necessitat que es vetlli\u00a0per a una <strong>derivaci\u00f3 \u00f2ptima del\/de la jove amb sordesa de l&#8217;hospital de Sant Joan de D\u00e9u a l&#8217;hospital de Sant Pau,<\/strong> on continuaran el seu seguiment. \u00a0<br><br>Pel que fa a les<strong> renovacions de processadors,<\/strong> l&#8217;Hospital de Sant Pau t\u00e9 suficient pressupost, segons ens va confirmar el Dr. Or\u00fas, per cobrir la demanda.\u00a0\u00a0Recordem que el cat\u00e0leg ortoprot\u00e8tic vigent reglamenta que les renovacions es faran sempre que el processador hagi perdut funcionalitat irreparable i tenint en compte la vida mitjana de 84 mesos dels processadors d&#8217;implants coclears. Qualsevol problema associat, podeu posar-vos en contacte amb el <a href=\"mailto:sasp@acapps.org\" target=\"_blank\" rel=\"noreferrer noopener\">servei d&#8217;atenci\u00f3 a les persones amb sordesa d&#8217;ACAPPS.\u00a0<\/a><\/p>\n","protected":false},"excerpt":{"rendered":"<p>Seguim treballant, des de la Federaci\u00f3 ACAPPS, per donar resposta a les necessitats de les persones amb sordesa. Una de les nostres prioritats \u00e9s que es garanteixi l&#8217;acc\u00e9s als implants coclears i que aquests siguin considerats com una pr\u00f2tesi indiscutible perqu\u00e8 les persones amb sordesa puguin sentir-hi i, per tant, el seu acc\u00e9s sigui universal, al marge de l&#8217;edat o condici\u00f3 econ\u00f2mica de la persona&#8230;. <\/p>\n<p><a class=\"readmore\" href=\"https:\/\/acapps.org\/web\/2024\/06\/03\/demanem-a-salut-que-incrementi-la-dotacio-dimplants-coclears-per-reduir-la-llista-despera-de-lhospital-de-sant-pau\/\">LLEGIR M\u00c9S<\/a><\/p>\n","protected":false},"author":3,"featured_media":13949,"comment_status":"open","ping_status":"open","sticky":false,"template":"","format":"standard","meta":{"footnotes":""},"categories":[86,116,5,32,82,62],"tags":[192,187,185],"_links":{"self":[{"href":"https:\/\/acapps.org\/web\/wp-json\/wp\/v2\/posts\/14895"}],"collection":[{"href":"https:\/\/acapps.org\/web\/wp-json\/wp\/v2\/posts"}],"about":[{"href":"https:\/\/acapps.org\/web\/wp-json\/wp\/v2\/types\/post"}],"author":[{"embeddable":true,"href":"https:\/\/acapps.org\/web\/wp-json\/wp\/v2\/users\/3"}],"replies":[{"embeddable":true,"href":"https:\/\/acapps.org\/web\/wp-json\/wp\/v2\/comments?post=14895"}],"version-history":[{"count":1,"href":"https:\/\/acapps.org\/web\/wp-json\/wp\/v2\/posts\/14895\/revisions"}],"predecessor-version":[{"id":14896,"href":"https:\/\/acapps.org\/web\/wp-json\/wp\/v2\/posts\/14895\/revisions\/14896"}],"wp:featuredmedia":[{"embeddable":true,"href":"https:\/\/acapps.org\/web\/wp-json\/wp\/v2\/media\/13949"}],"wp:attachment":[{"href":"https:\/\/acapps.org\/web\/wp-json\/wp\/v2\/media?parent=14895"}],"wp:term":[{"taxonomy":"category","embeddable":true,"href":"https:\/\/acapps.org\/web\/wp-json\/wp\/v2\/categories?post=14895"},{"taxonomy":"post_tag","embeddable":true,"href":"https:\/\/acapps.org\/web\/wp-json\/wp\/v2\/tags?post=14895"}],"curies":[{"name":"wp","href":"https:\/\/api.w.org\/{rel}","templated":true}]}}