{"id":14910,"date":"2024-06-10T09:54:23","date_gmt":"2024-06-10T09:54:23","guid":{"rendered":"https:\/\/acapps.org\/web\/?p=14910"},"modified":"2024-06-10T12:15:59","modified_gmt":"2024-06-10T12:15:59","slug":"gran-i-emotiva-sorpresa-de-la-dra-ma-antonia-claveria-en-lacte-dhomenatge-dacapps-amb-motiu-de-la-seva-jubilacio","status":"publish","type":"post","link":"https:\/\/acapps.org\/web\/2024\/06\/10\/gran-i-emotiva-sorpresa-de-la-dra-ma-antonia-claveria-en-lacte-dhomenatge-dacapps-amb-motiu-de-la-seva-jubilacio\/","title":{"rendered":"Gran i emotiva sorpresa de la dra. Ma. Antonia Claver\u00eda en l&#8217;acte d&#8217;homenatge d&#8217;ACAPPS amb motiu de la seva jubilaci\u00f3"},"content":{"rendered":"\n<p><strong>&#8220;Dedicar-me a l&#8217;otorrinolaringologia m&#8217;ha fet molt feli\u00e7. La meva professi\u00f3 ha estat el motor de la meva vida. Els meus pacients, els infants amb sordesa, han estat &#8220;els meus nens&#8221;. Cada fam\u00edlia ha estat \u00fanica i especial. L&#8217;Hospital Sant Joan de D\u00e9u ha estat casa meva i l&#8217;associaci\u00f3 ACAPPS, els meus amics&#8221;.<\/strong><\/p>\n\n\n\n<p>Aix\u00ed va descriure la dra. Ma Antonia Claver\u00eda la seva traject\u00f2ria professional com a cap d&#8217;Hipoac\u00fasia i Centre d&#8217;Implants de l&#8217;Hospital Sant Joan de D\u00e9u. Malgrat que, com a metgessa, no s&#8217;havia plantejat mai dedicar-se a l&#8217;otorrinolaringologia i va ser fruit de la casualitat que comenc\u00e9s aquesta feina, finalment el m\u00f3n de la o\u00efda es va convertir en la seva gran passi\u00f3. Per aix\u00f2, la dra. Claver\u00eda ha viscut amb comprom\u00eds i vocaci\u00f3 cada moment de la seva professi\u00f3. Per aix\u00f2, a m\u00e9s de la seva professionalitat, ha estat una doctora referent per la seva atenci\u00f3 excepcional de proximitat i d&#8217;humanitat.<\/p>\n\n\n\n<p>M\u00e9s de cent persones van estar presents el divendres 7 de juny a l&#8217;acte organitzat per ACAPPS per agrair-li, en un ambient festiu, la seva dedicaci\u00f3 i implicaci\u00f3, per felicitar-la i per desitjar-li una m\u00e9s que merescuda jubilaci\u00f3. Un acte que no esperava i que vam aconseguir sorprendre-la en veure que l&#8217;esperava un auditori ple de cares conegudes: fam\u00edlies, professionals i amics i amigues de l&#8217;associaci\u00f3.<\/p>\n\n\n\n<figure class=\"wp-block-gallery has-nested-images columns-default is-cropped wp-block-gallery-1 is-layout-flex wp-block-gallery-is-layout-flex\">\n<figure class=\"wp-block-image size-large\"><a href=\"https:\/\/acapps.org\/web\/wp-content\/uploads\/2024\/06\/MRK_6363-3-scaled.jpg\"><img loading=\"lazy\" decoding=\"async\" width=\"1024\" height=\"683\" data-id=\"14931\" src=\"https:\/\/acapps.org\/web\/wp-content\/uploads\/2024\/06\/MRK_6363-3-1024x683.jpg\" alt=\"\" class=\"wp-image-14931\" srcset=\"https:\/\/acapps.org\/web\/wp-content\/uploads\/2024\/06\/MRK_6363-3-1024x683.jpg 1024w, https:\/\/acapps.org\/web\/wp-content\/uploads\/2024\/06\/MRK_6363-3-300x200.jpg 300w, https:\/\/acapps.org\/web\/wp-content\/uploads\/2024\/06\/MRK_6363-3-768x512.jpg 768w, https:\/\/acapps.org\/web\/wp-content\/uploads\/2024\/06\/MRK_6363-3-1536x1024.jpg 1536w, https:\/\/acapps.org\/web\/wp-content\/uploads\/2024\/06\/MRK_6363-3-2048x1365.jpg 2048w\" sizes=\"(max-width: 1024px) 100vw, 1024px\" \/><\/a><\/figure>\n\n\n\n<figure class=\"wp-block-image size-large\"><a href=\"https:\/\/acapps.org\/web\/wp-content\/uploads\/2024\/06\/MRK_6379-1-scaled.jpg\"><img loading=\"lazy\" decoding=\"async\" width=\"1024\" height=\"683\" data-id=\"14934\" src=\"https:\/\/acapps.org\/web\/wp-content\/uploads\/2024\/06\/MRK_6379-1-1024x683.jpg\" alt=\"\" class=\"wp-image-14934\" srcset=\"https:\/\/acapps.org\/web\/wp-content\/uploads\/2024\/06\/MRK_6379-1-1024x683.jpg 1024w, https:\/\/acapps.org\/web\/wp-content\/uploads\/2024\/06\/MRK_6379-1-300x200.jpg 300w, https:\/\/acapps.org\/web\/wp-content\/uploads\/2024\/06\/MRK_6379-1-768x512.jpg 768w, https:\/\/acapps.org\/web\/wp-content\/uploads\/2024\/06\/MRK_6379-1-1536x1024.jpg 1536w, https:\/\/acapps.org\/web\/wp-content\/uploads\/2024\/06\/MRK_6379-1-2048x1365.jpg 2048w\" sizes=\"(max-width: 1024px) 100vw, 1024px\" \/><\/a><\/figure>\n\n\n\n<figure class=\"wp-block-image size-large\"><a href=\"https:\/\/acapps.org\/web\/wp-content\/uploads\/2024\/06\/MRK_6401-scaled.jpg\"><img loading=\"lazy\" decoding=\"async\" width=\"683\" height=\"1024\" data-id=\"14935\" src=\"https:\/\/acapps.org\/web\/wp-content\/uploads\/2024\/06\/MRK_6401-683x1024.jpg\" alt=\"\" class=\"wp-image-14935\" srcset=\"https:\/\/acapps.org\/web\/wp-content\/uploads\/2024\/06\/MRK_6401-683x1024.jpg 683w, https:\/\/acapps.org\/web\/wp-content\/uploads\/2024\/06\/MRK_6401-200x300.jpg 200w, https:\/\/acapps.org\/web\/wp-content\/uploads\/2024\/06\/MRK_6401-768x1152.jpg 768w, https:\/\/acapps.org\/web\/wp-content\/uploads\/2024\/06\/MRK_6401-1024x1536.jpg 1024w, https:\/\/acapps.org\/web\/wp-content\/uploads\/2024\/06\/MRK_6401-1365x2048.jpg 1365w, https:\/\/acapps.org\/web\/wp-content\/uploads\/2024\/06\/MRK_6401-scaled.jpg 1707w\" sizes=\"(max-width: 683px) 100vw, 683px\" \/><\/a><\/figure>\n\n\n\n<figure class=\"wp-block-image size-large\"><a href=\"https:\/\/acapps.org\/web\/wp-content\/uploads\/2024\/06\/MRK_6416-1-scaled.jpg\"><img loading=\"lazy\" decoding=\"async\" width=\"1024\" height=\"683\" data-id=\"14932\" src=\"https:\/\/acapps.org\/web\/wp-content\/uploads\/2024\/06\/MRK_6416-1-1024x683.jpg\" alt=\"\" class=\"wp-image-14932\" srcset=\"https:\/\/acapps.org\/web\/wp-content\/uploads\/2024\/06\/MRK_6416-1-1024x683.jpg 1024w, https:\/\/acapps.org\/web\/wp-content\/uploads\/2024\/06\/MRK_6416-1-300x200.jpg 300w, https:\/\/acapps.org\/web\/wp-content\/uploads\/2024\/06\/MRK_6416-1-768x512.jpg 768w, https:\/\/acapps.org\/web\/wp-content\/uploads\/2024\/06\/MRK_6416-1-1536x1024.jpg 1536w, https:\/\/acapps.org\/web\/wp-content\/uploads\/2024\/06\/MRK_6416-1-2048x1365.jpg 2048w\" sizes=\"(max-width: 1024px) 100vw, 1024px\" \/><\/a><\/figure>\n\n\n\n<figure class=\"wp-block-image size-large\"><a href=\"https:\/\/acapps.org\/web\/wp-content\/uploads\/2024\/06\/MRK_6445-1-scaled.jpg\"><img loading=\"lazy\" decoding=\"async\" width=\"1024\" height=\"683\" data-id=\"14933\" src=\"https:\/\/acapps.org\/web\/wp-content\/uploads\/2024\/06\/MRK_6445-1-1024x683.jpg\" alt=\"\" class=\"wp-image-14933\" srcset=\"https:\/\/acapps.org\/web\/wp-content\/uploads\/2024\/06\/MRK_6445-1-1024x683.jpg 1024w, https:\/\/acapps.org\/web\/wp-content\/uploads\/2024\/06\/MRK_6445-1-300x200.jpg 300w, https:\/\/acapps.org\/web\/wp-content\/uploads\/2024\/06\/MRK_6445-1-768x512.jpg 768w, https:\/\/acapps.org\/web\/wp-content\/uploads\/2024\/06\/MRK_6445-1-1536x1024.jpg 1536w, https:\/\/acapps.org\/web\/wp-content\/uploads\/2024\/06\/MRK_6445-1-2048x1365.jpg 2048w\" sizes=\"(max-width: 1024px) 100vw, 1024px\" \/><\/a><\/figure>\n\n\n\n<figure class=\"wp-block-image size-large\"><a href=\"https:\/\/acapps.org\/web\/wp-content\/uploads\/2024\/06\/MRK_6452-1-scaled.jpg\"><img loading=\"lazy\" decoding=\"async\" width=\"1024\" height=\"683\" data-id=\"14936\" src=\"https:\/\/acapps.org\/web\/wp-content\/uploads\/2024\/06\/MRK_6452-1-1024x683.jpg\" alt=\"\" class=\"wp-image-14936\" srcset=\"https:\/\/acapps.org\/web\/wp-content\/uploads\/2024\/06\/MRK_6452-1-1024x683.jpg 1024w, https:\/\/acapps.org\/web\/wp-content\/uploads\/2024\/06\/MRK_6452-1-300x200.jpg 300w, https:\/\/acapps.org\/web\/wp-content\/uploads\/2024\/06\/MRK_6452-1-768x512.jpg 768w, https:\/\/acapps.org\/web\/wp-content\/uploads\/2024\/06\/MRK_6452-1-1536x1024.jpg 1536w, https:\/\/acapps.org\/web\/wp-content\/uploads\/2024\/06\/MRK_6452-1-2048x1365.jpg 2048w\" sizes=\"(max-width: 1024px) 100vw, 1024px\" \/><\/a><\/figure>\n<\/figure>\n\n\n\n<p>Durant l&#8217;acte vam poder veure la pe\u00e7a audiovisual <em>Gr\u00e0cies Dra. Claver\u00eda,<\/em> amb missatges d&#8217;infants, joves i fam\u00edlies que ha at\u00e8s. Tamb\u00e9 vam dedicar una part de l&#8217;acte a una tert\u00falia entre l&#8217;\u00c0ngels Videla, presidenta d&#8217;ACAPPS, la Nat\u00e0lia Coll, fonoaudi\u00f2loga de l&#8217;equip de l&#8217;Hospital Sant Joan de D\u00e9u i la dra. Claver\u00eda, on va poder explicar-nos com ha viscut la seva etapa professional. En va destacar la relaci\u00f3 propera que ha pogut tenir amb cada fam\u00edlia i amb cada infant que ha at\u00e8s. El gran avan\u00e7 que ha estat l&#8217;implant coclear en el tractament de la sordesa i tot el que ha comportat, que infants i joves amb sordesa puguin sentir-hi i puguin fer coses abans tan inimaginables com tocar un instrument, com han fet els joves integrants de la Jove Orquestra Graeme Clark. Una tecnologia que est\u00e0 segura s&#8217;anir\u00e0 perfeccionant i gr\u00e0cies a la qual una persona amb sordesa pot tenir una vida plena.<\/p>\n\n\n\n<p class=\"has-large-font-size\"><strong>Seguim!<\/strong><\/p>\n\n\n\n<p>Una altra de les certeses que vam tenir durant l&#8217;acte \u00e9s que la dra. Claver\u00eda no ha deixat de treballar per seguir en el seu objectiu de fer visible les persones amb sordesa i normalitzar l&#8217;implant coclear. Responent a aquesta necessitat, per ara, t\u00e9 agendada amb  la Jove Orquestra Graeme Clark una intervenci\u00f3 en l&#8217;auditoria amb el Papa Francesc, al Vatic\u00e0, on la JOGC tindr\u00e0 un minut per interpretar una pe\u00e7a.<\/p>\n\n\n\n<p>De fet, despr\u00e9s de la tert\u00falia van pujar a l&#8217;escenari  l&#8217;Arnau i la Mireia Pozas, la Jade Yunli i l&#8217;Adam Hanus de la Jove Orquestra Graeme Clark per obsequiar-nos amb la seva actuaci\u00f3 i tot seguit es va lliurar un ram de flors i un pin d&#8217;or amb el segell de la il\u00b7lustradora i vicepresidenta d&#8217;ACAPPS, Marta Capdevila. <\/p>\n\n\n\n<p>La cloenda de l&#8217;acte va comptar amb la intervenci\u00f3 de Raimon Jan\u00e9, president de la Federaci\u00f3 ACAPPS i de la secret\u00e0ria d&#8217;Atenci\u00f3 i Participaci\u00f3 Sanit\u00e0ria, Carme Bertral, que va destacar la conflu\u00e8ncia amb la dra. Claver\u00eda, compartint amb ella el valor de la proximitat en l&#8217;atenci\u00f3 sanit\u00e0ria i de la necessitat del treball en xarxa amb les associacions, com, ambdues, han fet amb ACAPPS.<\/p>\n\n\n\n\n\n<figure class=\"wp-block-gallery has-nested-images columns-4 is-cropped wp-block-gallery-2 is-layout-flex wp-block-gallery-is-layout-flex\">\n<figure class=\"wp-block-image size-large\"><a href=\"https:\/\/acapps.org\/web\/wp-content\/uploads\/2024\/06\/MRK_6488-1-scaled.jpg\"><img loading=\"lazy\" decoding=\"async\" width=\"1024\" height=\"683\" data-id=\"14944\" src=\"https:\/\/acapps.org\/web\/wp-content\/uploads\/2024\/06\/MRK_6488-1-1024x683.jpg\" alt=\"\" class=\"wp-image-14944\" srcset=\"https:\/\/acapps.org\/web\/wp-content\/uploads\/2024\/06\/MRK_6488-1-1024x683.jpg 1024w, https:\/\/acapps.org\/web\/wp-content\/uploads\/2024\/06\/MRK_6488-1-300x200.jpg 300w, https:\/\/acapps.org\/web\/wp-content\/uploads\/2024\/06\/MRK_6488-1-768x512.jpg 768w, https:\/\/acapps.org\/web\/wp-content\/uploads\/2024\/06\/MRK_6488-1-1536x1024.jpg 1536w, https:\/\/acapps.org\/web\/wp-content\/uploads\/2024\/06\/MRK_6488-1-2048x1365.jpg 2048w\" sizes=\"(max-width: 1024px) 100vw, 1024px\" \/><\/a><\/figure>\n\n\n\n<figure class=\"wp-block-image size-large\"><a href=\"https:\/\/acapps.org\/web\/wp-content\/uploads\/2024\/06\/MRK_6527-5-scaled.jpg\"><img loading=\"lazy\" decoding=\"async\" width=\"1024\" height=\"683\" data-id=\"14943\" src=\"https:\/\/acapps.org\/web\/wp-content\/uploads\/2024\/06\/MRK_6527-5-1024x683.jpg\" alt=\"\" class=\"wp-image-14943\" srcset=\"https:\/\/acapps.org\/web\/wp-content\/uploads\/2024\/06\/MRK_6527-5-1024x683.jpg 1024w, https:\/\/acapps.org\/web\/wp-content\/uploads\/2024\/06\/MRK_6527-5-300x200.jpg 300w, https:\/\/acapps.org\/web\/wp-content\/uploads\/2024\/06\/MRK_6527-5-768x512.jpg 768w, https:\/\/acapps.org\/web\/wp-content\/uploads\/2024\/06\/MRK_6527-5-1536x1024.jpg 1536w, https:\/\/acapps.org\/web\/wp-content\/uploads\/2024\/06\/MRK_6527-5-2048x1365.jpg 2048w\" sizes=\"(max-width: 1024px) 100vw, 1024px\" \/><\/a><\/figure>\n<\/figure>\n\n\n\n<figure class=\"wp-block-gallery has-nested-images columns-default is-cropped wp-block-gallery-3 is-layout-flex wp-block-gallery-is-layout-flex\">\n<figure class=\"wp-block-image size-large\"><a href=\"https:\/\/acapps.org\/web\/wp-content\/uploads\/2024\/06\/MRK_6595-2-scaled.jpg\"><img loading=\"lazy\" decoding=\"async\" width=\"1024\" height=\"683\" data-id=\"14946\" src=\"https:\/\/acapps.org\/web\/wp-content\/uploads\/2024\/06\/MRK_6595-2-1024x683.jpg\" alt=\"\" class=\"wp-image-14946\" srcset=\"https:\/\/acapps.org\/web\/wp-content\/uploads\/2024\/06\/MRK_6595-2-1024x683.jpg 1024w, https:\/\/acapps.org\/web\/wp-content\/uploads\/2024\/06\/MRK_6595-2-300x200.jpg 300w, https:\/\/acapps.org\/web\/wp-content\/uploads\/2024\/06\/MRK_6595-2-768x512.jpg 768w, https:\/\/acapps.org\/web\/wp-content\/uploads\/2024\/06\/MRK_6595-2-1536x1024.jpg 1536w, https:\/\/acapps.org\/web\/wp-content\/uploads\/2024\/06\/MRK_6595-2-2048x1365.jpg 2048w\" sizes=\"(max-width: 1024px) 100vw, 1024px\" \/><\/a><\/figure>\n\n\n\n<figure class=\"wp-block-image size-large\"><a href=\"https:\/\/acapps.org\/web\/wp-content\/uploads\/2024\/06\/MRK_6600-2-scaled.jpg\"><img loading=\"lazy\" decoding=\"async\" width=\"683\" height=\"1024\" data-id=\"14945\" src=\"https:\/\/acapps.org\/web\/wp-content\/uploads\/2024\/06\/MRK_6600-2-683x1024.jpg\" alt=\"\" class=\"wp-image-14945\" srcset=\"https:\/\/acapps.org\/web\/wp-content\/uploads\/2024\/06\/MRK_6600-2-683x1024.jpg 683w, https:\/\/acapps.org\/web\/wp-content\/uploads\/2024\/06\/MRK_6600-2-200x300.jpg 200w, https:\/\/acapps.org\/web\/wp-content\/uploads\/2024\/06\/MRK_6600-2-768x1152.jpg 768w, https:\/\/acapps.org\/web\/wp-content\/uploads\/2024\/06\/MRK_6600-2-1024x1536.jpg 1024w, https:\/\/acapps.org\/web\/wp-content\/uploads\/2024\/06\/MRK_6600-2-1365x2048.jpg 1365w, https:\/\/acapps.org\/web\/wp-content\/uploads\/2024\/06\/MRK_6600-2-scaled.jpg 1707w\" sizes=\"(max-width: 683px) 100vw, 683px\" \/><\/a><\/figure>\n<\/figure>\n","protected":false},"excerpt":{"rendered":"<p>&#8220;Dedicar-me a l&#8217;otorrinolaringologia m&#8217;ha fet molt feli\u00e7. La meva professi\u00f3 ha estat el motor de la meva vida. Els meus pacients, els infants amb sordesa, han estat &#8220;els meus nens&#8221;. Cada fam\u00edlia ha estat \u00fanica i especial. L&#8217;Hospital Sant Joan de D\u00e9u ha estat casa meva i l&#8217;associaci\u00f3 ACAPPS, els meus amics&#8221;. Aix\u00ed va descriure la dra. Ma Antonia Claver\u00eda la seva traject\u00f2ria professional com&#8230; <\/p>\n<p><a class=\"readmore\" href=\"https:\/\/acapps.org\/web\/2024\/06\/10\/gran-i-emotiva-sorpresa-de-la-dra-ma-antonia-claveria-en-lacte-dhomenatge-dacapps-amb-motiu-de-la-seva-jubilacio\/\">LLEGIR M\u00c9S<\/a><\/p>\n","protected":false},"author":3,"featured_media":14928,"comment_status":"open","ping_status":"open","sticky":false,"template":"","format":"standard","meta":{"footnotes":""},"categories":[101,4,8,7,5,32,82,62],"tags":[],"_links":{"self":[{"href":"https:\/\/acapps.org\/web\/wp-json\/wp\/v2\/posts\/14910"}],"collection":[{"href":"https:\/\/acapps.org\/web\/wp-json\/wp\/v2\/posts"}],"about":[{"href":"https:\/\/acapps.org\/web\/wp-json\/wp\/v2\/types\/post"}],"author":[{"embeddable":true,"href":"https:\/\/acapps.org\/web\/wp-json\/wp\/v2\/users\/3"}],"replies":[{"embeddable":true,"href":"https:\/\/acapps.org\/web\/wp-json\/wp\/v2\/comments?post=14910"}],"version-history":[{"count":4,"href":"https:\/\/acapps.org\/web\/wp-json\/wp\/v2\/posts\/14910\/revisions"}],"predecessor-version":[{"id":14949,"href":"https:\/\/acapps.org\/web\/wp-json\/wp\/v2\/posts\/14910\/revisions\/14949"}],"wp:featuredmedia":[{"embeddable":true,"href":"https:\/\/acapps.org\/web\/wp-json\/wp\/v2\/media\/14928"}],"wp:attachment":[{"href":"https:\/\/acapps.org\/web\/wp-json\/wp\/v2\/media?parent=14910"}],"wp:term":[{"taxonomy":"category","embeddable":true,"href":"https:\/\/acapps.org\/web\/wp-json\/wp\/v2\/categories?post=14910"},{"taxonomy":"post_tag","embeddable":true,"href":"https:\/\/acapps.org\/web\/wp-json\/wp\/v2\/tags?post=14910"}],"curies":[{"name":"wp","href":"https:\/\/api.w.org\/{rel}","templated":true}]}}