{"id":15048,"date":"2024-07-01T07:04:26","date_gmt":"2024-07-01T07:04:26","guid":{"rendered":"https:\/\/acapps.org\/web\/?p=15048"},"modified":"2024-07-01T12:21:48","modified_gmt":"2024-07-01T12:21:48","slug":"vols-viure-un-estiu-de-teatre-inclusiu-torna-el-festival-grec-amb-funcions-accessibles-a-les-persones-amb-sordesa","status":"publish","type":"post","link":"https:\/\/acapps.org\/web\/2024\/07\/01\/vols-viure-un-estiu-de-teatre-inclusiu-torna-el-festival-grec-amb-funcions-accessibles-a-les-persones-amb-sordesa\/","title":{"rendered":"Vols viure un estiu de teatre inclusiu? Torna el festival Grec amb funcions accessibles a les persones amb sordesa"},"content":{"rendered":"\n<p>Fa anys que des d&#8217;ACAPPS treballem perqu\u00e8 la cultura tamb\u00e9 sigui accessible a les persones amb sordesa. Perqu\u00e8 actualment hi ha recursos i solucions accessibles que fan possible que una persona amb p\u00e8rdua auditiva pugui anar i disfrutar del teatre.<\/p>\n\n\n\n<p>Entre aquestes mesures, cal tenir molt presents el bucle magn\u00e8tic, que millora el so que arriba a l&#8217;audi\u00f2fon i l&#8217;implant coclear i que s&#8217;instal\u00b7la als auditoris i teatres, entre molt altres espais. Tamb\u00e9 els subt\u00edtols que, com a la televisi\u00f3, ajuden a la persona amb sordesa a seguir els di\u00e0legs de l&#8217;obra: el teatre i qualsevol acte amb directe pot comptar amb subt\u00edtols en directe que es projecten en una pantalla.<\/p>\n\n\n\n<p>Aquestes mesures s\u00f3n accessibles a tot el col\u00b7lectiu i permeten que, prop del 98% de persones amb sordesa que es comuniquen en llengua oral, parlant, puguin accedir a tots els continguts de forma aut\u00f2noma.<\/p>\n\n\n\n<p>El Festival Grec ha estat un dels festivals de Barcelona que, despr\u00e9s d&#8217;anys reivindicant-ho, es van sumar a la inclusi\u00f3. Aquest any oferiran les seg\u00fcents funcions accessibles a les persones amb sordesa (dubtes i\/o consultes a <a href=\"mailto:tiquetrambles@bcn.cat\">tiquetrambles@bcn.cat<\/a>)<\/p>\n\n\n\n<p class=\"has-text-color\" style=\"color:#0071a1;font-size:24px\">Al Teatre LLiure  de Montju\u00efc (pl. Margarida Xirg\u00fa, 1. Barcelona)<\/p>\n\n\n\n<p class=\"has-text-color\" style=\"color:#0071a1;font-size:18px\"><em>Hamlet en el plec dels temps<\/em> (24 i 25 de juliol, 20:30)<\/p>\n\n\n\n<p><strong>DE QU\u00c8 VA?<\/strong> Ocupant un nou cos femen\u00ed, Hamlet desperta per redescobrir el passat, travessar-lo i transformar-lo: des del patriarcat violent que representa Claudi, el nou i tir\u00e0nic rei que ha mort el seu pare, fins a les guerres, les morts i la trag\u00e8dia mateixa. I mentre repassi la hist\u00f2ria i quan s\u2019endinsi en el passat, com si travess\u00e9s un mirall, reviur\u00e0 la mateixa hist\u00f2ria de la pe\u00e7a que protagonitza i les moltes maneres en qu\u00e8 ha estat portada a escena. Gertrudis i Of\u00e8lia, la mare i l\u2019amant de Hamlet, recuperen protagonisme, com a representants de tot all\u00f2 que ocupa la ment de la protagonista. Totes tres dones naveguen entre el passat i el present, amb l\u2019aqu\u00ed i l\u2019ara del teatre com a objectiu.<\/p>\n\n\n\n<p><strong>ACCESSIBLE AMB<\/strong>: Bucle magn\u00e8tic i subt\u00edtols en catal\u00e0.\u00a0<\/p>\n\n\n\n<p class=\"has-text-color\" style=\"color:#0071a1;font-size:18px\"><\/p>\n\n\n\n<p class=\"has-text-color\" style=\"color:#0071a1;font-size:24px\">Al Mercat de les Flors (c. de Lleida, 59. Barcelona)<\/p>\n\n\n\n<p class=\"has-text-color\" style=\"color:#0071a1;font-size:18px\"><em>Le pas grand chose<\/em> (30 de juny i l&#8217;1 i el 2 de juliol, 20:00)<\/p>\n\n\n\n<p><strong>DE QU\u00c8 VA?<\/strong> En aquesta confer\u00e8ncia-espectacle, Johann Le Guillerm\u00a0encarna un investigador rebel que es pregunta com pot la ci\u00e8ncia afirmar que t\u00e9 les claus per entendre el m\u00f3n si darrere cada cosa que veiem n\u2019hi ha una altra que queda oculta. Potser haurem de recrear el m\u00f3n des de zero partint d\u2019un punt m\u00ednim. Demostracions implacables, experiments visuals convincents&#8230; Tot, per fer apar\u00e8ixer un m\u00f3n nou que desafiar\u00e0 el vostre sentit de la l\u00f2gica.<\/p>\n\n\n\n<p><strong>ACCESSIBLE AMB<\/strong>: Bucle magn\u00e8tic i subt\u00edtols en catal\u00e0.<\/p>\n\n\n\n<hr class=\"wp-block-separator has-css-opacity\"\/>\n\n\n\n<p class=\"has-text-color\" style=\"color:#0071a1;font-size:24px\">Al Teatre Nacional de Catalunya  (pl. de les Arts, 1. Barcelona)<\/p>\n\n\n\n<p class=\"has-text-color\" style=\"color:#046994;font-size:18px\">Elizabeth Costello (6 de juliol, 19:00; el 7 de juliol, 18:00)<\/p>\n\n\n\n<p><strong>DE QU\u00c8 VA?<\/strong> Un dels grans noms del teatre europeu menys coneguts als nostres escenaris converteix en muntatge teatral una novel\u00b7la de l\u2019escriptor sud-afric\u00e0 John Maxwell Coetzee que planteja q\u00fcestions filos\u00f2fiques sobre el m\u00f3n dels animals.<\/p>\n\n\n\n<p><strong>ACCESSIBLE AMB<\/strong>: Subt\u00edtols en catal\u00e0 (adquirir les entrades al per tenir una millor visibilitat dels subt\u00edtols).<\/p>\n\n\n\n<hr class=\"wp-block-separator has-css-opacity\"\/>\n\n\n\n<p class=\"has-text-color\" style=\"color:#0071a1;font-size:24px\">Al Teatre Romea (c. de l&#8217;Hospital, 51. Barcelona)<\/p>\n\n\n\n<p class=\"has-text-color\" style=\"color:#036f9d\"><em>Tirant lo Blanc<\/em> (20 de juliol, a les 17:30 i 20:00).<\/p>\n\n\n\n<p><strong>DE QU\u00c8 VA?<\/strong> Partint de la presumpta tra\u00efci\u00f3 de la princesa Carmesina amb el jardiner negre Lauseta, resseguim les perip\u00e8cies del cavaller Tirant quan naufraga a la Mediterr\u00e0nia, just davant de les costes de Barbaria. Aqu\u00ed, al nord d\u2019\u00c0frica, de primer sota les ordres de l\u2019Emir i despr\u00e9s de bracet amb la tamb\u00e9 supervivent Plaerdemavida i el rei d\u2019Eti\u00f2pia Escariano, comen\u00e7a la lluita de Tirant per cristianitzar l\u2019infidel, tornar a Constantinoble per abra\u00e7ar Carmesina i alliberar l\u2019imperi de l\u2019amena\u00e7a musulmana. Entre l\u2019acci\u00f3 i la mem\u00f2ria, els episodis m\u00e9s \u00e8pics de l\u2019intr\u00e8pid cavaller Tirant lo Blanc s\u2019entrellacen amb les febleses amoroses que acompanyen els personatges d\u2019aquesta colossal hist\u00f2ria<\/p>\n\n\n\n<p><strong>ACCESSIBLE AMB<\/strong>: Bucle magn\u00e8tic i Subt\u00edtols en catal\u00e0 <\/p>\n\n\n\n<hr class=\"wp-block-separator has-css-opacity\"\/>\n\n\n\n<p class=\"has-text-color\" style=\"color:#0071a1;font-size:24px\">A La Villarroel (c. Villarroel, 87. Barcelona)<\/p>\n\n\n\n<p class=\"has-text-color\" style=\"color:#09729f;font-size:18px\"><em>Les Mans<\/em> 27 de juliol a les 17:30 i 20:00<\/p>\n\n\n\n<p><strong>DE QU\u00c8 VA?<\/strong> Aquesta \u00e9s una hist\u00f2ria d\u2019amor imperfecta que exposa una dif\u00edcil pregunta: posaries en joc la teva vida sentimental per salvar el teu projecte somiat?<\/p>\n\n\n\n<p><strong>ACCESSIBLE AMB<\/strong>: Bucle magn\u00e8tic i subt\u00edtols en catal\u00e0 (adquirir les entrades a la Grada A a partir de la fila 6 per tenir una millor visibilitat dels subt\u00edtols).).<\/p>\n\n\n\n<hr class=\"wp-block-separator has-css-opacity\"\/>\n\n\n\n<p class=\"has-text-color\" style=\"color:#0071a1;font-size:24px\">Al Teatre Goya (c. Joaquin Costa, 68. Barcelona)<\/p>\n\n\n\n<p class=\"has-text-color\" style=\"color:#036792;font-size:18px\"><em>Poncia<\/em>. 29 de juny a les 20:00<\/p>\n\n\n\n<p><strong>DE QU\u00c8 VA?<\/strong> Enmig d\u2019una tempesta de boira, Poncia, la criada de Bernarda Alba, resa per la mort d\u2019Adela. La casa s\u2019ha sumit en una mar de silenci. Poncia parla sola, per\u00f2 tamb\u00e9 amb Bernarda i les seves filles. Amb Lolita Flores com a protagonista.<\/p>\n\n\n\n<p><strong>ACCESSIBLE AMB<\/strong>: Bucle magn\u00e8tic i subt\u00edtols en castell\u00e0 (adquirir les entrades a la platea, a partir de la segona me\u00eftat). <\/p>\n\n\n\n<p class=\"has-text-color\" style=\"color:#0071a1;font-size:24px\">Al Teatre Condal (av. del Paral\u00b7lel, 91)<\/p>\n\n\n\n<p class=\"has-text-color\" style=\"color:#046994;font-size:18px\"><em>Macho grita<\/em>. 6 de juliol a les 17:30 i 20:00<\/p>\n\n\n\n<p><strong>DE QU\u00c8 VA?<\/strong> Com\u00e8dia musical que arrenca del mite de Don Juan para indagar en la relaci\u00f3 entre el nostre present i el cicle que inaugura l&#8217;any 1492. Un apropament personal a la &#8220;Reconquesta&#8221;, al &#8220;descobriment d&#8217;Am\u00e9rica&#8221; o a l&#8217;expulsi\u00f3 de persones jueves i morisques, per pensar amb humor com es construeix &#8220;lo Macho&#8221; en aquest territori.\u00a0<\/p>\n\n\n\n<p><strong>ACCESSIBLE AMB<\/strong>: Bucle magn\u00e8tic i subtitulaci\u00f3 (adquirir les entrades a la zona central a partir de la fila 13 a platea per tenir una millor visibilitat dels subt\u00edtols).<\/p>\n\n\n\n<hr class=\"wp-block-separator has-css-opacity\"\/>\n","protected":false},"excerpt":{"rendered":"<p>Fa anys que des d&#8217;ACAPPS treballem perqu\u00e8 la cultura tamb\u00e9 sigui accessible a les persones amb sordesa. Perqu\u00e8 actualment hi ha recursos i solucions accessibles que fan possible que una persona amb p\u00e8rdua auditiva pugui anar i disfrutar del teatre. Entre aquestes mesures, cal tenir molt presents el bucle magn\u00e8tic, que millora el so que arriba a l&#8217;audi\u00f2fon i l&#8217;implant coclear i que s&#8217;instal\u00b7la als&#8230; <\/p>\n<p><a class=\"readmore\" href=\"https:\/\/acapps.org\/web\/2024\/07\/01\/vols-viure-un-estiu-de-teatre-inclusiu-torna-el-festival-grec-amb-funcions-accessibles-a-les-persones-amb-sordesa\/\">LLEGIR M\u00c9S<\/a><\/p>\n","protected":false},"author":3,"featured_media":15049,"comment_status":"open","ping_status":"open","sticky":false,"template":"","format":"standard","meta":{"footnotes":""},"categories":[101,4,51,174,32,62,3],"tags":[42,188,185,197],"_links":{"self":[{"href":"https:\/\/acapps.org\/web\/wp-json\/wp\/v2\/posts\/15048"}],"collection":[{"href":"https:\/\/acapps.org\/web\/wp-json\/wp\/v2\/posts"}],"about":[{"href":"https:\/\/acapps.org\/web\/wp-json\/wp\/v2\/types\/post"}],"author":[{"embeddable":true,"href":"https:\/\/acapps.org\/web\/wp-json\/wp\/v2\/users\/3"}],"replies":[{"embeddable":true,"href":"https:\/\/acapps.org\/web\/wp-json\/wp\/v2\/comments?post=15048"}],"version-history":[{"count":2,"href":"https:\/\/acapps.org\/web\/wp-json\/wp\/v2\/posts\/15048\/revisions"}],"predecessor-version":[{"id":15052,"href":"https:\/\/acapps.org\/web\/wp-json\/wp\/v2\/posts\/15048\/revisions\/15052"}],"wp:featuredmedia":[{"embeddable":true,"href":"https:\/\/acapps.org\/web\/wp-json\/wp\/v2\/media\/15049"}],"wp:attachment":[{"href":"https:\/\/acapps.org\/web\/wp-json\/wp\/v2\/media?parent=15048"}],"wp:term":[{"taxonomy":"category","embeddable":true,"href":"https:\/\/acapps.org\/web\/wp-json\/wp\/v2\/categories?post=15048"},{"taxonomy":"post_tag","embeddable":true,"href":"https:\/\/acapps.org\/web\/wp-json\/wp\/v2\/tags?post=15048"}],"curies":[{"name":"wp","href":"https:\/\/api.w.org\/{rel}","templated":true}]}}