{"id":15212,"date":"2024-09-12T07:33:42","date_gmt":"2024-09-12T07:33:42","guid":{"rendered":"https:\/\/acapps.org\/web\/?p=15212"},"modified":"2024-09-12T07:33:44","modified_gmt":"2024-09-12T07:33:44","slug":"tu-tambe-en-formes-part-el-25-de-setembre-et-convidem-a-lacte-de-presentacio-de-linforme-inaccessibilitat-acapps-2024","status":"publish","type":"post","link":"https:\/\/acapps.org\/web\/2024\/09\/12\/tu-tambe-en-formes-part-el-25-de-setembre-et-convidem-a-lacte-de-presentacio-de-linforme-inaccessibilitat-acapps-2024\/","title":{"rendered":"Tu tamb\u00e9 en formes part: el 25 de setembre, et convidem a l&#8217;acte de presentaci\u00f3 de l&#8217;Informe (In)accessibilitat ACAPPS 2024"},"content":{"rendered":"\n<p>A l<strong>&#8216;Escola Oficial d&#8217;Idiomes de Terrassa<\/strong>, un alumne amb sordesa ja pot comptar amb una emissora FM per seguir les&nbsp; classes. A&nbsp;<strong>IKEA i al RACC&nbsp;<\/strong>han incorporat solucions accessibles per als seus treballadors amb sordesa. L<strong>a biblioteca Montserrat Abell\u00f3&nbsp;<\/strong>ha reparat el bucle magn\u00e8tic.&nbsp;<strong>Els teatres del Grup Focus, el SAT Sant Andreu Teatre i el teatre Poliorama<\/strong>&nbsp;han millorat la subtitulaci\u00f3 de les sessions accessibles de teatre.<\/p>\n\n\n\n<p>En tots els casos, un denominador com\u00fa: hi ha intervingut el<strong>&nbsp;Servei d&#8217;Inaccessibilitat a la Comunicaci\u00f3<\/strong>&nbsp;de la Federaci\u00f3 ACAPPS que va aconseguir reparar, el 2023,&nbsp;el 38% de les situacions de discriminaci\u00f3&nbsp;que havien fet arribar persones amb sordesa. A m\u00e9s, hem aconseguit que la soluci\u00f3 accessible&nbsp;sigui permanent en un 28% dels casos.<\/p>\n\n\n\n<p>Coincidint amb la celebraci\u00f3 del Dia Internacional de les Persones amb Sordesa,&nbsp;<strong>el proper dimecres 25 de setembre, posarem sobre la taula el dret a poder accedir a qualsevol servei o informaci\u00f3 per a les persones amb sordesa.&nbsp;<\/strong>I ho farem presentant situacions viscudes per persones amb sordesa i que han estat explicades al nostre&nbsp;<a href=\"https:\/\/acapps.us6.list-manage.com\/track\/click?u=c4ae27b54b&amp;id=04c590aa3c&amp;e=d18d34d763\" target=\"_blank\" rel=\"noreferrer noopener\">Servei d&#8217;Atenci\u00f3 a l&#8217;Inaccessibilitat a la Comunicaci\u00f3 Oral (SAICO)<\/a>.&nbsp;Un servei que, recordem,&nbsp;<strong>teniu a la vostra disposici\u00f3 tot l&#8217;any&nbsp;<\/strong>per explicar-nos totes aquelles situacions on necessiteu una mesura d&#8217;accessibilitat.&nbsp;&nbsp;<\/p>\n\n\n\n<p>A m\u00e9s, tamb\u00e9 parlarem d&#8217;experi\u00e8ncies positives d&#8217;empreses i organitzacions que s\u00f3n model en accessibilitat a la comunicaci\u00f3 en l&#8217;\u00e0mbit de la cultura.<\/p>\n\n\n\n<p class=\"has-black-color has-text-color has-link-color has-medium-font-size wp-elements-270ed5f552869d952f220897513e39fa\"><strong>PRESENTACI\u00d3 #InformeACAPPS24.\u00a0<\/strong><\/p>\n\n\n\n<p><strong>Dimecres 25 de setembre, de 18:00 a 20:00, a l&#8217;Espai L\u00ednia (carrer Girona, 52. Barcelona). Hi haur\u00e0 subt\u00edtols i bucle magn\u00e8tic.<\/strong><\/p>\n\n\n\n<p class=\"has-text-color has-link-color has-large-font-size wp-elements-89e8d714e9afea136908feebc1f81d72\" style=\"color:#006699\"><strong>el programa<\/strong><\/p>\n\n\n\n<p class=\"has-text-color has-link-color wp-elements-3d88fe288898b462b7a395112274b757\" style=\"color:#006699\"><strong>18:00 Benvinguda a l&#8217;acte.<\/strong><br><strong>Raimon Jan\u00e9<\/strong>. President de la Federaci\u00f3 ACAPPS.<br><strong>Ra\u00fal Moreno.&nbsp;<\/strong>Secretari General de Drets Socials i Inclusi\u00f3.<\/p>\n\n\n\n<p class=\"has-text-color has-link-color wp-elements-bdaa2a7a56f25975da7c6a61595610b6\" style=\"color:#006699\"><strong>18:15 La inaccessibilitat a la Comunicaci\u00f3 Oral: Informe ACAPPS 2024&nbsp;<\/strong><br><strong>Domingo Reina.&nbsp;<\/strong>Comissionat d&#8217;Accessibilitat de la Federaci\u00f3 ACAPPS.&nbsp;<br>Presenta&nbsp;<strong>Maria Mo\u00f1ino<\/strong>. Secret\u00e0ria de la Junta Directiva de la Federaci\u00f3 ACAPPS.&nbsp;<br><strong>TORN OBERT DE PREGUNTES<\/strong><\/p>\n\n\n\n<p class=\"has-text-color has-link-color wp-elements-81ad22951b8d9da005de2a507d87be57\" style=\"color:#006699\"><strong>19:00 Taula Bones pr\u00e0ctiques d&#8217;accessibilitat a la comunicaci\u00f3 oral a la cultura.<\/strong><br><strong>Isabel Garcia.\u00a0<\/strong>Directora de Gesti\u00f3 de Teatres del Grup Focus.<br><strong>Josep Ferran Vives<\/strong><strong>.\u00a0<\/strong>Director General de Promoci\u00f3 Cultural i Biblioteques.<br>Presenta i modera\u00a0<strong>David Pruj\u00e0.<\/strong>\u00a0Coordinador T\u00e8cnic de la Federaci\u00f3 ACAPPS.\u00a0<br><strong>TORN OBERT DE PREGUNTES<\/strong><\/p>\n\n\n\n<div class=\"wp-block-buttons is-layout-flex wp-block-buttons-is-layout-flex\">\n<div class=\"wp-block-button is-style-fill\"><a class=\"wp-block-button__link has-luminous-vivid-orange-background-color has-background wp-element-button\" href=\"https:\/\/docs.google.com\/forms\/d\/e\/1FAIpQLSf35d0t3HG5FPlz25F57yBDBoUIaFOW6dm3Ny3K1IovegnwIQ\/viewform\" target=\"_blank\" rel=\"noreferrer noopener\">INSCRIPCI\u00d3 A LA PRESENTACI\u00d3 DE L&#8217;INFORME<\/a><\/div>\n<\/div>\n\n\n\n<hr class=\"wp-block-separator has-alpha-channel-opacity\"\/>\n\n\n\n<p class=\"has-large-font-size\"><strong><u>Continuem recollint m\u00e9s casos!<\/u><\/strong><\/p>\n\n\n\n<p>Si no has pogut realitzar una activitat o has viscut problemes de comunicaci\u00f3 per manca de mesures d&#8217;accessibilitat, has estat discriminat\/da a causa de la teva sordesa i\u00a0s\u2019han vulnerat els teus drets. <\/p>\n\n\n\n<p><strong>Implica&#8217;t en l\u2019activisme per defensar el dret a una comunicaci\u00f3 accessible que no deixi fora a ning\u00fa: explica\u2019ns tants casos i situacions com vulguis a trav\u00e9s d\u2019aquest formulari que tamb\u00e9 trobar\u00e0s, sempre, al nostre web <a href=\"http:\/\/htt:\/\/www.acapps.org\" target=\"_blank\" rel=\"noreferrer noopener\">acapps.org\u00a0<\/a><\/strong><\/p>\n\n\n\n<p class=\"has-text-color has-link-color has-large-font-size wp-elements-b84da7ef43157f74d6197d80712c8427\" style=\"color:#006699\">Si explico el meu cas, qu\u00e8 far\u00e0 el<strong> SAICO?<\/strong><\/p>\n\n\n\n<p>Sigui quina sigui la situaci\u00f3 on has estat discrimat\/da per no tenir accessibilitat, el nostre Servei d&#8217;Atenci\u00f3 a la Inaccessibilitat a la Comunicaci\u00f3 Oral <strong>podr\u00e0 actuar i donar-te suport:<\/strong><br><br><strong>1.<\/strong> <strong>Si \u00e9s una situaci\u00f3 que ja has viscut <\/strong>(per exemple, has anat a un espai amb bucle magn\u00e8tic i no funcionava), podrem posar-nos-hi en contacte perqu\u00e8 ho resolguin i altres persones amb sordesa no es trobin amb aquesta situaci\u00f3.<br><strong>2.\u00a0<\/strong> <strong>Si ens ho comuniques amb antel\u00b7laci\u00f3 <\/strong>(per exemple, un curs que vols fer per\u00f2 no \u00e9s accessible), el SAICO pot intervenir, assessorar i actuar perqu\u00e8 l&#8217;organitzaci\u00f3 responsable ho resolgui i ho faci accessible.<\/p>\n\n\n\n<p class=\"has-text-color has-link-color wp-elements-e3b1b1995ea81b49221b9cd2bdc0f3f9\" style=\"color:#006699\"><em><strong>G<\/strong>enerem un<strong> moviment<\/strong> que desperta consci\u00e8ncies, ciutadanes i pol\u00edtiques, i que <strong>transforma la visi\u00f3 del col\u00b7lectiu<\/strong> amb l&#8217;objectiu final de donar respostes reals a totes les necessitats de les persones amb sordesa <strong>en una societat i un pa\u00eds que vol ser inclusiu.<\/strong><\/em><\/p>\n","protected":false},"excerpt":{"rendered":"<p>A l&#8216;Escola Oficial d&#8217;Idiomes de Terrassa, un alumne amb sordesa ja pot comptar amb una emissora FM per seguir les&nbsp; classes. A&nbsp;IKEA i al RACC&nbsp;han incorporat solucions accessibles per als seus treballadors amb sordesa. La biblioteca Montserrat Abell\u00f3&nbsp;ha reparat el bucle magn\u00e8tic.&nbsp;Els teatres del Grup Focus, el SAT Sant Andreu Teatre i el teatre Poliorama&nbsp;han millorat la subtitulaci\u00f3 de les sessions accessibles de teatre. En&#8230; <\/p>\n<p><a class=\"readmore\" href=\"https:\/\/acapps.org\/web\/2024\/09\/12\/tu-tambe-en-formes-part-el-25-de-setembre-et-convidem-a-lacte-de-presentacio-de-linforme-inaccessibilitat-acapps-2024\/\">LLEGIR M\u00c9S<\/a><\/p>\n","protected":false},"author":3,"featured_media":15213,"comment_status":"open","ping_status":"open","sticky":false,"template":"","format":"standard","meta":{"footnotes":""},"categories":[101,4,8,86,116,9,32,62,3],"tags":[42,206,192,185],"_links":{"self":[{"href":"https:\/\/acapps.org\/web\/wp-json\/wp\/v2\/posts\/15212"}],"collection":[{"href":"https:\/\/acapps.org\/web\/wp-json\/wp\/v2\/posts"}],"about":[{"href":"https:\/\/acapps.org\/web\/wp-json\/wp\/v2\/types\/post"}],"author":[{"embeddable":true,"href":"https:\/\/acapps.org\/web\/wp-json\/wp\/v2\/users\/3"}],"replies":[{"embeddable":true,"href":"https:\/\/acapps.org\/web\/wp-json\/wp\/v2\/comments?post=15212"}],"version-history":[{"count":1,"href":"https:\/\/acapps.org\/web\/wp-json\/wp\/v2\/posts\/15212\/revisions"}],"predecessor-version":[{"id":15214,"href":"https:\/\/acapps.org\/web\/wp-json\/wp\/v2\/posts\/15212\/revisions\/15214"}],"wp:featuredmedia":[{"embeddable":true,"href":"https:\/\/acapps.org\/web\/wp-json\/wp\/v2\/media\/15213"}],"wp:attachment":[{"href":"https:\/\/acapps.org\/web\/wp-json\/wp\/v2\/media?parent=15212"}],"wp:term":[{"taxonomy":"category","embeddable":true,"href":"https:\/\/acapps.org\/web\/wp-json\/wp\/v2\/categories?post=15212"},{"taxonomy":"post_tag","embeddable":true,"href":"https:\/\/acapps.org\/web\/wp-json\/wp\/v2\/tags?post=15212"}],"curies":[{"name":"wp","href":"https:\/\/api.w.org\/{rel}","templated":true}]}}