{"id":15566,"date":"2025-01-08T18:43:26","date_gmt":"2025-01-08T18:43:26","guid":{"rendered":"https:\/\/acapps.org\/web\/?p=15566"},"modified":"2025-01-10T16:06:19","modified_gmt":"2025-01-10T16:06:19","slug":"novetats-al-pla-de-treball-de-la-federacio-acapps-pel-2025","status":"publish","type":"post","link":"https:\/\/acapps.org\/web\/2025\/01\/08\/novetats-al-pla-de-treball-de-la-federacio-acapps-pel-2025\/","title":{"rendered":"Novetats al Pla de Treball de la Federaci\u00f3 ACAPPS per al 2025"},"content":{"rendered":"\n<p>Des de la Federaci\u00f3 ACAPPS comencem un nou any i \u00e9s el moment d&#8217;iniciar les accions que ens ajudin a millorar tant la nostra manera de treballar com els resultats que obtenim de la feina que fem. Continuem avan\u00e7ant en alguns programes amb l&#8217;objectiu d&#8217;influir en les pol\u00edtiques p\u00fabliques i fomentar una major sensibilitzaci\u00f3 sobre la sordesa.<\/p>\n\n\n\n<p>A continuaci\u00f3 us fem un resum de les accions que emprenem aquest any 2025:<\/p>\n\n\n\n<p class=\"has-medium-font-size\"><strong>Servei d\u2019Atenci\u00f3 a la Inaccessibilitat de la Comunicaci\u00f3 Oral<\/strong><\/p>\n\n\n\n<p>Durant el 2024 v\u00e0rem recollir m\u00e9s de cent casos, quaranta m\u00e9s respecte l&#8217;any anterior. Ens omple d&#8217;orgull que &#8220;el canal de den\u00fancies&#8221; sigui una eina \u00fatil per a moltes persones amb sordesa, per\u00f2 a la vegada tensiona l&#8217;organitzaci\u00f3 i ens suposa un repte. Treballarem per refor\u00e7ar les capacitats de l\u2019entitat en la gesti\u00f3 m\u00e9s \u00e0gil dels casos.<\/p>\n\n\n\n<p>A m\u00e9s pretenem assegurar que els casos que registrem quedin documentats als informes de les institucions referents (Informe de les discriminacions de la ciutat de Barcelona, B\u00fastia d\u2019accessibilitat del Departament de Drets Socials i Oficina per a la Igualtat de Tracte i la no Discriminaci\u00f3) de manera que els equips t\u00e8cnics de les nostres institucions els puguin tenir presents en el disseny de les pol\u00edtiques p\u00fabliques sectorials.<\/p>\n\n\n\n<p class=\"has-medium-font-size\"><strong>Servei d\u2019Accessibilitat de la Comunicaci\u00f3<\/strong><\/p>\n\n\n\n<p>Prestem serveis de subtitulaci\u00f3, d\u2019instal\u00b7laci\u00f3 de bucles magn\u00e8tics provisionals i d\u2019assessorament i realitzaci\u00f3 de diagnosis d\u2019accessibilitat.<\/p>\n\n\n\n<p>Donada l\u2019entrada en vigor del Codi d\u2019Accessibilitat ens hem de preparar per a un increment gradual de la demanda d\u2019aquest servei. Aix\u00ed volem treballar per establir relaci\u00f3 amb prove\u00efdors, tant a Tarragona com a Girona, donat que a Lleida ja hi tenim col\u00b7laboradors.<\/p>\n\n\n\n<p class=\"has-medium-font-size\"><strong>Projecte de promoci\u00f3 de l\u2019accessibilitat<\/strong><\/p>\n\n\n\n<p>Fa anys que treballem per aconseguir que cada cop m\u00e9s institucions i empreses facin la seva activitat accessible, buscant la manera de conv\u00e8ncer-les i ajudar-les.<\/p>\n\n\n\n<p>Aix\u00ed volem entrevistar-nos amb deu municipis de Catalunya per incentivar-los a iniciar el cam\u00ed de l\u2019accessibilitat, continuar el treball d\u2019assessorament de TMB i de FGC, preparar-nos per fer campanyes sectorials sobre l\u2019aplicaci\u00f3 del Codi d\u2019Accessibilitat, ampliar l\u2019acci\u00f3 per fer un Sistema Catal\u00e0 de Salut Accessible, explorar les vies per continuar el treball amb el Departament d\u2019Interior i de Just\u00edcia.<\/p>\n\n\n\n<p class=\"has-medium-font-size\"><strong>ARA Cultura<\/strong><\/p>\n\n\n\n<p>Com l\u2019accessibilitat a la cultura ha estat un inter\u00e8s i una preocupaci\u00f3 espec\u00edfica de les persones s\u00f2cies de l\u2019entitat, ja fa uns anys que hi treballem de manera espec\u00edfica i amb m\u00e9s intensitat que a la resta de sectors d\u2019activitat.<\/p>\n\n\n\n<p>Aquest any volem posar en marxa un web per a que les persones amb sordesa que es comuniquen oralment puguin trobar amb facilitat a quins equipaments fan activitats culturals accessibles per a elles.<\/p>\n\n\n\n<p>Volem augmentar l\u2019abast territorial dels equipaments als que estem assessorant per millorar la seva accessibilitat, arribant a Terrassa, Sabadell Badalona, Vilafranca, Lleida, Figueres, Tarragona, Girona, Olot, Vic,&#8230;<\/p>\n\n\n\n<p>I Volem mantenir actualitzada la recerca sobre l\u2019accessibilitat de la comunicaci\u00f3 oral del programa cultural m\u00e9s accessible de Catalunya: Apropa Cultura, col\u00b7laborant amb ells en la millora i ampliaci\u00f3 de l\u2019activitat accessible.<\/p>\n\n\n\n<p class=\"has-medium-font-size\"><strong>Subtitulaci\u00f3 i Tecnologia<\/strong><\/p>\n\n\n\n<p>Enguany volem avaluar l\u2019accessibilitat de les aplicacions de transcripci\u00f3 autom\u00e0tica de subt\u00edtols a les eines de videoconfer\u00e8ncia, classes o reunions.<\/p>\n\n\n\n<p>Volem donar continu\u00eftat al treball amb empreses del ram del desenvolupament d\u2019aquestes aplicacions per assegurar-nos que incorporen les funcionalitats que facin d\u2019aquestes aplicacions eines d\u2019utilitat per a l\u2019accessibilitat de la comunicaci\u00f3 oral.<\/p>\n\n\n\n<p>El que pretenem \u00e9s poder obtenir el coneixement per assessorar tant a les empreses i institucions que vulguin millorar la seva accessibilitat amb aquestes aplicacions, com a les persones amb sordesa que les vulguin fer servir.<\/p>\n\n\n\n<p class=\"has-medium-font-size\"><strong>Incid\u00e8ncia pol\u00edtica<\/strong><\/p>\n\n\n\n<p>Aquest 2024  hem incorporat una persona per refor\u00e7ar la nostra incid\u00e8ncia, ja que pretenem:<\/p>\n\n\n\n<ul>\n<li>Presentar a les persones s\u00f2cies el full de ruta d\u2019incid\u00e8ncia de la XVena legislatura del Parlament de Catalunya. <\/li>\n\n\n\n<li><span style=\"color: initial;\">Definir estrat\u00e8gies d\u2019incid\u00e8ncia a cada projecte de la Federaci\u00f3<\/span>.<\/li>\n\n\n\n<li><span style=\"color: initial;\">Impulsar dues recerques i presentar-les:<\/span>\n<ul>\n<li><span style=\"color: initial;\">Divulgaci\u00f3 cient\u00edfica sobre l\u2019efectivitat de les pr\u00f2tesis auditives i el futur de la investigaci\u00f3 cient\u00edfica en aquesta mat\u00e8ria.<\/span><\/li>\n\n\n\n<li><span style=\"color: initial;\">L\u2019experi\u00e8ncia d\u2019ACAPPS en la inserci\u00f3 laboral.<\/span><\/li>\n<\/ul>\n<\/li>\n\n\n\n<li><span style=\"color: initial;\">Explorar les opcions de treballar conjuntament amb el CICAC per a iniciar un proc\u00e9s de formaci\u00f3 dels advocats en l\u2019accessibilitat de la seva activitat.<\/span><\/li>\n\n\n\n<li>Posar un peu a Europa a trav\u00e9s de la nostra participaci\u00f3 a la <em>European Federation of Hard of Hearing (EFHOH).<\/em><\/li>\n<\/ul>\n\n\n\n<p class=\"has-medium-font-size\"> <strong>FAQS Sordesa<\/strong><\/p>\n\n\n\n<p>Ja tenim m\u00e9s de cent-cinquanta v\u00eddeos que resolen tota mena de dubtes (preguntes i respostes) relacionats amb la sordesa, els quals li donarem difusi\u00f3 dels recursos que hem generat els darrers anys.<\/p>\n\n\n\n<p>Si aconseguim fons suficients volem incorporar una secci\u00f3 que ajudi a resoldre tots els dubtes relacionats amb l\u2019itinerari educatiu dels infants amb sordesa, la relaci\u00f3 amb els serveis educatius i els CREDA de les fam\u00edlies i infants amb sordesa.<\/p>\n\n\n\n<p class=\"has-medium-font-size\"><strong>Comunicaci\u00f3<\/strong><\/p>\n\n\n\n<p>Volem consolidar algunes dels aspectes que hem estat promovent els darrers temps i millorar algunes q\u00fcestions de gesti\u00f3, com la plena integraci\u00f3 de la nostra activitat de comunicaci\u00f3 al CRM.<\/p>\n\n\n\n<p>A m\u00e9s, cal refer i repensar el web per donar m\u00e9s visibilitat, claredat i mostra que de les diferents dimensions del que som i del que fem: activitats, serveis, accions d\u2019incid\u00e8ncia , informaci\u00f3, pensament i coneixement que generem.<\/p>\n\n\n\n<p>El creixement dels darrers anys ens obliga a fer una reflexi\u00f3 sobre qu\u00e8 podem comunicar i a trav\u00e9s de quins canals. Entenem, que potser no tot ho podrem comunicar a trav\u00e9s del web, o a trav\u00e9s de les xarxes, o dels butlletins&#8230; Ens cal fer una reflexi\u00f3 estrat\u00e8gica de la nostra comunicaci\u00f3 que ens permeti comunicar m\u00e9s, millor i seleccionar amb m\u00e9s precisi\u00f3 all\u00f2 m\u00e9s rellevant a on posar l\u2019accent.<\/p>\n\n\n\n<p>Aquesta revisi\u00f3 estrat\u00e8gica de la nostra comunicaci\u00f3 haur\u00e0 d\u2019incorporar l\u2019estrat\u00e8gia de comunicaci\u00f3 de diferents projectes, com el FAQS Sordesa, l\u2019Observatori, el Cicle de Coneixement i Formaci\u00f3, el Servei d\u2019Atenci\u00f3 a la Inaccessibilitat, el Servei d\u2019Inserci\u00f3 Laboral, el Servei de Pr\u00e9stec de mesures de suport a la comunicaci\u00f3, l\u2019\u00c0rea Terap\u00e8utica, etc.<\/p>\n\n\n\n<p class=\"has-medium-font-size\"><strong>ACAPPS al territori<\/strong><\/p>\n\n\n\n<p>Fa uns mesos va n\u00e9ixer un nucli de persones s\u00f2cies que han constitu\u00eft una nova associaci\u00f3 ACAPPS Pened\u00e8s-Garraf. Aix\u00ed mateix tenim ACAPPS Lleida que requereix un cop de m\u00e0 per reactivar-se com un espai de refer\u00e8ncia al territori.<\/p>\n\n\n\n<p>Des de la Federaci\u00f3 treballarem en aquesta l\u00ednia per recolzar el treball que fan les nostres entitats arreu del territori.<\/p>\n","protected":false},"excerpt":{"rendered":"<p>Des de la Federaci\u00f3 ACAPPS comencem un nou any i \u00e9s el moment d&#8217;iniciar les accions que ens ajudin a millorar tant la nostra manera de treballar com els resultats que obtenim de la feina que fem. Continuem avan\u00e7ant en alguns programes amb l&#8217;objectiu d&#8217;influir en les pol\u00edtiques p\u00fabliques i fomentar una major sensibilitzaci\u00f3 sobre la sordesa. A continuaci\u00f3 us fem un resum de les&#8230; <\/p>\n<p><a class=\"readmore\" href=\"https:\/\/acapps.org\/web\/2025\/01\/08\/novetats-al-pla-de-treball-de-la-federacio-acapps-pel-2025\/\">LLEGIR M\u00c9S<\/a><\/p>\n","protected":false},"author":1,"featured_media":15567,"comment_status":"closed","ping_status":"open","sticky":false,"template":"","format":"standard","meta":{"footnotes":""},"categories":[4,86,116,225,108,104,62,226],"tags":[],"_links":{"self":[{"href":"https:\/\/acapps.org\/web\/wp-json\/wp\/v2\/posts\/15566"}],"collection":[{"href":"https:\/\/acapps.org\/web\/wp-json\/wp\/v2\/posts"}],"about":[{"href":"https:\/\/acapps.org\/web\/wp-json\/wp\/v2\/types\/post"}],"author":[{"embeddable":true,"href":"https:\/\/acapps.org\/web\/wp-json\/wp\/v2\/users\/1"}],"replies":[{"embeddable":true,"href":"https:\/\/acapps.org\/web\/wp-json\/wp\/v2\/comments?post=15566"}],"version-history":[{"count":4,"href":"https:\/\/acapps.org\/web\/wp-json\/wp\/v2\/posts\/15566\/revisions"}],"predecessor-version":[{"id":15582,"href":"https:\/\/acapps.org\/web\/wp-json\/wp\/v2\/posts\/15566\/revisions\/15582"}],"wp:featuredmedia":[{"embeddable":true,"href":"https:\/\/acapps.org\/web\/wp-json\/wp\/v2\/media\/15567"}],"wp:attachment":[{"href":"https:\/\/acapps.org\/web\/wp-json\/wp\/v2\/media?parent=15566"}],"wp:term":[{"taxonomy":"category","embeddable":true,"href":"https:\/\/acapps.org\/web\/wp-json\/wp\/v2\/categories?post=15566"},{"taxonomy":"post_tag","embeddable":true,"href":"https:\/\/acapps.org\/web\/wp-json\/wp\/v2\/tags?post=15566"}],"curies":[{"name":"wp","href":"https:\/\/api.w.org\/{rel}","templated":true}]}}