{"id":15710,"date":"2025-02-17T10:43:40","date_gmt":"2025-02-17T10:43:40","guid":{"rendered":"https:\/\/acapps.org\/web\/?p=15710"},"modified":"2025-02-19T15:06:20","modified_gmt":"2025-02-19T15:06:20","slug":"busques-feina-o-necessites-un-canvi-professional-tacompanyem-i-toferim-recursos-i-formacions-perque-ho-facis-possible-3","status":"publish","type":"post","link":"https:\/\/acapps.org\/web\/2025\/02\/17\/busques-feina-o-necessites-un-canvi-professional-tacompanyem-i-toferim-recursos-i-formacions-perque-ho-facis-possible-3\/","title":{"rendered":"Busques feina o necessites un canvi professional? T\u2019acompanyem i t\u2019oferim recursos i formacions perqu\u00e8 ho facis possible!"},"content":{"rendered":"\n<p><strong>Comencem un any m\u00e9s el programa d\u2019itineraris laborals per a les persones amb sordesa perqu\u00e8 aconsegueixin llocs de feina estables i de qualitat a qualsevol empresa.<\/strong><\/p>\n\n\n\n<p><strong>Si tens sordesa i est\u00e0s buscant feina o necessites un canvi laboral, et pots posar en contacte<\/strong>:<strong> t&#8217;oferim suport en la teva recerca de feina, reorientaci\u00f3 laboral i formaci\u00f3.<\/strong><\/p>\n\n\n\n<p><a href=\"mailto:laboral@acapps.org\">laboral@acapps.org<\/a>   whatsapp 600 401 631<\/p>\n\n\n\n<p class=\"has-luminous-vivid-amber-color has-text-color has-link-color has-large-font-size wp-elements-df2230f2d0d0e256a82f6ddc480ba0c4\"><strong>Com\u00a0t\u2019acompanyem?<\/strong><\/p>\n\n\n\n<p><strong>1. Amb atenci\u00f3 personalitzada.<\/strong>&nbsp;Posa\u2019t en contacte amb nosaltres i et donarem cita per saber quin \u00e9s el teu objectiu: de qu\u00e8 busques feina, de qu\u00e8 has treballat, quina formaci\u00f3 has fet, quins interessos i quines aptituds tens. A partir d\u2019aqu\u00ed t\u2019orientarem en un itinerari laboral!<\/p>\n\n\n\n<p><strong>2. T\u2019acompanyem perqu\u00e8 aconsegueixis i mantinguis el lloc de feina.<\/strong>&nbsp;Un cop ja tinguem definit quin lloc de feina busquem i el curr\u00edculum actualitzat, ens posarem a buscar ofertes de feina que encaixin amb all\u00f2 que busquem. T\u2019acompanyarem en la presentaci\u00f3 d\u2019autocandidatures, en preparar-te l\u2019entrevista de feina, a cercar empreses que siguin del teu sector professional. Un cop aconsegueixis el lloc de feina, continuarem en contacte amb tu per saber com t\u2019est\u00e0 anant i perqu\u00e8, un cop aconseguim la feina, \u00e9s important mantenir-la.&nbsp;<\/p>\n\n\n\n<p><strong>3. Amb el suport que necessitis<\/strong>!<strong>\u00a0<\/strong>L\u2019objectiu del nostre Servei d\u2019Inserci\u00f3 Laboral \u00e9s que puguis aconseguir un lloc de feina estable on puguis desenvolupar la teva professi\u00f3. Per aix\u00f2 et donem, tant a tu com a l\u2019empresa, tot el suport que sigui necessari (Treball amb Suport).<\/p>\n\n\n\n<p class=\"has-luminous-vivid-amber-color has-text-color has-link-color has-large-font-size wp-elements-5a85afe2d1432f4730f1af244b86c256\"><strong>Recursos i formacions que t\u2019oferim:<\/strong><\/p>\n\n\n\n<p><strong>ALFABATITZACI\u00d3 DIGITAL I DIMECRES DIGITALS.<\/strong>&nbsp;Tenir uns coneixements b\u00e0sics en inform\u00e0tica \u00e9s necessari per trobar feina. Per aix\u00f2 oferim un curs en alfabetitzaci\u00f3 digital on comen\u00e7arem de zero, ens treurem pors i veurem que \u00e9s m\u00e9s f\u00e0cil del que sembla. A m\u00e9s els oferim en grups redu\u00efts per facilitar la comunicaci\u00f3 i l\u2019aprenentatge.&nbsp;Tamb\u00e9 oferim els Dimecres Digitals per a totes aquelles persones que ja teniu uns coneixements de les eines inform\u00e0tiques per\u00f2 voleu donar un pas m\u00e9s i seguir aprenent per trobar millors oportunitats laborals.<\/p>\n\n\n\n<p><strong>INSCRIPCIONS A:<\/strong><a href=\"https:\/\/acapps.org\/web\/2024\/02\/06\/busques-feina-o-necessites-un-canvi-professional-tacompanyem-i-toferim-recursos-i-formacions-perque-ho-facis-possible-2\/formacio@acapps.org\"><strong>\u00a0<\/strong>formacio@acapps.org<\/a><\/p>\n\n\n\n<hr class=\"wp-block-separator has-alpha-channel-opacity\"\/>\n\n\n\n<p><strong>SESSIONS FORMATIVES EN RECERCA DE FEINA<\/strong>. Si tens sordesa i est\u00e0s en recerca de feina, aquest cicle de formacions est\u00e0 pensat per a tu, perqu\u00e8&nbsp;milloris<strong>&nbsp;les teves compet\u00e8ncies &nbsp;i tinguis&nbsp;m\u00e9s \u00e8xit a l\u2019hora d\u2019aconseguir una feina<\/strong>. A m\u00e9s, oferim el curs en horari de matins i tardes perqu\u00e8 puguis escollir el que s\u2019adapti millor a la teva disponibilitat. La formaci\u00f3 consta de cinc sessions, amb una durada total de 10 hores.<\/p>\n\n\n\n<p><strong>Inscripcions |\u00a0<a href=\"mailto:formacio@acapps.org\">formacio@acapps.org<\/a><\/strong><\/p>\n\n\n\n<hr class=\"wp-block-separator has-alpha-channel-opacity\"\/>\n\n\n\n<p><strong>CLUB DE FEINA<\/strong>. Perqu\u00e8&nbsp;<strong>trobar feina s\u00ed que \u00e9s possible i pots comptar amb el nostre suport<\/strong>&nbsp;en el proc\u00e9s, tenim per a tu el Club de Feina d\u2019ACAPPS, presencial i setmanal amb recursos, ofertes laborals i acompanyament dels nostres orientadors laborals.&nbsp;<\/p>\n\n\n\n<p><strong>INSCRIPCIONS<a href=\"https:\/\/acapps.org\/web\/2024\/02\/06\/busques-feina-o-necessites-un-canvi-professional-tacompanyem-i-toferim-recursos-i-formacions-perque-ho-facis-possible-2\/laboral@acapps.org\">\u00a0laboral@acapps.org<\/a><\/strong><\/p>\n\n\n\n<hr class=\"wp-block-separator has-alpha-channel-opacity\"\/>\n\n\n\n<p><strong>SERVEI D\u2019INSERCI\u00d3 LABORAL. Serveis Integrals d\u2019Orientaci\u00f3, acompanyament i suport a la inserci\u00f3 de les persones amb discapacitat o trastorn de la salut mental. SIOAS 2024. Expedient STC 068\/24\/000056<\/strong><\/p>\n\n\n\n<p>AMB EL SUPORT DE:<\/p>\n\n\n\n<figure class=\"wp-block-image size-large\"><a href=\"https:\/\/acapps.org\/web\/wp-content\/uploads\/2025\/02\/sioas-1.jpg\"><img loading=\"lazy\" decoding=\"async\" width=\"1024\" height=\"198\" src=\"https:\/\/acapps.org\/web\/wp-content\/uploads\/2025\/02\/sioas-1-1024x198.jpg\" alt=\"\" class=\"wp-image-15711\" srcset=\"https:\/\/acapps.org\/web\/wp-content\/uploads\/2025\/02\/sioas-1-1024x198.jpg 1024w, https:\/\/acapps.org\/web\/wp-content\/uploads\/2025\/02\/sioas-1-300x58.jpg 300w, https:\/\/acapps.org\/web\/wp-content\/uploads\/2025\/02\/sioas-1-768x148.jpg 768w, https:\/\/acapps.org\/web\/wp-content\/uploads\/2025\/02\/sioas-1.jpg 1414w\" sizes=\"(max-width: 1024px) 100vw, 1024px\" \/><\/a><\/figure>\n","protected":false},"excerpt":{"rendered":"<p>Comencem un any m\u00e9s el programa d\u2019itineraris laborals per a les persones amb sordesa perqu\u00e8 aconsegueixin llocs de feina estables i de qualitat a qualsevol empresa. Si tens sordesa i est\u00e0s buscant feina o necessites un canvi laboral, et pots posar en contacte: t&#8217;oferim suport en la teva recerca de feina, reorientaci\u00f3 laboral i formaci\u00f3. laboral@acapps.org whatsapp 600 401 631 Com\u00a0t\u2019acompanyem? 1. Amb atenci\u00f3 personalitzada.&nbsp;Posa\u2019t&#8230; <\/p>\n<p><a class=\"readmore\" href=\"https:\/\/acapps.org\/web\/2025\/02\/17\/busques-feina-o-necessites-un-canvi-professional-tacompanyem-i-toferim-recursos-i-formacions-perque-ho-facis-possible-3\/\">LLEGIR M\u00c9S<\/a><\/p>\n","protected":false},"author":1,"featured_media":15712,"comment_status":"closed","ping_status":"open","sticky":false,"template":"","format":"standard","meta":{"footnotes":""},"categories":[101,8,68,2,32,62],"tags":[194,206,189,185],"_links":{"self":[{"href":"https:\/\/acapps.org\/web\/wp-json\/wp\/v2\/posts\/15710"}],"collection":[{"href":"https:\/\/acapps.org\/web\/wp-json\/wp\/v2\/posts"}],"about":[{"href":"https:\/\/acapps.org\/web\/wp-json\/wp\/v2\/types\/post"}],"author":[{"embeddable":true,"href":"https:\/\/acapps.org\/web\/wp-json\/wp\/v2\/users\/1"}],"replies":[{"embeddable":true,"href":"https:\/\/acapps.org\/web\/wp-json\/wp\/v2\/comments?post=15710"}],"version-history":[{"count":1,"href":"https:\/\/acapps.org\/web\/wp-json\/wp\/v2\/posts\/15710\/revisions"}],"predecessor-version":[{"id":15713,"href":"https:\/\/acapps.org\/web\/wp-json\/wp\/v2\/posts\/15710\/revisions\/15713"}],"wp:featuredmedia":[{"embeddable":true,"href":"https:\/\/acapps.org\/web\/wp-json\/wp\/v2\/media\/15712"}],"wp:attachment":[{"href":"https:\/\/acapps.org\/web\/wp-json\/wp\/v2\/media?parent=15710"}],"wp:term":[{"taxonomy":"category","embeddable":true,"href":"https:\/\/acapps.org\/web\/wp-json\/wp\/v2\/categories?post=15710"},{"taxonomy":"post_tag","embeddable":true,"href":"https:\/\/acapps.org\/web\/wp-json\/wp\/v2\/tags?post=15710"}],"curies":[{"name":"wp","href":"https:\/\/api.w.org\/{rel}","templated":true}]}}