{"id":15844,"date":"2025-02-03T12:26:07","date_gmt":"2025-02-03T12:26:07","guid":{"rendered":"https:\/\/acapps.org\/web\/?p=15844"},"modified":"2025-05-13T14:15:14","modified_gmt":"2025-05-13T14:15:14","slug":"saprova-el-pacte-nacional-per-la-llengua-quins-temes-efecten-a-les-persones-amb-sordesa-oralistes","status":"publish","type":"post","link":"https:\/\/acapps.org\/web\/2025\/02\/03\/saprova-el-pacte-nacional-per-la-llengua-quins-temes-efecten-a-les-persones-amb-sordesa-oralistes\/","title":{"rendered":"S&#8217;aprova el Pacte Nacional per la Llengua. Quins temes efecten a les persones amb sordesa oralistes?"},"content":{"rendered":"\n<p>Despr\u00e9s de l&#8217;aprovaci\u00f3 en el ple del Parlament del 13 de maig, el Pacte per la Llengua ja \u00e9s una realitat. Durant el proc\u00e9s, representants de la Junta de la Federaci\u00f3 ACAPPS han estat treballant amb la Comissi\u00f3 parlament\u00e0ria per incorporar aspectes que afecten les persones amb sordesa que es comuniquen oralment. Garantir els drets ling\u00fc\u00edstics \u00e9s una q\u00fcesti\u00f3 de drets fonamentals. <\/p>\n\n\n\n<p>Finalment, el Pacte per la Llengua s\u2019ha aprovat sense l\u2019addenda \u2014annex que complementa o modifica un document oficial ja existent\u2014 sobre llengua de signes (LSC), deixant m\u00e9s temps per negociar un contingut que encara calia debatre m\u00e9s a fons i consensuar-lo per ser aprovat. S\u00ed, per\u00f2, <strong>el Pacte contempla els seg\u00fcents aspectes que \u00e9s bo fer-ne coneixement<\/strong>:<\/p>\n\n\n\n<ul>\n<li>Es proposa \u201c<em>subvencionar eines d\u2019accessibilitat comunicativa i mitjans de suport a la comunicaci\u00f3 oral en catal\u00e0 per a les persones sordes, amb discapacitat auditiva i sordcegues<\/em>\u201d, a c\u00e0rrec de Drets Socials i Inclusi\u00f3 per al 2025. El pressupost que se li assigna \u00e9s de 225.000 \u20ac i es tracta d\u2019una acci\u00f3 que ja s&#8217;anava fent des de fa anys.<\/li>\n\n\n\n<li>Es proposa \u201c<em>Garantir la formaci\u00f3 adequada del personal docent i els professionals que han d\u2019atendre l\u2019alumnat sord, amb discapacitat auditiva i sordcec que es comunica en llengua catalana<\/em>\u201d a c\u00e0rrec del Departament d\u2019Educaci\u00f3 i Formaci\u00f3 Professional, per\u00f2 no es determina la quantitat.<\/li>\n\n\n\n<li>Es proposa tamb\u00e9 \u201cProporcionar productes de suport a la discapacitat auditiva per a les persones sordes usu\u00e0ries de la modalitat oral als centres educatius\u201d a c\u00e0rrec del Departament de Drets Socials i Inclusi\u00f3, adscrivint-li 200.000 \u20ac.<\/li>\n\n\n\n<li>Es fa una menci\u00f3 a una recerca que pot ser molt important en termes de futur per a la determinaci\u00f3 de les modalitats: \u201c<em>Impulsar la recerca sobre l\u2019aprenentatge del catal\u00e0 per part de les persones sordes que es comuniquen oralment, prioritzant els acords amb les universitats, els centres de recerca i l\u2019Institut d\u2019Estudis Catalans o, si escau, altres institucions o entitats<\/em>\u201d. Sense assignaci\u00f3 pressupost\u00e0ria.<\/li>\n\n\n\n<li>Quan parla de la necessitat de fer accessible el catal\u00e0 en el m\u00f3n audiovisual, parla de la necessitat que la subtitulaci\u00f3 per a persones amb sordesa ha de ser una activitat subvencionable en aquest \u00e0mbit de promoci\u00f3 cultural, tot i que no identifica la subtitulaci\u00f3 per a persones amb sordesa com obligat\u00f2ria dels productes audiovisuals subvencionats i parla de subtitulaci\u00f3 i de subtitulaci\u00f3 per a persones amb sordesa en el mateix par\u00e0graf, diferenciant-la. Aquesta diferenciaci\u00f3 permet que hi hagi productes audiovisuals amb subtitulaci\u00f3 subvencionada que no sigui per a persones amb sordesa.<\/li>\n<\/ul>\n\n\n\n<p>Certament, el Pacte per la Llengua podria haver incorporat moltes altres accions i propostes, que tot i estar incorporades, per exemple, en el Codi d\u2019Accessibilitat, ser mencionades en aquest document en garantiria una certa prioritzaci\u00f3.<\/p>\n\n\n\n<p>Aix\u00ed i tot, valorem positivament les propostes que s&#8217;hi han incorporat, de resultes d&#8217;haver escoltat a la nostra federaci\u00f3. I, sobretot, el cam\u00ed encara per rec\u00f3rrer i anar ampliant propostes que promoguin els drets  ling\u00fc\u00edstics de les persones amb sordesa que es comuniquen oralment.<\/p>\n","protected":false},"excerpt":{"rendered":"<p>Despr\u00e9s de l&#8217;aprovaci\u00f3 en el ple del Parlament del 13 de maig, el Pacte per la Llengua ja \u00e9s una realitat. Durant el proc\u00e9s, representants de la Junta de la Federaci\u00f3 ACAPPS han estat treballant amb la Comissi\u00f3 parlament\u00e0ria per incorporar aspectes que afecten les persones amb sordesa que es comuniquen oralment. Garantir els drets ling\u00fc\u00edstics \u00e9s una q\u00fcesti\u00f3 de drets fonamentals. Finalment, el Pacte&#8230; <\/p>\n<p><a class=\"readmore\" href=\"https:\/\/acapps.org\/web\/2025\/02\/03\/saprova-el-pacte-nacional-per-la-llengua-quins-temes-efecten-a-les-persones-amb-sordesa-oralistes\/\">LLEGIR M\u00c9S<\/a><\/p>\n","protected":false},"author":1,"featured_media":15821,"comment_status":"closed","ping_status":"open","sticky":false,"template":"","format":"standard","meta":{"footnotes":""},"categories":[86,229,116,225,232,32,62],"tags":[],"_links":{"self":[{"href":"https:\/\/acapps.org\/web\/wp-json\/wp\/v2\/posts\/15844"}],"collection":[{"href":"https:\/\/acapps.org\/web\/wp-json\/wp\/v2\/posts"}],"about":[{"href":"https:\/\/acapps.org\/web\/wp-json\/wp\/v2\/types\/post"}],"author":[{"embeddable":true,"href":"https:\/\/acapps.org\/web\/wp-json\/wp\/v2\/users\/1"}],"replies":[{"embeddable":true,"href":"https:\/\/acapps.org\/web\/wp-json\/wp\/v2\/comments?post=15844"}],"version-history":[{"count":7,"href":"https:\/\/acapps.org\/web\/wp-json\/wp\/v2\/posts\/15844\/revisions"}],"predecessor-version":[{"id":15855,"href":"https:\/\/acapps.org\/web\/wp-json\/wp\/v2\/posts\/15844\/revisions\/15855"}],"wp:featuredmedia":[{"embeddable":true,"href":"https:\/\/acapps.org\/web\/wp-json\/wp\/v2\/media\/15821"}],"wp:attachment":[{"href":"https:\/\/acapps.org\/web\/wp-json\/wp\/v2\/media?parent=15844"}],"wp:term":[{"taxonomy":"category","embeddable":true,"href":"https:\/\/acapps.org\/web\/wp-json\/wp\/v2\/categories?post=15844"},{"taxonomy":"post_tag","embeddable":true,"href":"https:\/\/acapps.org\/web\/wp-json\/wp\/v2\/tags?post=15844"}],"curies":[{"name":"wp","href":"https:\/\/api.w.org\/{rel}","templated":true}]}}