{"id":16413,"date":"2025-12-12T13:30:10","date_gmt":"2025-12-12T13:30:10","guid":{"rendered":"https:\/\/acapps.org\/web\/?p=16413"},"modified":"2025-12-18T13:05:04","modified_gmt":"2025-12-18T13:05:04","slug":"el-sector-catala-de-la-discapacitat-reclama-recursos-formacio-obligatoria-i-participacio-en-la-implementacio-del-codi-daccessibilitat","status":"publish","type":"post","link":"https:\/\/acapps.org\/web\/2025\/12\/12\/el-sector-catala-de-la-discapacitat-reclama-recursos-formacio-obligatoria-i-participacio-en-la-implementacio-del-codi-daccessibilitat\/","title":{"rendered":"El sector catal\u00e0 de la discapacitat reclama recursos, formaci\u00f3 obligat\u00f2ria i participaci\u00f3 en la implementaci\u00f3 del Codi d\u2019Accessibilitat"},"content":{"rendered":"\n<p class=\"has-medium-font-size\"><span style=\"color: rgb(102, 102, 102); font-family: &quot;Open Sans&quot;, Arial, sans-serif; font-size: 14px; white-space-collapse: collapse; background: transparent; box-sizing: border-box; margin: 0px; padding: 0px; border: 0px; outline: 0px; text-size-adjust: 100%; vertical-align: baseline; font-weight: 700;\">\u00a0<\/span><\/p>\n\n\n\n<p>El sector catal\u00e0 de la discapacitat reclama formaci\u00f3 obligat\u00f2ria i conscienciaci\u00f3 en mat\u00e8ria d\u2019accessibilitat, tant\u00a0 per al personal t\u00e8cnic de l\u2019administraci\u00f3 com per als agents de l\u2019edificaci\u00f3 i l\u2019urbanisme perqu\u00e8 es pugui implementar correctament el Codi d\u2019Accessibilitat. Tamb\u00e9 reduir la burocr\u00e0cia i la bretxa digital que dificulten l\u2019acc\u00e9s a l\u2019administraci\u00f3 i refor\u00e7ar la validaci\u00f3 i la participaci\u00f3 de les persones usu\u00e0ries i de les entitats en les mesures proposades, aix\u00ed com augmentar els recursos destinats al seu desenvolupament. Tamb\u00e9 \u00e9s clau que els plans municipals es planifiquin amb temps i que l\u2019administraci\u00f3 compleixi i faci complir la llei.<\/p>\n\n\n\n<p>Aquestes s\u00f3n algunes conclusions a qu\u00e8 es va arribar el dimecres 10 de desembre a Barcelona en la jornada de reflexi\u00f3\u00a0<strong>Reptes, recomanacions i orientacions del Nou Codi d\u2019Accessibilitat a Catalunya<\/strong>, norma aprovada fa dos anys al Parlament de Catalunya per desplegar la Llei d\u2019Accessibilitat i en vigor des de mar\u00e7 de 2024.\u00a0La jornada estava organitzada pel <a href=\"http:\/\/www.cocarmi.cat\">COCARMI<\/a>, m\u00e0xim representant del col\u00b7lectiu de persones amb discapacitat a Catalunya i del qual la Federaci\u00f3 ACAPPS n&#8217;\u00e9s entitat membre.<\/p>\n\n\n\n<p><strong>Obertura institucional<\/strong><\/p>\n\n\n\n<p>En l\u2019obertura institucional, el\u00a0<strong>vicepresident primer \u00a0de l\u2019entitat, Albert Carbonell,<\/strong>\u00a0va dir que \u201chem de construir un pa\u00eds on la diversitat no sigui una excepci\u00f3 sin\u00f3 la norma\u201d i va destacar que l\u2019accessibilitat no nom\u00e9s beneficia les persones amb discapacitat sin\u00f3 el conjunt de la societat\u201d.<\/p>\n\n\n\n<p>Al seu torn, el responsable t\u00e8cnic d\u2019Accessibilitat del&nbsp;<strong>departament de Drets Socials i Inclusi\u00f3, Jordi Oliva<\/strong>, parl\u00e0 d\u2019una norma \u201cambiciosa\u201d amb un \u201cobjectiu complex\u201d que \u00e9s la supressi\u00f3 de les barreres, alhora que va fer una crida a prendre \u201cembranzida\u201d perqu\u00e8 no es dilueixi, per a qual cosa cal planificaci\u00f3 i un treball conjunt i de suport&nbsp; mutu. Es tracta, va dir, d\u2019un repte que ens interpel\u00b7la a tots, administracions i entitats.<\/p>\n\n\n\n<p>Per la seva banda,&nbsp;<strong>Francesc Hern\u00e1ndez,<\/strong>&nbsp; gerent de serveis socials de l\u2019\u00c0rea de cicle de vida i comunitat de la<strong>&nbsp;Diputaci\u00f3 de Barcelona<\/strong>, apunt\u00e0 que la norma representa un salt respecte les lleis vigents fins ara i afeg\u00ed que \u201chem d\u2019implicar-nos en la creaci\u00f3 de recursos\u201d que permetin la seva aplicaci\u00f3, perqu\u00e8 sense accessibilitat no \u00e9s possible la plena participaci\u00f3 a la societat.<\/p>\n\n\n\n<p>En nom de l\u2019<strong>Institut Municipal de Persones amb Discapacitat,<\/strong>\u00a0la seva gerent,<strong>\u00a0Marta Obdulia<\/strong>, record\u00e0 els molts anys de treball intens de les entitats en l\u2019elaboraci\u00f3 del Codi, aportant-hi propostes i millores i va fer refer\u00e8ncia, m\u00e9s enll\u00e0 de les administracions, al paper i la necess\u00e0ria implicaci\u00f3 del sector privat, com ara els comer\u00e7os, en l\u2019aplicaci\u00f3 de la llei. Tamb\u00e9 va parlar de la feina que ha comen\u00e7at a fer l\u2019Oficina T\u00e8cnica d\u2019Accessibilitat de l\u2019Ajuntament de Barcelona.<\/p>\n\n\n\n<p><strong>Parlen persones amb expertesa en accessibilitat<\/strong><\/p>\n\n\n\n<p>Tot seguit,\u00a0Marc Tapia, vocal de pol\u00edtica ling\u00fc\u00edstica de FESOCA, entitat que coordina el grup de treball d\u2019Accessibilitat del COCARMI, i a preguntes d\u2019Esther Jolonch, membre del comit\u00e8 executiu del Comit\u00e8, va parlar d\u2019un cam\u00ed que no ha estat gens f\u00e0cil, on arribar a acords, fins i tot entre les mateixes entitats, ha costat, i d\u2019una norma que hores d\u2019ara t\u00e9 punts dif\u00edcils d\u2019entendre i algunes mancances. Al seu parer, falta molt per fer. Tapia va ser molt cr\u00edtic amb la classe pol\u00edtica i amb els responsables de la Generalitat de tirar endavant les mesures previstes pel Codi. El seu desig seria que aquestes s\u2019implementessin immediatament: \u201cLa llei s\u2019ha de complir\u201d.<\/p>\n\n\n\n<p>A continuaci\u00f3,\u00a0<strong>t\u00e8cnics experts en accessibilitat de les diferents entitats membres, entre aquests, Domingo Reina, t\u00e8cnic d&#8217;Accessibilitat de la Federaci\u00f3 ACAPPS, <\/strong> van participar en dues taules rodones en qu\u00e8 van detallar les mesures d\u2019accessibilitat que s\u2019haurien d\u2019implementar en edificaci\u00f3 (p\u00fablica i privada, existent i de nova construcci\u00f3), transport, urbanisme i productes i serveis p<\/p>\n\n\n\n<p>er facilitar l\u2019accessibilitat tenint en compte els diferents tipus de discapacitat. Van fer especial \u00e8mfasi en la import\u00e0ncia de les mesures relacionades amb la comunicaci\u00f3 d\u2019emerg\u00e8ncies i incid\u00e8ncies (en el transport sobretot), en l\u2019\u00e0mbit sanitari i en els despla\u00e7aments per la via p\u00fablica.<\/p>\n\n\n\n<p>Cada t\u00e8cnic expos\u00e0 les necessitats d\u2019accessibilitat del seu col\u00b7lectiu, en el nostre cas la urg\u00e8ncia de l&#8217;accessibilitat comunicativa per a les persones amb sordesa que es comuniquen en llengua oral. En tots els casos es va insistir que la formaci\u00f3 dels agents implicats, i especialment en els serveis d\u2019atenci\u00f3 a les persones, \u00e9s clau per garantir l\u2019acc\u00e9s als serveis i el gaudi dels drets en les mateixes condicions que la resta de la societat. Van coincidir que \u00e9s hora de deixar enrere la \u201csensibilitzaci\u00f3\u201d (tret de campanyes adre\u00e7ades a la societat en general perqu\u00e8 encara hi ha molt desconeixement) i passar a l\u2019aplicaci\u00f3, a l\u2019obligaci\u00f3 i, en \u00faltim terme, a les sancions per incompliment.<\/p>\n\n\n\n<p>Perqu\u00e8 \u00e9s una q\u00fcesti\u00f3 de llei i parlem de drets, no de favors, van dir. Van recordar, aix\u00ed mateix, que les entitats es posen a disposici\u00f3 dels municipis per ajudar-los a preparar els seus plans d\u2019accessibilitat, que haurien d\u2019estar enllestits el mar\u00e7 de 2027. A la tarda, diversos grups de treball, amb participaci\u00f3 dels assistents, van analitzar les barreres que encara persisteixen en cada \u00e0mbit (s\u00f3n especialment severes en el transport p\u00fablic en general i a Renfe en particular), van exposar situacions viscudes i van fer p\u00fabliques les principals demandes i conclusions.<\/p>\n\n\n\n<p><strong>La jornada va comptar amb el suport de la Diputaci\u00f3 de Barcelona i del departament de Drets Socials i Inclusi\u00f3 de la Generalitat.<\/strong><\/p>\n","protected":false},"excerpt":{"rendered":"<p>\u00a0 El sector catal\u00e0 de la discapacitat reclama formaci\u00f3 obligat\u00f2ria i conscienciaci\u00f3 en mat\u00e8ria d\u2019accessibilitat, tant\u00a0 per al personal t\u00e8cnic de l\u2019administraci\u00f3 com per als agents de l\u2019edificaci\u00f3 i l\u2019urbanisme perqu\u00e8 es pugui implementar correctament el Codi d\u2019Accessibilitat. Tamb\u00e9 reduir la burocr\u00e0cia i la bretxa digital que dificulten l\u2019acc\u00e9s a l\u2019administraci\u00f3 i refor\u00e7ar la validaci\u00f3 i la participaci\u00f3 de les persones usu\u00e0ries i de les&#8230; <\/p>\n<p><a class=\"readmore\" href=\"https:\/\/acapps.org\/web\/2025\/12\/12\/el-sector-catala-de-la-discapacitat-reclama-recursos-formacio-obligatoria-i-participacio-en-la-implementacio-del-codi-daccessibilitat\/\">LLEGIR M\u00c9S<\/a><\/p>\n","protected":false},"author":1,"featured_media":16414,"comment_status":"closed","ping_status":"open","sticky":false,"template":"","format":"standard","meta":{"footnotes":""},"categories":[101,4,70,8,86,116,32,62],"tags":[],"_links":{"self":[{"href":"https:\/\/acapps.org\/web\/wp-json\/wp\/v2\/posts\/16413"}],"collection":[{"href":"https:\/\/acapps.org\/web\/wp-json\/wp\/v2\/posts"}],"about":[{"href":"https:\/\/acapps.org\/web\/wp-json\/wp\/v2\/types\/post"}],"author":[{"embeddable":true,"href":"https:\/\/acapps.org\/web\/wp-json\/wp\/v2\/users\/1"}],"replies":[{"embeddable":true,"href":"https:\/\/acapps.org\/web\/wp-json\/wp\/v2\/comments?post=16413"}],"version-history":[{"count":1,"href":"https:\/\/acapps.org\/web\/wp-json\/wp\/v2\/posts\/16413\/revisions"}],"predecessor-version":[{"id":16415,"href":"https:\/\/acapps.org\/web\/wp-json\/wp\/v2\/posts\/16413\/revisions\/16415"}],"wp:featuredmedia":[{"embeddable":true,"href":"https:\/\/acapps.org\/web\/wp-json\/wp\/v2\/media\/16414"}],"wp:attachment":[{"href":"https:\/\/acapps.org\/web\/wp-json\/wp\/v2\/media?parent=16413"}],"wp:term":[{"taxonomy":"category","embeddable":true,"href":"https:\/\/acapps.org\/web\/wp-json\/wp\/v2\/categories?post=16413"},{"taxonomy":"post_tag","embeddable":true,"href":"https:\/\/acapps.org\/web\/wp-json\/wp\/v2\/tags?post=16413"}],"curies":[{"name":"wp","href":"https:\/\/api.w.org\/{rel}","templated":true}]}}