{"id":16482,"date":"2026-01-14T12:21:34","date_gmt":"2026-01-14T12:21:34","guid":{"rendered":"https:\/\/acapps.org\/web\/?p=16482"},"modified":"2026-01-14T12:22:28","modified_gmt":"2026-01-14T12:22:28","slug":"oberta-la-convocatoria-de-beques-de-logopedia-i-de-psicologia-de-2026","status":"publish","type":"post","link":"https:\/\/acapps.org\/web\/2026\/01\/14\/oberta-la-convocatoria-de-beques-de-logopedia-i-de-psicologia-de-2026\/","title":{"rendered":"Oberta la convocat\u00f2ria de beques de logop\u00e8dia i de psicologia de 2026!"},"content":{"rendered":"\n<p>Des d&#8217;avui, ja es poden demanar les beques per a les sessions que feu de <strong>logop\u00e8dia i de psicologia<\/strong> a nivell privat. Un suport que us oferim, a les persones i fam\u00edlies s\u00f2cies d&#8217;ACAPPS, per facilitar-vos l&#8217;acc\u00e9s a aquests serveis d&#8217;atenci\u00f3 terap\u00e8utica.<br>Recordeu que les beques estan <strong>obertes durant tot l&#8217;any: <\/strong>us podeu inscriure en qualsevol moment i fer les sessions quan us convingui.<\/p>\n\n\n\n<p class=\"has-large-font-size\"><a href=\"https:\/\/docs.google.com\/forms\/d\/e\/1FAIpQLScEkg7Z2xu3UTEDWzZhaMqc5ct39b4TctM7UdBF1D2xsoLDFQ\/viewform\">INSCRIPCI\u00d3 A LA BECA DE LOGOP\u00c8DIA<\/a><\/p>\n\n\n\n<p class=\"has-large-font-size\"><a href=\"https:\/\/docs.google.com\/forms\/d\/e\/1FAIpQLSdWSAmbs7h_OizZRrer40t-rjWb8Htz2N4sgTGhdh98PA7jYw\/viewform\">INSCRIPCI\u00d3 A LA BECA DE PSICOLOGIA<\/a><\/p>\n\n\n\n<p class=\"has-large-font-size\"><strong>Com funcionen les beques?<\/strong><\/p>\n\n\n\n<p><strong>1. Q<\/strong><strong>uins s\u00f3n els <u>requisits <\/u>per accedir a les beques?<\/strong><br>Per poder accedir a les beques cal ser <strong>soci\/a d&#8217;ACAPPS<\/strong>. Si encara no ho ets, t&#8217;expliquem com associar-te i quins s\u00f3n els avantatges que tindr\u00e0s.<\/p>\n\n\n\n<p>Abans de comen\u00e7ar les sessions de logop\u00e8dia o de psicologia, farem una <strong>entrevista pr\u00e8via<\/strong> per poder-te con\u00e8ixer i oferir-te una atenci\u00f3 personalitzada. La podem fer presencialment o per videotrucada.&nbsp;<\/p>\n\n\n\n<p><strong>2.&nbsp;Amb quin\/a professional de logop\u00e8dia o psicologia ho far\u00e9?<\/strong><br>Pots fer les sessions amb el\/la teu\/va logopeda o psic\u00f2leg\/a de refer\u00e8ncia, sempre que pugui emetre factura.&nbsp;<br>Si no en tens, et podem facilitar contactes de la nostra borsa.&nbsp;<\/p>\n\n\n\n<p><strong>3. Q<\/strong><strong>uin \u00e9s el <u>copagament<\/u> que he de fer?<\/strong><br>Per a les sessions de logop\u00e8dia, ACAPPS aporta 15\u20ac per sessi\u00f3.<br>Per a les de psicologia, 20\u20ac per sessi\u00f3.<\/p>\n\n\n\n<p><strong>4. Q<\/strong><strong>uan he de demanar la beca i quan he de fer les sessions?&nbsp;<\/strong><br>Les sessions de logop\u00e8dia i psicologia les podeu demanar quan vulgueu entre els mesos de gener i octubre de 2026. <strong>Podeu demanar la beca ara i fer les sessions quan les necessiteu al llarg de l&#8217;any.<\/strong> El nombre de sessions atorgat variar\u00e0 segons les caracter\u00edstiques personals de cada cas, com l\u2019edat, el grau de p\u00e8rdua auditiva o el moment del diagn\u00f2stic, entre d\u2019altres.<\/p>\n\n\n\n<p><strong>5. Qu\u00e8 m\u00e9s he de saber?<\/strong><br>Al final de les sessions, i per poder millorar el nostre programa de beques en futures edicions, necessitarem que ens facis un retorn a trav\u00e9s d&#8217;una enquesta de satisfacci\u00f3.<br>Les fam\u00edlies o persones participants heu de <strong>signar<\/strong> totes les sessions fetes.\u00a0<\/p>\n\n\n\n<p><\/p>\n\n\n\n<p class=\"has-large-font-size\"><strong>L&#8217;any passat vam oferir el copagament de\u00a01.364 sessions de logop\u00e8dia i de 270 sessions de psicologia.<\/strong><\/p>\n\n\n\n<hr class=\"wp-block-separator has-alpha-channel-opacity\"\/>\n\n\n\n<p class=\"has-text-color has-link-color has-x-large-font-size wp-elements-5239a06f1e46eb90accf971fd7b07d66\" style=\"color:#008942\"><strong>Ning\u00fa sense beca!&nbsp;&nbsp;<\/strong><\/p>\n\n\n\n<p class=\"has-medium-font-size\"><strong>Recordeu que oferim beques 100% per a fam\u00edlies i persones adultes amb vulnerabilitat econ\u00f2mica.<\/strong><br>Per poder-hi accedir, cal que aporteu un informe de vulnerabilitat econ\u00f2mica del\/de la treballador\/a social.<\/p>\n\n\n\n<figure class=\"wp-block-image size-large\"><a href=\"https:\/\/acapps.org\/web\/wp-content\/uploads\/2026\/01\/beques_acapps.jpg\"><img loading=\"lazy\" decoding=\"async\" width=\"821\" height=\"1024\" src=\"https:\/\/acapps.org\/web\/wp-content\/uploads\/2026\/01\/beques_acapps-821x1024.jpg\" alt=\"\" class=\"wp-image-16484\" srcset=\"https:\/\/acapps.org\/web\/wp-content\/uploads\/2026\/01\/beques_acapps-821x1024.jpg 821w, https:\/\/acapps.org\/web\/wp-content\/uploads\/2026\/01\/beques_acapps-241x300.jpg 241w, https:\/\/acapps.org\/web\/wp-content\/uploads\/2026\/01\/beques_acapps-768x958.jpg 768w, https:\/\/acapps.org\/web\/wp-content\/uploads\/2026\/01\/beques_acapps-1232x1536.jpg 1232w, https:\/\/acapps.org\/web\/wp-content\/uploads\/2026\/01\/beques_acapps.jpg 1414w\" sizes=\"(max-width: 821px) 100vw, 821px\" \/><\/a><\/figure>\n\n\n\n<hr class=\"wp-block-separator has-alpha-channel-opacity\"\/>\n\n\n\n<figure class=\"wp-block-image size-large\"><a href=\"https:\/\/acapps.org\/web\/wp-content\/uploads\/2026\/01\/financament_beques.jpg\"><img loading=\"lazy\" decoding=\"async\" width=\"1024\" height=\"157\" src=\"https:\/\/acapps.org\/web\/wp-content\/uploads\/2026\/01\/financament_beques-1024x157.jpg\" alt=\"\" class=\"wp-image-16485\" srcset=\"https:\/\/acapps.org\/web\/wp-content\/uploads\/2026\/01\/financament_beques-1024x157.jpg 1024w, https:\/\/acapps.org\/web\/wp-content\/uploads\/2026\/01\/financament_beques-300x46.jpg 300w, https:\/\/acapps.org\/web\/wp-content\/uploads\/2026\/01\/financament_beques-768x118.jpg 768w, https:\/\/acapps.org\/web\/wp-content\/uploads\/2026\/01\/financament_beques.jpg 1414w\" sizes=\"(max-width: 1024px) 100vw, 1024px\" \/><\/a><\/figure>\n","protected":false},"excerpt":{"rendered":"<p>Des d&#8217;avui, ja es poden demanar les beques per a les sessions que feu de logop\u00e8dia i de psicologia a nivell privat. Un suport que us oferim, a les persones i fam\u00edlies s\u00f2cies d&#8217;ACAPPS, per facilitar-vos l&#8217;acc\u00e9s a aquests serveis d&#8217;atenci\u00f3 terap\u00e8utica.Recordeu que les beques estan obertes durant tot l&#8217;any: us podeu inscriure en qualsevol moment i fer les sessions quan us convingui. INSCRIPCI\u00d3 A&#8230; <\/p>\n<p><a class=\"readmore\" href=\"https:\/\/acapps.org\/web\/2026\/01\/14\/oberta-la-convocatoria-de-beques-de-logopedia-i-de-psicologia-de-2026\/\">LLEGIR M\u00c9S<\/a><\/p>\n","protected":false},"author":1,"featured_media":16483,"comment_status":"closed","ping_status":"open","sticky":false,"template":"","format":"standard","meta":{"footnotes":""},"categories":[101,175,71,32,82,62],"tags":[194,185],"_links":{"self":[{"href":"https:\/\/acapps.org\/web\/wp-json\/wp\/v2\/posts\/16482"}],"collection":[{"href":"https:\/\/acapps.org\/web\/wp-json\/wp\/v2\/posts"}],"about":[{"href":"https:\/\/acapps.org\/web\/wp-json\/wp\/v2\/types\/post"}],"author":[{"embeddable":true,"href":"https:\/\/acapps.org\/web\/wp-json\/wp\/v2\/users\/1"}],"replies":[{"embeddable":true,"href":"https:\/\/acapps.org\/web\/wp-json\/wp\/v2\/comments?post=16482"}],"version-history":[{"count":1,"href":"https:\/\/acapps.org\/web\/wp-json\/wp\/v2\/posts\/16482\/revisions"}],"predecessor-version":[{"id":16486,"href":"https:\/\/acapps.org\/web\/wp-json\/wp\/v2\/posts\/16482\/revisions\/16486"}],"wp:featuredmedia":[{"embeddable":true,"href":"https:\/\/acapps.org\/web\/wp-json\/wp\/v2\/media\/16483"}],"wp:attachment":[{"href":"https:\/\/acapps.org\/web\/wp-json\/wp\/v2\/media?parent=16482"}],"wp:term":[{"taxonomy":"category","embeddable":true,"href":"https:\/\/acapps.org\/web\/wp-json\/wp\/v2\/categories?post=16482"},{"taxonomy":"post_tag","embeddable":true,"href":"https:\/\/acapps.org\/web\/wp-json\/wp\/v2\/tags?post=16482"}],"curies":[{"name":"wp","href":"https:\/\/api.w.org\/{rel}","templated":true}]}}