{"id":16908,"date":"2026-04-28T10:13:31","date_gmt":"2026-04-28T10:13:31","guid":{"rendered":"https:\/\/acapps.org\/web\/?p=16908"},"modified":"2026-04-28T10:18:38","modified_gmt":"2026-04-28T10:18:38","slug":"amb-lelia-hem-entes-que-tenim-massa-pors-i-prejudicis-entorn-la-sordesa","status":"publish","type":"post","link":"https:\/\/acapps.org\/web\/2026\/04\/28\/amb-lelia-hem-entes-que-tenim-massa-pors-i-prejudicis-entorn-la-sordesa\/","title":{"rendered":"\u201cAmb l\u2019\u00c8lia hem ent\u00e8s que tenim massa pors i prejudicis entorn la sordesa\u201d"},"content":{"rendered":"\n<p class=\"has-text-color has-link-color has-medium-font-size wp-elements-0e071cdc73dca62ce922551e6d1b79cd\" style=\"color:#005d72\">Davant els perfils professionals dels participants del Servei d\u2019Orientaci\u00f3 i Inserci\u00f3 Laboral, l\u2019\u00e0rea d\u2019Aliances  i Empreses de l&#8217;associaci\u00f3 ACAPPS fa una <strong>cerca d\u2019empreses del sector<\/strong> amb ofertes laborals disponibles o per presentar candidatures. Una d\u2019elles va ser l\u2019\u00c8lia, una jove amb sordesa veterin\u00e0ria. Vam contactar amb AniCura Vet, referent en el sector, i l\u2019\u00c8lia va poder presentar la seva candidatura i superar el proc\u00e9s de selecci\u00f3: va aconseguir la feina!<\/p>\n\n\n\n<p class=\"has-text-color has-link-color has-medium-font-size wp-elements-a787d9b415ad9ecfcac8dfba55b65719\" style=\"color:#005d72\">Un cop incorporada, <strong>ACAPPS va seguir acompanyant<\/strong> a l\u2019\u00c8lia i a l\u2019empresa. Gr\u00e0cies a aquest seguiment, esvan fer <strong>adaptacions per superar barreres de comunicaci\u00f3<\/strong>: es va gestionar que l\u2019\u00c8lia tingu\u00e9s un fonendoscopi accessible per poder visualitzar els batecs a trav\u00e9s d\u2019una app, i l\u2019\u00fas de la subtitulaci\u00f3 generada per IA per a les reunions i formacions.<\/p>\n\n\n\n<p class=\"has-text-color has-link-color has-medium-font-size wp-elements-3e52b08012c40f7a71137272b3d78615\" style=\"color:#005d72\">N&#8217;hem volgut parlar amb l&#8217;<strong>Eul\u00e0lia Padr\u00f3, l&#8217;Hospital manager d&#8217;Anicura Vet&#8217;s.<\/strong><\/p>\n\n\n\n<div style=\"height:78px\" aria-hidden=\"true\" class=\"wp-block-spacer\"><\/div>\n\n\n\n<p class=\"has-medium-font-size\"><strong>A l\u2019equip d\u2019Anivets hi ha l\u2019\u00c8lia, que \u00e9s veterin\u00e0ria i t\u00e9 sordesa. Com va ser el proc\u00e9s de selecci\u00f3?<\/strong><\/p>\n\n\n\n<p>Van contactar amb nosaltres des de l\u2019\u00e0rea d\u2019empreses d\u2019ACAPPS i l\u2019\u00c8lia, que era participant del Servei d\u2019Inserci\u00f3 Laboral de l\u2019entitat, va presentar la seva autocandidatura. Ens va agradar el seu perfil i vam contactar per correu electr\u00f2nic amb ella \u2013no per tel\u00e8fon!-, la vam\u00a0 entrevistar, ens va encaixar amb el perfil de veterin\u00e0ria que busc\u00e0vem i vam decidir contractar-la, primer a la consulta i despr\u00e9s a l\u2019hospital.<\/p>\n\n\n\n<div style=\"height:34px\" aria-hidden=\"true\" class=\"wp-block-spacer\"><\/div>\n\n\n\n<p class=\"has-medium-font-size\"><strong>Ara ja fa temps que treballa amb vosaltres, com van ser els inicis de la seva incorporaci\u00f3 a l\u2019equip?<\/strong><\/p>\n\n\n\n<p>B\u00e9, va anar b\u00e9. S\u00ed que \u00e9s cert que mai hav\u00edem tingut un treballador amb sordesa i, al principi, pens\u00e0vem que ens costaria la comunicaci\u00f3. Per\u00f2 b\u00e9, vam entendre que tenim massa pors i prejudicis. Ens va anar molt b\u00e9, aix\u00f2 s\u00ed, la formaci\u00f3 que ens va fer ACAPPS sobre com facilitar la comunicaci\u00f3 i realment ara ja ho tenim tot molt integrat. Mirar-li a la cara quan parlem perqu\u00e8 ens llegeixi els llavis, per exemple.<\/p>\n\n\n\n<div style=\"height:34px\" aria-hidden=\"true\" class=\"wp-block-spacer\"><\/div>\n\n\n\n<p class=\"has-medium-font-size\"><strong>I en el seu lloc de feina, va ser necess\u00e0ria alguna adaptaci\u00f3?<\/strong><\/p>\n\n\n\n<p>Doncs s\u00ed, i aqu\u00ed tamb\u00e9 ens va funcionar molt i ens vam sentir molt acompanyats per ACAPPS. Per exemple, al principi estava a consulta per\u00f2 el tel\u00e8fon no el podia atendre i vam traslladar-la a l\u2019hospital. Vam necessitar un fonendoscopi que pogu\u00e9s l\u2019\u00c8lia pogu\u00e9s sentir. Nosaltres no coneix\u00edem que n\u2019hi havia un d\u2019accessible, que visualitza els batecs del cor a trav\u00e9s d\u2019una app. Ens en va informar ACAPPS i el vam adquirir, \u00e9s clar.<\/p>\n\n\n\n<p>A m\u00e9s l\u2019hem formada i actualment est\u00e0 treballant al laboratori. \u00c9s una professional molt responsable, compromesa i flexible.<\/p>\n\n\n\n<div style=\"height:33px\" aria-hidden=\"true\" class=\"wp-block-spacer\"><\/div>\n\n\n\n<p class=\"has-medium-font-size\"><strong>Com valoreu l\u2019acompanyament de l\u2019associaci\u00f3?<\/strong><\/p>\n\n\n\n<p>Excel\u00b7lent. En tot moment han fet seguiment de la incorporaci\u00f3, faciliten les formacions, s\u00f3n un equip que estan sempre atents i disposats. Valorem molt tot aquest acompanyament que fan, tant a l\u2019empresa com a la treballadora.<\/p>\n\n\n\n<div style=\"height:34px\" aria-hidden=\"true\" class=\"wp-block-spacer\"><\/div>\n\n\n\n<p class=\"has-medium-font-size\"><strong>Ara que ja teniu l\u2019experi\u00e8ncia, quin \u00e9s el vostre missatge per a les empreses?<\/strong><\/p>\n\n\n\n<p>Doncs que realment \u00e9s cert que tenim molts estereotips que ens fan dubtar quan, realment, si mai hem contractat ning\u00fa amb discapacitat, no en tenim cap coneixement real. Jo crec que un cop fas el pas ja se\u2019t desmunten&nbsp; aquests prejudicis i s\u00ed, podem servir de referents cap a altres empreses. Al final el o la professional encaixar\u00e0 a l\u2019empresa pel seu perfil i, sobretot, per la seva actitud, com qualsevol altra persona sense discapacitat.<\/p>\n","protected":false},"excerpt":{"rendered":"<p>Davant els perfils professionals dels participants del Servei d\u2019Orientaci\u00f3 i Inserci\u00f3 Laboral, l\u2019\u00e0rea d\u2019Aliances i Empreses de l&#8217;associaci\u00f3 ACAPPS fa una cerca d\u2019empreses del sector amb ofertes laborals disponibles o per presentar candidatures. Una d\u2019elles va ser l\u2019\u00c8lia, una jove amb sordesa veterin\u00e0ria. Vam contactar amb AniCura Vet, referent en el sector, i l\u2019\u00c8lia va poder presentar la seva candidatura i superar el proc\u00e9s de&#8230; <\/p>\n<p><a class=\"readmore\" href=\"https:\/\/acapps.org\/web\/2026\/04\/28\/amb-lelia-hem-entes-que-tenim-massa-pors-i-prejudicis-entorn-la-sordesa\/\">LLEGIR M\u00c9S<\/a><\/p>\n","protected":false},"author":1,"featured_media":16910,"comment_status":"closed","ping_status":"open","sticky":false,"template":"","format":"standard","meta":{"footnotes":""},"categories":[101,175,8,86,147,68,9,32,62],"tags":[194,189,185],"_links":{"self":[{"href":"https:\/\/acapps.org\/web\/wp-json\/wp\/v2\/posts\/16908"}],"collection":[{"href":"https:\/\/acapps.org\/web\/wp-json\/wp\/v2\/posts"}],"about":[{"href":"https:\/\/acapps.org\/web\/wp-json\/wp\/v2\/types\/post"}],"author":[{"embeddable":true,"href":"https:\/\/acapps.org\/web\/wp-json\/wp\/v2\/users\/1"}],"replies":[{"embeddable":true,"href":"https:\/\/acapps.org\/web\/wp-json\/wp\/v2\/comments?post=16908"}],"version-history":[{"count":6,"href":"https:\/\/acapps.org\/web\/wp-json\/wp\/v2\/posts\/16908\/revisions"}],"predecessor-version":[{"id":16917,"href":"https:\/\/acapps.org\/web\/wp-json\/wp\/v2\/posts\/16908\/revisions\/16917"}],"wp:featuredmedia":[{"embeddable":true,"href":"https:\/\/acapps.org\/web\/wp-json\/wp\/v2\/media\/16910"}],"wp:attachment":[{"href":"https:\/\/acapps.org\/web\/wp-json\/wp\/v2\/media?parent=16908"}],"wp:term":[{"taxonomy":"category","embeddable":true,"href":"https:\/\/acapps.org\/web\/wp-json\/wp\/v2\/categories?post=16908"},{"taxonomy":"post_tag","embeddable":true,"href":"https:\/\/acapps.org\/web\/wp-json\/wp\/v2\/tags?post=16908"}],"curies":[{"name":"wp","href":"https:\/\/api.w.org\/{rel}","templated":true}]}}