{"id":17408,"date":"2026-09-03T07:47:20","date_gmt":"2026-09-03T07:47:20","guid":{"rendered":"https:\/\/acapps.org\/web\/?p=17408"},"modified":"2026-09-03T07:48:03","modified_gmt":"2026-09-03T07:48:03","slug":"ja-podeu-demanar-les-ajudes-pua-sincrementa-el-financament-als-audiofons","status":"publish","type":"post","link":"https:\/\/acapps.org\/web\/2026\/09\/03\/ja-podeu-demanar-les-ajudes-pua-sincrementa-el-financament-als-audiofons\/","title":{"rendered":"Ja podeu demanar les ajudes PUA: s&#8217;incrementa el finan\u00e7ament als audi\u00f2fons"},"content":{"rendered":"\n<p class=\"has-text-color has-link-color has-medium-font-size wp-elements-f00bd6434edc192861d5c4937dc41fdc\" style=\"color:#035d72\"><strong>Despr\u00e9s de la darrera convocat\u00f2ria el 2023, per fi tenim les ajudes PUA 2026. Mantenen el mateix cat\u00e0leg b\u00e0sic per a la discapacitat auditiva per\u00f2 hi ha canvis significatius en els imports, els requisits d&#8217;acc\u00e9s als audi\u00f2fons i el sistema de pagament i justificaci\u00f3. Aqu\u00ed, t&#8217;ho expliquem tot!<\/strong><\/p>\n\n\n\n<p><strong>Ja est\u00e0 oberta la convocat\u00f2ria p\u00fablica per a la concessi\u00f3 de<a href=\"https:\/\/us.list-manage.com\/IJvPVqXqC86?e=09595c2b12&amp;c2id=ba3fe0ec94f11f160fc721d511001a5a\" rel=\"noreferrer noopener\" target=\"_blank\">&nbsp;la Prestaci\u00f3 d\u2019atenci\u00f3 social a&nbsp;les persones amb discapacitat (Ajudes PUA)&nbsp;<\/a>del departament de Drets Socials i Inclusi\u00f3.<\/strong><\/p>\n\n\n\n<p><br>Les ajudes\u00a0financen\u00a0<strong>productes de suport a la comunicaci\u00f3<\/strong>\u00a0-com emissores FM, timbres i avisadors visuals, auriculars,\u2026-;\u00a0<strong>els audi\u00f2fons<\/strong>\u00a0i tamb\u00e9 els\u00a0<strong>cursos de lectura labial i discriminaci\u00f3 auditiva.<\/strong>\u00a0<\/p>\n\n\n\n<p><\/p>\n\n\n\n<figure class=\"wp-block-image size-large is-resized\"><a href=\"https:\/\/acapps.org\/web\/wp-content\/uploads\/2026\/09\/ajudes_pua.jpg\"><img loading=\"lazy\" decoding=\"async\" width=\"874\" height=\"1024\" src=\"https:\/\/acapps.org\/web\/wp-content\/uploads\/2026\/09\/ajudes_pua-874x1024.jpg\" alt=\"\" class=\"wp-image-17410\" style=\"width:771px;height:auto\" srcset=\"https:\/\/acapps.org\/web\/wp-content\/uploads\/2026\/09\/ajudes_pua-874x1024.jpg 874w, https:\/\/acapps.org\/web\/wp-content\/uploads\/2026\/09\/ajudes_pua-256x300.jpg 256w, https:\/\/acapps.org\/web\/wp-content\/uploads\/2026\/09\/ajudes_pua-768x900.jpg 768w, https:\/\/acapps.org\/web\/wp-content\/uploads\/2026\/09\/ajudes_pua-1311x1536.jpg 1311w, https:\/\/acapps.org\/web\/wp-content\/uploads\/2026\/09\/ajudes_pua.jpg 1414w\" sizes=\"(max-width: 874px) 100vw, 874px\" \/><\/a><\/figure>\n\n\n\n<p class=\"has-large-font-size\"><strong>Qu\u00e8 canvia respecte l&#8217;any 2023?<\/strong><\/p>\n\n\n\n<p class=\"has-text-color has-link-color has-medium-font-size wp-elements-386e601ec0904948611d7001326b1f6e\" style=\"color:#035d72\"><strong>1. Increments en el finan\u00e7ament d&#8217;alguns dels productes<\/strong><\/p>\n\n\n\n<p>Una demanda, la d&#8217;incrementar els imports de les ajudes PUA, feta arribar per la Federaci\u00f3 ACAPPS al departament de Drets Socials\u00a0 i Inclusi\u00f3 i que, en el cas dels audi\u00f2fons i la rehabilitaci\u00f3 auditiva, ha tingut una resposta positiva. Destaquem especialment l<strong>&#8216;increment en el finan\u00e7ament dels audi\u00f2fons:<\/strong>\u00a0en el cas d&#8217;un audi\u00f2fon, es passa dels 1.400 \u20ac als 1.500\u20ac; i en el cas de dos audi\u00f2fons, dels 2.800 \u20ac als 3.000 \u20ac. Aix\u00f2 s\u00ed, l&#8217;edat general per accedir a aquest finan\u00e7ament passa\u00a0<strong>dels 23 anys als 27 anys.<\/strong><br>Tamb\u00e9 hi ha hagut un increment significatiu en l&#8217;import per als\u00a0<strong>cursos de rehabilitaci\u00f3 auditiva,<\/strong>\u00a0que passen dels 260 \u20ac als 350 h.\u00a0<br><br>En negatiu, tamb\u00e9 cal ressaltar que baixa en 200 \u20ac l&#8217;import per finan\u00e7ar l&#8217;emissora FM, dels 750 \u20ac el 2023 als 550 \u20ac actuals.<\/p>\n\n\n\n<p class=\"has-text-color has-link-color has-medium-font-size wp-elements-89a56e80ed30e351d5917f7c20165aa5\" style=\"color:#035d72\"><strong>2. Topall en l&#8217;import m\u00e0xim total.<\/strong><\/p>\n\n\n\n<p>Una mateixa persona\u00a0<strong>no podr\u00e0 rebre m\u00e9s de 9.500 \u20ac\u00a0<\/strong>pel conjunt de prestacions que demani. Tamb\u00e9 es prendran, per a la seva adjudicaci\u00f3, els ingressos nets de 2025\u00a0de la persona benefici\u00e0ria, que es situa en un\u00a0<strong>m\u00e0xim de 33.677,63 \u20ac<\/strong>\u00a0(3,5 IRSC de 2026).<\/p>\n\n\n\n<p class=\"has-text-color has-link-color has-medium-font-size wp-elements-20b92915ce1e041d0795b304c3c413ff\" style=\"color:#035d72\"><strong>3. Despeses a cobrir<\/strong><\/p>\n\n\n\n<p>Es podran presentar les despeses de productes o actuacions adquirits<strong>\u00a0els anys 2024, 2025 i 2026.<\/strong><\/p>\n\n\n\n<p class=\"has-text-color has-link-color has-medium-font-size wp-elements-e12233ca48ad4f49fba6804510bcce4f\" style=\"color:#035d72\"><strong>4. Canvis en el pagament i la justificaci\u00f3<\/strong><\/p>\n\n\n\n<p>A difer\u00e8ncia de les convocat\u00f2ries anteriors, ja no hi haur\u00e0 la bestreta del 100% abans de la justificaci\u00f3.<strong>\u00a0Es far\u00e0 un pagament \u00fanic un cop es validi la justificaci\u00f3 presentada. Per justificar la despesa, es tindr\u00e0 nom\u00e9s un mes des de la resoluci\u00f3 d&#8217;atorgament\u00a0<\/strong>(enlloc dels tres mesos de l&#8217;anterior convocat\u00f2ria).<br>Tamb\u00e9 \u00e9s important tenir present que\u00a0<strong>la persona benefici\u00e0ria de la prestaci\u00f3 ha de ser la titular o cotitular del compte bancari;\u00a0<\/strong>si \u00e9s menor de 14 anys, almenys haur\u00e0 de constar com a cotitular del compte.<\/p>\n\n\n\n<p class=\"has-white-color has-text-color has-background has-link-color has-medium-font-size wp-elements-0bdf71f6cc593289365f64102ff70044\" style=\"background-color:#008942\">Destaquem! <strong>Recordeu que podeu demanar l&#8217;ajuda econ\u00f2mica per als cursos de logop\u00e8dia, de lectura labial i de rehabilitaci\u00f3 auditiva de l&#8217;associaci\u00f3 ACAPPS.<\/strong> IMPORTANT:\u00a0<strong>Desapareix el l\u00edmit d&#8217;edat per al curs de discriminaci\u00f3 auditiva\u00a0<\/strong>(abans en 40 anys) i ja no cal presentar l&#8217;informe m\u00e8dic d&#8217;implantaci\u00f3 per accedir-hi.<\/p>\n\n\n\n<p class=\"has-large-font-size\"><strong>Que no se t&#8217;oblidi: requisits, sol\u00b7licituds i terminis<\/strong>!<\/p>\n\n\n\n<p>La sol\u00b7licitud la podeu fer presencialment a les oficines d\u2019Atenci\u00f3 Ciutadana de la Generalitat o b\u00e9 online a la l<a href=\"https:\/\/us.list-manage.com\/1CztfcwJthL?e=09595c2b12&amp;c2id=ba3fe0ec94f11f160fc721d511001a5a\" target=\"_blank\" rel=\"noreferrer noopener\">\u2019<\/a><a href=\"https:\/\/us.list-manage.com\/xuxIHPiDkpH?e=09595c2b12&amp;c2id=ba3fe0ec94f11f160fc721d511001a5a\" target=\"_blank\" rel=\"noreferrer noopener\"><strong>Oficina Virtual de Tr\u00e0mits del web de la Generalitat\u00a0<\/strong><\/a><a href=\"https:\/\/us.list-manage.com\/16hYbytutWl?e=09595c2b12&amp;c2id=ba3fe0ec94f11f160fc721d511001a5a\" target=\"_blank\" rel=\"noreferrer noopener\">.<\/a><br>\u00a0<\/p>\n\n\n\n<p><strong>El termini de presentaci\u00f3 \u00e9s el\u00a02\u00a0d&#8217;octubre de 2026 a les 14:00.<br><br>Es mantenen els mateixos requisits per accedir-hi:<\/strong>\u00a0tenir un\u00a0\u00a0<strong>grau de discapacitat auditiva igual o superior al 33%\u00a0<\/strong>abans dels 65 anys i\u00a0<strong>viure i estar empadronat a Catalunya<\/strong>\u00a0durant cinc anys (dos immediatament anteriors).<br><br><strong>(!!)<\/strong>\u00a0Tamb\u00e9 cal tenir present que els imports s\u00f3n m\u00e0xims subvencionables (no quantitats garantides) i que complir tots els requisits no garanteix l&#8217;ajut.<\/p>\n\n\n\n<p class=\"has-large-font-size\"><strong>Vols saber-ne m\u00e9s?<\/strong><\/p>\n\n\n\n<p>Et facilitem els seg\u00fcents documents per si tens dubtes o vols saber tot el que hem treballat des d&#8217;ACAPPS en relaci\u00f3 les ajudes PUA: et recomanem molt la seva lectura! A m\u00e9s, per a qualsevol consulta et pots posar en contacte amb nosaltres a<a href=\"mailto:saaf@acapps.org\" target=\"_blank\" rel=\"noreferrer noopener\">\u00a0saaf@acapps.org.<\/a><\/p>\n\n\n\n<p class=\"has-text-color has-link-color has-medium-font-size wp-elements-e71cb675b2a9595275e0663634679801\" style=\"color:#009fbc\"><a href=\"https:\/\/acapps.org\/web\/wp-content\/uploads\/2026\/09\/Preguntes_frequents_PUA_2026.pdf\">Clica a <strong>FAQS Ajudes PUA 2026<\/strong><\/a><\/p>\n\n\n\n<p class=\"has-text-color has-link-color wp-elements-8a4b211ee1a21b679ba2795cea02d6e5\" style=\"color:#009fbc\"><a href=\"https:\/\/acapps.org\/web\/wp-content\/uploads\/2026\/09\/guia_practica_PUA_2026.pdf\">Clica a <strong>Guia Pr\u00e0ctica Ajudes PUA 2026<\/strong><\/a><\/p>\n\n\n\n<p class=\"has-text-color has-link-color has-medium-font-size wp-elements-2a1efee6d692859d340a4cf786903f2c\" style=\"color:#009fbc\">Clica a <strong>Els ajuts PUA: feina feta, cam\u00ed per rec\u00f3rrer<\/strong><\/p>\n","protected":false},"excerpt":{"rendered":"<p>Despr\u00e9s de la darrera convocat\u00f2ria el 2023, per fi tenim les ajudes PUA 2026. Mantenen el mateix cat\u00e0leg b\u00e0sic per a la discapacitat auditiva per\u00f2 hi ha canvis significatius en els imports, els requisits d&#8217;acc\u00e9s als audi\u00f2fons i el sistema de pagament i justificaci\u00f3. Aqu\u00ed, t&#8217;ho expliquem tot! Ja est\u00e0 oberta la convocat\u00f2ria p\u00fablica per a la concessi\u00f3 de&nbsp;la Prestaci\u00f3 d\u2019atenci\u00f3 social a&nbsp;les persones amb&#8230; <\/p>\n<p><a class=\"readmore\" href=\"https:\/\/acapps.org\/web\/2026\/09\/03\/ja-podeu-demanar-les-ajudes-pua-sincrementa-el-financament-als-audiofons\/\">LLEGIR M\u00c9S<\/a><\/p>\n","protected":false},"author":1,"featured_media":17409,"comment_status":"closed","ping_status":"open","sticky":false,"template":"","format":"standard","meta":{"footnotes":""},"categories":[101,4,6,8,86,32,82,62],"tags":[42,186,192,185],"_links":{"self":[{"href":"https:\/\/acapps.org\/web\/wp-json\/wp\/v2\/posts\/17408"}],"collection":[{"href":"https:\/\/acapps.org\/web\/wp-json\/wp\/v2\/posts"}],"about":[{"href":"https:\/\/acapps.org\/web\/wp-json\/wp\/v2\/types\/post"}],"author":[{"embeddable":true,"href":"https:\/\/acapps.org\/web\/wp-json\/wp\/v2\/users\/1"}],"replies":[{"embeddable":true,"href":"https:\/\/acapps.org\/web\/wp-json\/wp\/v2\/comments?post=17408"}],"version-history":[{"count":1,"href":"https:\/\/acapps.org\/web\/wp-json\/wp\/v2\/posts\/17408\/revisions"}],"predecessor-version":[{"id":17411,"href":"https:\/\/acapps.org\/web\/wp-json\/wp\/v2\/posts\/17408\/revisions\/17411"}],"wp:featuredmedia":[{"embeddable":true,"href":"https:\/\/acapps.org\/web\/wp-json\/wp\/v2\/media\/17409"}],"wp:attachment":[{"href":"https:\/\/acapps.org\/web\/wp-json\/wp\/v2\/media?parent=17408"}],"wp:term":[{"taxonomy":"category","embeddable":true,"href":"https:\/\/acapps.org\/web\/wp-json\/wp\/v2\/categories?post=17408"},{"taxonomy":"post_tag","embeddable":true,"href":"https:\/\/acapps.org\/web\/wp-json\/wp\/v2\/tags?post=17408"}],"curies":[{"name":"wp","href":"https:\/\/api.w.org\/{rel}","templated":true}]}}