{"id":17415,"date":"2026-09-03T13:36:38","date_gmt":"2026-09-03T13:36:38","guid":{"rendered":"https:\/\/acapps.org\/web\/?p=17415"},"modified":"2026-09-03T13:36:40","modified_gmt":"2026-09-03T13:36:40","slug":"lassociacio-acapps-i-el-copc-organitzen-el-curs-sordesa-i-salut-emocional-mirades-des-de-la-infancia-la-familia-i-letapa-adulta","status":"publish","type":"post","link":"https:\/\/acapps.org\/web\/2026\/09\/03\/lassociacio-acapps-i-el-copc-organitzen-el-curs-sordesa-i-salut-emocional-mirades-des-de-la-infancia-la-familia-i-letapa-adulta\/","title":{"rendered":"L&#8217;associaci\u00f3 ACAPPS i el COPC organitzen el curs &#8220;Sordesa i salut emocional: mirades des de la inf\u00e0ncia, la fam\u00edlia i l&#8217;etapa adulta&#8221;"},"content":{"rendered":"\n<p class=\"has-medium-font-size\"><strong>La formaci\u00f3, que tindr\u00e0 lloc entre el 28 de setembre i el 5 d&#8217;octubre de 2026, abordar\u00e0 l&#8217;impacte psicol\u00f2gic de la sordesa en infants, fam\u00edlies i persones adultes des d&#8217;una perspectiva multidisciplin\u00e0ria, inclusiva i centrada en el benestar emocional al llarg del cicle vital.<\/strong><\/p>\n\n\n\n<p>L\u2019Associaci\u00f3 ACAPPS i el <a href=\"https:\/\/www.copc.cat\/\">Col\u00b7legi Oficial de Psicologia de Catalunya (COPC) <\/a>posen en marxa el curs\u00a0<strong><em>Sordesa i salut emocional: mirades des de la inf\u00e0ncia, la fam\u00edlia i l\u2019etapa adulta<\/em><\/strong>, una proposta formativa que pret\u00e9n aprofundir en la comprensi\u00f3 de l\u2019impacte emocional de la p\u00e8rdua auditiva al llarg de les diferents etapes de la vida.<\/p>\n\n\n\n<p>La formaci\u00f3 oferir\u00e0 a les persones participants una visi\u00f3 global sobre la relaci\u00f3 entre sordesa i benestar psicol\u00f2gic, incorporant perspectives complement\u00e0ries com la psicoanal\u00edtica, la relacional, la sist\u00e8mica, la cognitivoconductual i el model biopsicosocial de la discapacitat auditiva.\u00a0<strong>L\u2019objectiu \u00e9s proporcionar eines \u00fatils per a l\u2019acompanyament professional de persones amb sordesa i de les seves fam\u00edlies<\/strong>, promovent una pr\u00e0ctica m\u00e9s inclusiva i sensible a la diversitat auditiva.<\/p>\n\n\n\n<p>L\u2019equip docent estar\u00e0 format per\u00a0<strong>Laura Roig<\/strong>, coordinadora del Servei d\u2019Atenci\u00f3 Terap\u00e8utica de l\u2019associaci\u00f3 ACAPPS, que impartir\u00e0 la primera sessi\u00f3 as\u00edncrona. La segona sessi\u00f3, de car\u00e0cter presencial, anir\u00e0 a c\u00e0rrec de la psic\u00f2loga, logopeda i psicoterapeuta\u00a0<strong>L\u00eddia Linares Castillo<\/strong>; la psic\u00f2loga especialitzada en adults amb p\u00e8rdua auditiva\u00a0<strong>Irantzu C\u00e1rcamo Arana<\/strong>; i\u00a0<strong>Ariadna Cardel\u00fas<\/strong>, vicepresidenta d\u2019ACAPPS.<br><br><strong>El curs es desenvolupar\u00e0 entre el 28 de setembre i el 5 d\u2019octubre de 2026, amb una durada total de sis hores<\/strong>, i s\u2019adre\u00e7a a persones col\u00b7legiades i precol\u00b7legiades interessades a ampliar els seus coneixements sobre l\u2019acompanyament psicol\u00f2gic i emocional de les persones amb sordesa. El programa combinar\u00e0 una part te\u00f2rica en modalitat en l\u00ednia as\u00edncrona amb una sessi\u00f3 presencial de car\u00e0cter vivencial a la seu central del COPC de Barcelona (c\/Rocafort, 129, Barcelona).<\/p>\n\n\n\n<p><strong>Pots confirmar la teva assist\u00e8ncia fins el 21 de setembre en&nbsp;<a href=\"https:\/\/www.copc.cat\/event\/curs-sordesa-i-salut-emocional-mirades-des-de-la-infancia-la-familia-i-letapa-adulta-2026-09-28-2026-10-05-3002\/register\" target=\"_blank\" rel=\"noreferrer noopener\">aquest enlla\u00e7<\/a>.<\/strong>&nbsp;T&#8217;hi esperem!<\/p>\n","protected":false},"excerpt":{"rendered":"<p>La formaci\u00f3, que tindr\u00e0 lloc entre el 28 de setembre i el 5 d&#8217;octubre de 2026, abordar\u00e0 l&#8217;impacte psicol\u00f2gic de la sordesa en infants, fam\u00edlies i persones adultes des d&#8217;una perspectiva multidisciplin\u00e0ria, inclusiva i centrada en el benestar emocional al llarg del cicle vital. L\u2019Associaci\u00f3 ACAPPS i el Col\u00b7legi Oficial de Psicologia de Catalunya (COPC) posen en marxa el curs\u00a0Sordesa i salut emocional: mirades des&#8230; <\/p>\n<p><a class=\"readmore\" href=\"https:\/\/acapps.org\/web\/2026\/09\/03\/lassociacio-acapps-i-el-copc-organitzen-el-curs-sordesa-i-salut-emocional-mirades-des-de-la-infancia-la-familia-i-letapa-adulta\/\">LLEGIR M\u00c9S<\/a><\/p>\n","protected":false},"author":1,"featured_media":13949,"comment_status":"closed","ping_status":"open","sticky":false,"template":"","format":"standard","meta":{"footnotes":""},"categories":[101,175,8,32,82,62],"tags":[194,185],"_links":{"self":[{"href":"https:\/\/acapps.org\/web\/wp-json\/wp\/v2\/posts\/17415"}],"collection":[{"href":"https:\/\/acapps.org\/web\/wp-json\/wp\/v2\/posts"}],"about":[{"href":"https:\/\/acapps.org\/web\/wp-json\/wp\/v2\/types\/post"}],"author":[{"embeddable":true,"href":"https:\/\/acapps.org\/web\/wp-json\/wp\/v2\/users\/1"}],"replies":[{"embeddable":true,"href":"https:\/\/acapps.org\/web\/wp-json\/wp\/v2\/comments?post=17415"}],"version-history":[{"count":1,"href":"https:\/\/acapps.org\/web\/wp-json\/wp\/v2\/posts\/17415\/revisions"}],"predecessor-version":[{"id":17416,"href":"https:\/\/acapps.org\/web\/wp-json\/wp\/v2\/posts\/17415\/revisions\/17416"}],"wp:featuredmedia":[{"embeddable":true,"href":"https:\/\/acapps.org\/web\/wp-json\/wp\/v2\/media\/13949"}],"wp:attachment":[{"href":"https:\/\/acapps.org\/web\/wp-json\/wp\/v2\/media?parent=17415"}],"wp:term":[{"taxonomy":"category","embeddable":true,"href":"https:\/\/acapps.org\/web\/wp-json\/wp\/v2\/categories?post=17415"},{"taxonomy":"post_tag","embeddable":true,"href":"https:\/\/acapps.org\/web\/wp-json\/wp\/v2\/tags?post=17415"}],"curies":[{"name":"wp","href":"https:\/\/api.w.org\/{rel}","templated":true}]}}