{"id":6580,"date":"2018-02-08T10:02:33","date_gmt":"2018-02-08T10:02:33","guid":{"rendered":"http:\/\/acapps.org\/web\/?p=6580"},"modified":"2018-02-08T10:09:04","modified_gmt":"2018-02-08T10:09:04","slug":"vine-a-coneixer-acapps-el-22-de-febrer-farem-una-presentacio-dels-nostres-serveis","status":"publish","type":"post","link":"https:\/\/acapps.org\/web\/2018\/02\/08\/vine-a-coneixer-acapps-el-22-de-febrer-farem-una-presentacio-dels-nostres-serveis\/","title":{"rendered":"Vine a con\u00e8ixer ACAPPS: el 22 de febrer farem una presentaci\u00f3 dels nostres Serveis!"},"content":{"rendered":"<h3>Has perdut l&#8217;audici\u00f3? Tens un fill\/a amb p\u00e8rdua auditiva? Ets una persona sorda i busques feina?<\/h3>\n<p><strong>El proper dijous 22 de febrer farem, a ACAPPS, una presentaci\u00f3 dels nostres Serveis: el d&#8217;Atenci\u00f3 i Suport a les Fam\u00edlies i a les persones sordes postlocutives, el d&#8217;Inserci\u00f3 Laboral i el d&#8217;Accessibilitat a la Comunicaci\u00f3.<\/strong><\/p>\n<p>L&#8217;Associaci\u00f3 Catalana per a la Promoci\u00f3 de les Persones Sordes fa 25 anys que treballem per a les persones sordes i les fam\u00edlies amb fills\/es amb discapacitat auditiva. Per aix\u00f2, volem que els nostres serveis d&#8217;atenci\u00f3 arribin a totes les persones i fam\u00edlies que els necessitin. Si ets pare o mare d&#8217;un fill\/a amb sordesa; si has anat perdent l&#8217;audici\u00f3 amb els anys; si ets una persona sorda: aquesta xerrada t&#8217;interessar\u00e0, no dubtis en venir!<\/p>\n<p>Dia: dijous, 22 de febrer. 18:00<\/p>\n<p>Lloc: ACAPPS. c. Tres Senyores, 7. Barcelona.<\/p>\n<p>Confirma la teva assist\u00e8ncia a: <a href=\"mailto:acapps@acapps.org\" target=\"_blank\" rel=\"noopener\">acapps@acapps.org<\/a>\u00a0tel: 93 210 55 30\u00a0 whatsapp 600 401 631<\/p>\n","protected":false},"excerpt":{"rendered":"<p>Has perdut l&#8217;audici\u00f3? Tens un fill\/a amb p\u00e8rdua auditiva? Ets una persona sorda i busques feina? El proper dijous 22 de febrer farem, a ACAPPS, una presentaci\u00f3 dels nostres Serveis: el d&#8217;Atenci\u00f3 i Suport a les Fam\u00edlies i a les persones sordes postlocutives, el d&#8217;Inserci\u00f3 Laboral i el d&#8217;Accessibilitat a la Comunicaci\u00f3. L&#8217;Associaci\u00f3 Catalana per a la Promoci\u00f3 de les Persones Sordes fa 25 anys&#8230; <\/p>\n<p><a class=\"readmore\" href=\"https:\/\/acapps.org\/web\/2018\/02\/08\/vine-a-coneixer-acapps-el-22-de-febrer-farem-una-presentacio-dels-nostres-serveis\/\">LLEGIR M\u00c9S<\/a><\/p>\n","protected":false},"author":1,"featured_media":6582,"comment_status":"open","ping_status":"open","sticky":false,"template":"","format":"standard","meta":{"footnotes":""},"categories":[4,8,7,9,2,32],"tags":[],"_links":{"self":[{"href":"https:\/\/acapps.org\/web\/wp-json\/wp\/v2\/posts\/6580"}],"collection":[{"href":"https:\/\/acapps.org\/web\/wp-json\/wp\/v2\/posts"}],"about":[{"href":"https:\/\/acapps.org\/web\/wp-json\/wp\/v2\/types\/post"}],"author":[{"embeddable":true,"href":"https:\/\/acapps.org\/web\/wp-json\/wp\/v2\/users\/1"}],"replies":[{"embeddable":true,"href":"https:\/\/acapps.org\/web\/wp-json\/wp\/v2\/comments?post=6580"}],"version-history":[{"count":1,"href":"https:\/\/acapps.org\/web\/wp-json\/wp\/v2\/posts\/6580\/revisions"}],"predecessor-version":[{"id":6581,"href":"https:\/\/acapps.org\/web\/wp-json\/wp\/v2\/posts\/6580\/revisions\/6581"}],"wp:featuredmedia":[{"embeddable":true,"href":"https:\/\/acapps.org\/web\/wp-json\/wp\/v2\/media\/6582"}],"wp:attachment":[{"href":"https:\/\/acapps.org\/web\/wp-json\/wp\/v2\/media?parent=6580"}],"wp:term":[{"taxonomy":"category","embeddable":true,"href":"https:\/\/acapps.org\/web\/wp-json\/wp\/v2\/categories?post=6580"},{"taxonomy":"post_tag","embeddable":true,"href":"https:\/\/acapps.org\/web\/wp-json\/wp\/v2\/tags?post=6580"}],"curies":[{"name":"wp","href":"https:\/\/api.w.org\/{rel}","templated":true}]}}