{"id":6777,"date":"2018-04-05T10:22:26","date_gmt":"2018-04-05T10:22:26","guid":{"rendered":"http:\/\/acapps.org\/web\/?p=6777"},"modified":"2018-04-20T12:47:16","modified_gmt":"2018-04-20T12:47:16","slug":"les-proves-davaluacio-final-de-la-eso-accessibles-a-lalumnat-amb-necessitats-de-suport-educatiu","status":"publish","type":"post","link":"https:\/\/acapps.org\/web\/2018\/04\/05\/les-proves-davaluacio-final-de-la-eso-accessibles-a-lalumnat-amb-necessitats-de-suport-educatiu\/","title":{"rendered":"Les proves d&#8217;avaluaci\u00f3 final de la ESO, accessibles a l&#8217;alumnat amb necessitats de suport educatiu"},"content":{"rendered":"<p>Els propers mesos es realitzaran les proves d&#8217;Avaluaci\u00f3 Final d&#8217;Educaci\u00f3 Secund\u00e0ria Obligat\u00f2ria amb finalitat diagn\u00f2stica. Us recordem que, a Catalunya, la Resoluci\u00f3 ENS\/2365\/2017,\u00a0 que regula aquestes proves estableix, a l\u2019article 5.3. que el \u00a0que el Consell Superior d\u2019Avaluaci\u00f3 del Sistema Educatiu adapta l\u2019aplicaci\u00f3 de les proves per als alumnes amb d\u00e8ficits visuals o auditius. Aix\u00ed mateix, el Consell donar\u00e0 instruccions per aplicar la prova als alumnes amb TDAH (trastorn per d\u00e8ficit d\u2019atenci\u00f3 amb o sense hiperactivitat) o disl\u00e8xia, que podran disposar de m\u00e9s temps per fer-la.<\/p>\n<p>&nbsp;<\/p>\n","protected":false},"excerpt":{"rendered":"<p>Els propers mesos es realitzaran les proves d&#8217;Avaluaci\u00f3 Final d&#8217;Educaci\u00f3 Secund\u00e0ria Obligat\u00f2ria amb finalitat diagn\u00f2stica. Us recordem que, a Catalunya, la Resoluci\u00f3 ENS\/2365\/2017,\u00a0 que regula aquestes proves estableix, a l\u2019article 5.3. que el \u00a0que el Consell Superior d\u2019Avaluaci\u00f3 del Sistema Educatiu adapta l\u2019aplicaci\u00f3 de les proves per als alumnes amb d\u00e8ficits visuals o auditius. Aix\u00ed mateix, el Consell donar\u00e0 instruccions per aplicar la prova als&#8230; <\/p>\n<p><a class=\"readmore\" href=\"https:\/\/acapps.org\/web\/2018\/04\/05\/les-proves-davaluacio-final-de-la-eso-accessibles-a-lalumnat-amb-necessitats-de-suport-educatiu\/\">LLEGIR M\u00c9S<\/a><\/p>\n","protected":false},"author":1,"featured_media":6779,"comment_status":"closed","ping_status":"open","sticky":false,"template":"","format":"standard","meta":{"footnotes":""},"categories":[4,8,7,5,32,62],"tags":[],"_links":{"self":[{"href":"https:\/\/acapps.org\/web\/wp-json\/wp\/v2\/posts\/6777"}],"collection":[{"href":"https:\/\/acapps.org\/web\/wp-json\/wp\/v2\/posts"}],"about":[{"href":"https:\/\/acapps.org\/web\/wp-json\/wp\/v2\/types\/post"}],"author":[{"embeddable":true,"href":"https:\/\/acapps.org\/web\/wp-json\/wp\/v2\/users\/1"}],"replies":[{"embeddable":true,"href":"https:\/\/acapps.org\/web\/wp-json\/wp\/v2\/comments?post=6777"}],"version-history":[{"count":2,"href":"https:\/\/acapps.org\/web\/wp-json\/wp\/v2\/posts\/6777\/revisions"}],"predecessor-version":[{"id":6824,"href":"https:\/\/acapps.org\/web\/wp-json\/wp\/v2\/posts\/6777\/revisions\/6824"}],"wp:featuredmedia":[{"embeddable":true,"href":"https:\/\/acapps.org\/web\/wp-json\/wp\/v2\/media\/6779"}],"wp:attachment":[{"href":"https:\/\/acapps.org\/web\/wp-json\/wp\/v2\/media?parent=6777"}],"wp:term":[{"taxonomy":"category","embeddable":true,"href":"https:\/\/acapps.org\/web\/wp-json\/wp\/v2\/categories?post=6777"},{"taxonomy":"post_tag","embeddable":true,"href":"https:\/\/acapps.org\/web\/wp-json\/wp\/v2\/tags?post=6777"}],"curies":[{"name":"wp","href":"https:\/\/api.w.org\/{rel}","templated":true}]}}