{"id":6889,"date":"2018-05-16T07:40:53","date_gmt":"2018-05-16T07:40:53","guid":{"rendered":"http:\/\/acapps.org\/web\/?p=6889"},"modified":"2018-05-16T07:51:35","modified_gmt":"2018-05-16T07:51:35","slug":"raimon-jane-president-de-la-federacio-acapps-elegit-vicepresident-4rt-del-cocarmi","status":"publish","type":"post","link":"https:\/\/acapps.org\/web\/2018\/05\/16\/raimon-jane-president-de-la-federacio-acapps-elegit-vicepresident-4rt-del-cocarmi\/","title":{"rendered":"Raimon Jan\u00e9, president de la Federaci\u00f3 ACAPPS, elegit vicepresident 4rt del COCARMI"},"content":{"rendered":"<p>L&#8217;Assemblea General del <a href=\"http:\/\/www.cocarmi.cat\">Comit\u00e8 Catal\u00e0 de Representants de Persones amb Discapacitat (COCARMI)<\/a>, reunida el 14 de maig, ha reelegit per unanimitat a Antonio Guill\u00e9n com a president de la organitzaci\u00f3 pels quatre propers anys. Raimon Jan\u00e9, president de la nostra entitat i fins ara tresorer del COCARMI, passa a ocupar en aquesta nova legislatura la vicepresid\u00e8ncia 4a.<\/p>\n<p>En aquest nou mandat el COCARMI vol avan\u00e7ar en la <strong>recuperaci\u00f3 dels drets perduts durant la crisi<\/strong> i que havien costat molts anys de reivindicaci\u00f3 del col\u00b7lectiu.<\/p>\n<blockquote><p><strong>Les persones amb discapacitat han de ser una prioritat pel nou Govern de la Generalitat, que cal que emprengui pol\u00edtiques decidides per garantir l&#8217;accessibilitat i l&#8217;acc\u00e9s al mercat de treball, aix\u00ed com recuperar el funcionament del CODISCAT<\/strong>. Antoni Guill\u00e9n, president del COCARMI.<\/p><\/blockquote>\n<p>Amb 20 anys d&#8217;hist\u00f2ria, el COCARMI representa <strong>700 entitats i m\u00e9s de 500.000 persones<\/strong>. D\u00f3na veu a les persones amb discapacitat de Catalunya, ja sigui f\u00edsica, intel\u00b7lectual, auditiva, visual o trastorn mental. Forma part del Comit\u00e9 Estatal de Representantes de Personas con Discapacidad (CERMI) i de la Taula d&#8217;Entitats del Tercer Sector Social de Catalunya.<\/p>\n<p>Segons dades del 2016 del departament de Treball, Afers Socials i Fam\u00edlies, a Catalunya hi ha prop de 530.000 persones amb alguna discapacitat legalment reconeguda. Una d\u00e8cada abans, el 2006, en nombre de persones amb discapacitat era d&#8217;uns 377.500.<\/p>\n<p>&nbsp;<\/p>\n<p>&nbsp;<\/p>\n","protected":false},"excerpt":{"rendered":"<p>L&#8217;Assemblea General del Comit\u00e8 Catal\u00e0 de Representants de Persones amb Discapacitat (COCARMI), reunida el 14 de maig, ha reelegit per unanimitat a Antonio Guill\u00e9n com a president de la organitzaci\u00f3 pels quatre propers anys. Raimon Jan\u00e9, president de la nostra entitat i fins ara tresorer del COCARMI, passa a ocupar en aquesta nova legislatura la vicepresid\u00e8ncia 4a. En aquest nou mandat el COCARMI vol avan\u00e7ar&#8230; <\/p>\n<p><a class=\"readmore\" href=\"https:\/\/acapps.org\/web\/2018\/05\/16\/raimon-jane-president-de-la-federacio-acapps-elegit-vicepresident-4rt-del-cocarmi\/\">LLEGIR M\u00c9S<\/a><\/p>\n","protected":false},"author":3,"featured_media":6891,"comment_status":"open","ping_status":"open","sticky":false,"template":"","format":"standard","meta":{"footnotes":""},"categories":[4,8,9,2,32,62],"tags":[],"_links":{"self":[{"href":"https:\/\/acapps.org\/web\/wp-json\/wp\/v2\/posts\/6889"}],"collection":[{"href":"https:\/\/acapps.org\/web\/wp-json\/wp\/v2\/posts"}],"about":[{"href":"https:\/\/acapps.org\/web\/wp-json\/wp\/v2\/types\/post"}],"author":[{"embeddable":true,"href":"https:\/\/acapps.org\/web\/wp-json\/wp\/v2\/users\/3"}],"replies":[{"embeddable":true,"href":"https:\/\/acapps.org\/web\/wp-json\/wp\/v2\/comments?post=6889"}],"version-history":[{"count":1,"href":"https:\/\/acapps.org\/web\/wp-json\/wp\/v2\/posts\/6889\/revisions"}],"predecessor-version":[{"id":6890,"href":"https:\/\/acapps.org\/web\/wp-json\/wp\/v2\/posts\/6889\/revisions\/6890"}],"wp:featuredmedia":[{"embeddable":true,"href":"https:\/\/acapps.org\/web\/wp-json\/wp\/v2\/media\/6891"}],"wp:attachment":[{"href":"https:\/\/acapps.org\/web\/wp-json\/wp\/v2\/media?parent=6889"}],"wp:term":[{"taxonomy":"category","embeddable":true,"href":"https:\/\/acapps.org\/web\/wp-json\/wp\/v2\/categories?post=6889"},{"taxonomy":"post_tag","embeddable":true,"href":"https:\/\/acapps.org\/web\/wp-json\/wp\/v2\/tags?post=6889"}],"curies":[{"name":"wp","href":"https:\/\/api.w.org\/{rel}","templated":true}]}}