{"id":7246,"date":"2018-10-10T13:29:34","date_gmt":"2018-10-10T13:29:34","guid":{"rendered":"https:\/\/acapps.org\/web\/?p=7246"},"modified":"2018-10-15T14:27:38","modified_gmt":"2018-10-15T14:27:38","slug":"publicat-el-butlleti-informatiu-doctubre-inscripcions-jornades","status":"publish","type":"post","link":"https:\/\/acapps.org\/web\/2018\/10\/10\/publicat-el-butlleti-informatiu-doctubre-inscripcions-jornades\/","title":{"rendered":"Publicat el butllet\u00ed informatiu d&#8217;Octubre + Inscripcions Jornades!"},"content":{"rendered":"<p><a href=\"https:\/\/acapps.org\/web\/wp-content\/uploads\/2018\/10\/butllet\u00ed_OCTUBRE.pdf\">BUTLLET\u00cd INFORMATIU D&#8217;OCTUBRE, CLICA AQU\u00cd PER OBRIR-LO!<\/a><\/p>\n<p><strong>Arribem al mes d&#8217;octubre i ho fem com cada any obrint les inscripcions a les Jornades de la Federaci\u00f3 ACAPPS. I ho posem f\u00e0cil: ho podeu fer des d&#8217;ara mateix i aqu\u00ed:<br \/>\n<a href=\"https:\/\/docs.google.com\/forms\/d\/1fgm8_M1G9cLbAbTke1JKsRzPhRmngxgrh8wjhNlgxWo\/viewform?edit_requested=true\" target=\"_blank\" rel=\"noopener\" data-cke-saved-href=\"https:\/\/docs.google.com\/forms\/d\/1fgm8_M1G9cLbAbTke1JKsRzPhRmngxgrh8wjhNlgxWo\/viewform?edit_requested=true\">FORMULARI D&#8217;INSCRIPCI\u00d3 A LES\u00a0 23es JORNADES<\/a><\/strong><\/p>\n<p><strong>En breu, publicarem el programa al nostre web www.acapps.org<\/strong>. En aquest butllet\u00ed us avancem que parlarem del nou Decret per a una Escola Inclusiva i qu\u00e8 implicar\u00e0 per a l&#8217;alumnat sord en modalitat oral; sobre el dret a les pr\u00f2tesis auditives; sobre l&#8217;accessibilitat a la comunicaci\u00f3 i de les novetats en l&#8217;\u00e0mbit tecnol\u00f2gic. Tamb\u00e9 recordarem molts moments dels 20 anys del Servei d&#8217;Inserci\u00f3 Laboral amb una mostra que estem preparant per a les Jornades.<\/p>\n<p><strong>Les darreres accions amb el CODISCAT: e<\/strong>l president del Govern, Quim Torra, anuncia la creaci\u00f3 del <strong>Pacte Nacional per a les persones amb Discapacitat<\/strong> per abordar, des del punt de vista<strong> legislatiu, pressupostari i de pol\u00edtiques p\u00fabliques tots els reptes que tenen els i les ciutadanes amb discapacitat.<\/strong><\/p>\n<p><strong>ALTRES TITULARS DE LES NOSTRES ACTIVITATS I SERVEIS<\/strong><br \/>\n<strong>LABORAL<\/strong>: <strong>Fem mem\u00f2ria de la primera etapa del Servei d&#8217;Inserci\u00f3 Laboral <\/strong>(1.998-2008) amb Lola Montejo, coordinadora dels primers deu anys del Servei.<br \/>\n<strong>LOGOP\u00c8DIA:<\/strong>\u00a0Places disponibles per al\u00a0<strong>cofinan\u00e7ament de les sessions de logop\u00e8dia per a infants, joves i persones sordes. <\/strong>Si hi est\u00e0s interessat\/da, contacta ara amb el <a href=\"mailto:saaf@acapps.org?subject=Cofinan%C3%A7ament%20logop%C3%A8dia&amp;body=Nom%20i%20cognoms%3A\" target=\"_blank\" rel=\"noopener\" data-cke-saved-href=\"mailto:saaf@acapps.org?subject=Cofinan%C3%A7ament%20logop%C3%A8dia&amp;body=Nom%20i%20cognoms%3A\">saaf@acapps.org<\/a><br \/>\n<strong>FAM\u00cdLIES:<\/strong> recorda els moments de les darreres activitats.<br \/>\n<strong>POSTLOCUTIUS\/VES<\/strong>: Encara et pots apuntar per<strong>\u00a0curs de lectura labial. Si t&#8217;interessa, digue-ns&#8217;ho a:\u00a0<\/strong><a href=\"mailto:sasp@acapps.org\" target=\"_blank\" rel=\"noopener\" data-cke-saved-href=\"mailto:sasp@acapps.org\">sasp@acapps.org<\/a><br \/>\n<strong>ACCESSIBILITAT:<\/strong> Saps que <strong>et podem deixar una emissora FM o gestionar la subtitulaci\u00f3 d&#8217;un\u00a0 acte<\/strong>\u00a0perqu\u00e8 puguis participar on vulguis? Contacta amb <a href=\"mailto:accessibilitat@acapps.org\" target=\"_blank\" rel=\"noopener\" data-cke-saved-href=\"mailto:accessibilitat@acapps.org\">accessibilitat@acapps.org<\/a><\/p>\n<p><a title=\"Butllet\u00ed de setembre\" href=\"https:\/\/acapps.org\/web\/wp-content\/uploads\/2018\/10\/butllet\u00ed_OCTUBRE.pdf\" target=\"_blank\" rel=\"noopener\" data-cke-saved-href=\"http:\/\/acapps.org\/web\/wp-content\/uploads\/2018\/09\/butllet%C3%AD_setembre.pdf\"><strong>Per ampliar totes aquestes not\u00edcies i moltes m\u00e9s, nom\u00e9s heu de clicar per descarregar-vos el butllet\u00ed complet en arxiu .pdf.<\/strong><\/a><\/p>\n<p>Butllet\u00ed <a href=\"https:\/\/acapps.org\/web\/wp-content\/uploads\/2018\/10\/Incloem_OCTUBRE.pdf\"><em>INCLOEM<\/em>. \u00c0rea Laboral.<\/a><\/p>\n<p><strong>AGENDA:<\/strong><br \/>\n<strong>16 D&#8217;OCTUBRE<\/strong>. <strong>\u00a0Visita a les instal\u00b7lacions de Tunstall Televida. <\/strong>Ens explicaran quines mesures d&#8217;accessibilitat contempla el Servei i ens mostraran com treballen.\u00a0Si hi est\u00e0s interessat\/da, ja t&#8217;hi pots apuntar!!: <a href=\"mailto:sasp@acapps.org?subject=Inscripci%C3%B3%20Visita%20Tunstall%20Televida%20(16%2F10)&amp;body=Nom%20i%20cognoms%3A\" data-cke-saved-href=\"mailto:sasp@acapps.org?subject=Inscripci%C3%B3%20Visita%20Tunstall%20Televida%20(16%2F10)&amp;body=Nom%20i%20cognoms%3A\"><strong>sasp@acapps.org\u00a0<\/strong><\/a><\/p>\n<hr \/>\n<p><strong>19\u00a0 D&#8217;OCTUBRE<\/strong>. <strong>Taller<em> d&#8217;Animaci\u00f3 Stop Motion. <\/em><\/strong>En el marc del #MeetandCode 2018. Gratu\u00eft i obert a tothom. Espai Jove La Fontana. c. Gran de Gr\u00e0cia, 190. Barcelona<br \/>\n<strong><em>Places limitades. <\/em><\/strong>\u00a0Confirmeu la vostra assist\u00e8ncia <strong><a href=\"mailto:laboral@acapps.org?subject=Inscripci%C3%B3%20taller%20stop%20motion&amp;body=Nom%20i%20cognoms%3A\" target=\"_blank\" rel=\"noopener\" data-cke-saved-href=\"mailto:laboral@acapps.org?subject=Inscripci%C3%B3%20taller%20stop%20motion&amp;body=Nom%20i%20cognoms%3A\">laboral<\/a><a href=\"mailto:acapps@acapps.org?subject=Sortida%2029%2F09%20a%20el%20Prat&amp;body=Nom%20i%20cognoms%3A\" target=\"_blank\" rel=\"noopener\" data-cke-saved-href=\"mailto:acapps@acapps.org?subject=Sortida%2029%2F09%20a%20el%20Prat&amp;body=Nom%20i%20cognoms%3A\">@acapps.org<\/a><\/strong><\/p>\n<hr \/>\n<p><strong>16 D&#8217;OCTUBRE<\/strong>. <strong><em>Taller Fem un Magic Vine. <\/em><\/strong>En el marc del #MeetandCode 2018. Gratu\u00eft i obert a tothom. Espai Jove La Fontana.\u00a0<strong><em>Places limitades. <\/em><\/strong>\u00a0Confirmeu la vostra assist\u00e8ncia <strong><a href=\"mailto:laboral@acapps.org?subject=Inscripci%C3%B3%20taller%20Magic%20Vine&amp;body=Nom%20i%20cognoms%3A\" target=\"_blank\" rel=\"noopener\" data-cke-saved-href=\"mailto:laboral@acapps.org?subject=Inscripci%C3%B3%20taller%20Magic%20Vine&amp;body=Nom%20i%20cognoms%3A\">laboral<\/a><a href=\"mailto:acapps@acapps.org?subject=Sortida%2029%2F09%20a%20el%20Prat&amp;body=Nom%20i%20cognoms%3A\" target=\"_blank\" rel=\"noopener\" data-cke-saved-href=\"mailto:acapps@acapps.org?subject=Sortida%2029%2F09%20a%20el%20Prat&amp;body=Nom%20i%20cognoms%3A\">@acapps.org<\/a><\/strong><\/p>\n","protected":false},"excerpt":{"rendered":"<p>BUTLLET\u00cd INFORMATIU D&#8217;OCTUBRE, CLICA AQU\u00cd PER OBRIR-LO! Arribem al mes d&#8217;octubre i ho fem com cada any obrint les inscripcions a les Jornades de la Federaci\u00f3 ACAPPS. I ho posem f\u00e0cil: ho podeu fer des d&#8217;ara mateix i aqu\u00ed: FORMULARI D&#8217;INSCRIPCI\u00d3 A LES\u00a0 23es JORNADES En breu, publicarem el programa al nostre web www.acapps.org. En aquest butllet\u00ed us avancem que parlarem del nou Decret per&#8230; <\/p>\n<p><a class=\"readmore\" href=\"https:\/\/acapps.org\/web\/2018\/10\/10\/publicat-el-butlleti-informatiu-doctubre-inscripcions-jornades\/\">LLEGIR M\u00c9S<\/a><\/p>\n","protected":false},"author":3,"featured_media":7249,"comment_status":"open","ping_status":"open","sticky":false,"template":"","format":"standard","meta":{"footnotes":""},"categories":[4,66,8,7,68,73,69,9,2,71,32,62],"tags":[],"_links":{"self":[{"href":"https:\/\/acapps.org\/web\/wp-json\/wp\/v2\/posts\/7246"}],"collection":[{"href":"https:\/\/acapps.org\/web\/wp-json\/wp\/v2\/posts"}],"about":[{"href":"https:\/\/acapps.org\/web\/wp-json\/wp\/v2\/types\/post"}],"author":[{"embeddable":true,"href":"https:\/\/acapps.org\/web\/wp-json\/wp\/v2\/users\/3"}],"replies":[{"embeddable":true,"href":"https:\/\/acapps.org\/web\/wp-json\/wp\/v2\/comments?post=7246"}],"version-history":[{"count":4,"href":"https:\/\/acapps.org\/web\/wp-json\/wp\/v2\/posts\/7246\/revisions"}],"predecessor-version":[{"id":7265,"href":"https:\/\/acapps.org\/web\/wp-json\/wp\/v2\/posts\/7246\/revisions\/7265"}],"wp:featuredmedia":[{"embeddable":true,"href":"https:\/\/acapps.org\/web\/wp-json\/wp\/v2\/media\/7249"}],"wp:attachment":[{"href":"https:\/\/acapps.org\/web\/wp-json\/wp\/v2\/media?parent=7246"}],"wp:term":[{"taxonomy":"category","embeddable":true,"href":"https:\/\/acapps.org\/web\/wp-json\/wp\/v2\/categories?post=7246"},{"taxonomy":"post_tag","embeddable":true,"href":"https:\/\/acapps.org\/web\/wp-json\/wp\/v2\/tags?post=7246"}],"curies":[{"name":"wp","href":"https:\/\/api.w.org\/{rel}","templated":true}]}}