{"id":7517,"date":"2019-01-29T10:41:52","date_gmt":"2019-01-29T10:41:52","guid":{"rendered":"https:\/\/acapps.org\/web\/?p=7517"},"modified":"2019-01-29T10:49:26","modified_gmt":"2019-01-29T10:49:26","slug":"7517","status":"publish","type":"post","link":"https:\/\/acapps.org\/web\/2019\/01\/29\/7517\/","title":{"rendered":"Es constitueix la Xarxa d&#8217;Accessibilitat i Vida Independent de Barcelona. En formem part!"},"content":{"rendered":"<p><strong>Avui, 29 de gener, Domingo Reina, t\u00e8cnic del nostre <a href=\"https:\/\/acapps.org\/web\/servei-daccessibilitat-i-subtitulacio\/\">Servei d&#8217;Accessibilitat,<\/a> ha assistit a la jornada de constituci\u00f3 de la Xarxa d&#8217;Accessibilitat i Vida Independent celebrada a la Lleialtat Santsenca. Inclusi\u00f3, comprom\u00eds i diversitat s\u00f3n alguns dels valors de la XAVI <a class=\"twitter-atreply pretty-link js-nav\" dir=\"ltr\" href=\"https:\/\/twitter.com\/AcordCiutada\" data-mentioned-user-id=\"501724063\"><s>@<\/s>AcordCiutada<\/a> .\u00a0<\/strong><\/p>\n<p>La Federaci\u00f3 ACAPPS \u00e9s una de les 60 entitats membres que constitueixen la Xarxa, des d&#8217;on treballarem per a la transformaci\u00f3 social i la sensibilitzaci\u00f3 per promoure canvis socials a Barcelona i per a la plena inclusi\u00f3 de les persones amb discapacitat.<\/p>\n<p>Partint de la <strong>Convenci\u00f3 dels Drets de les Persones amb Discapacitat de les Nacions Unides<\/strong> (2006) farem accions perqu\u00e8 totes les persones tinguin els mateixos drets i condicions de vida. I fent-ho des del treball col\u00b7laboratiu per tenir m\u00e9s for\u00e7a i avan\u00e7ar amb projectes importants, aix\u00ed com per fer pressi\u00f3 a les administracions perqu\u00e8 facin pol\u00edtiques i accions per garantir els drets de les persones amb discapacitat. Sumem esfor\u00e7os entre persones, entitats i administracions que promouen els drets de les persones amb discapacitat per emprendre projectes conjunts que permetin a les persones amb discapacitat tenir els suports necessaris per a una vida independent.<\/p>\n<h2><span style=\"color: #50506b;\">Objectius de la XAVI<\/span><\/h2>\n<p><strong>Avan\u00e7ar en la conscienciaci\u00f3 i sensibilitzaci\u00f3 ciutadana. <\/strong>Perqu\u00e8 la ciutadania conegui els drets de les persones amb discapacitat i la situaci\u00f3 del col\u00b7lectiu.<\/p>\n<p><strong>Treballar la garantia de DRETS.<\/strong> \u00c9s a dir, garantir que es compleixi a Barcelona la Convenci\u00f3 dels Drets de les Persones amb Discapacitat de les Nacions Unides (Convenci\u00f3 de la ONU) i la Llei d&#8217;Accessibilitat de Catalunya.<\/p>\n<p><strong>Impulsar la participaci\u00f3, l&#8217;autorepresentaci\u00f3 i el treball col\u00b7laboratiu.<\/strong><\/p>\n<p><strong>Impulsar debats constructius i pensament cr\u00edtic.<\/strong><\/p>\n<h2><span style=\"color: #50506b;\">Valors de la XAVI<\/span><\/h2>\n<p><strong>INCLUSI\u00d3 \u00b7 COMPROM\u00cdS \u00b7 CORESPONSABILITAT \u00b7 DIVERSITAT \u00b7 DI\u00c0LEG \u00b7 PENSAMENT CR\u00cdTIC<\/strong><\/p>\n","protected":false},"excerpt":{"rendered":"<p>Avui, 29 de gener, Domingo Reina, t\u00e8cnic del nostre Servei d&#8217;Accessibilitat, ha assistit a la jornada de constituci\u00f3 de la Xarxa d&#8217;Accessibilitat i Vida Independent celebrada a la Lleialtat Santsenca. Inclusi\u00f3, comprom\u00eds i diversitat s\u00f3n alguns dels valors de la XAVI @AcordCiutada .\u00a0 La Federaci\u00f3 ACAPPS \u00e9s una de les 60 entitats membres que constitueixen la Xarxa, des d&#8217;on treballarem per a la transformaci\u00f3 social&#8230; <\/p>\n<p><a class=\"readmore\" href=\"https:\/\/acapps.org\/web\/2019\/01\/29\/7517\/\">LLEGIR M\u00c9S<\/a><\/p>\n","protected":false},"author":3,"featured_media":7480,"comment_status":"open","ping_status":"open","sticky":false,"template":"","format":"standard","meta":{"footnotes":""},"categories":[4,98,8,100,86,9,81,32,99,97],"tags":[],"_links":{"self":[{"href":"https:\/\/acapps.org\/web\/wp-json\/wp\/v2\/posts\/7517"}],"collection":[{"href":"https:\/\/acapps.org\/web\/wp-json\/wp\/v2\/posts"}],"about":[{"href":"https:\/\/acapps.org\/web\/wp-json\/wp\/v2\/types\/post"}],"author":[{"embeddable":true,"href":"https:\/\/acapps.org\/web\/wp-json\/wp\/v2\/users\/3"}],"replies":[{"embeddable":true,"href":"https:\/\/acapps.org\/web\/wp-json\/wp\/v2\/comments?post=7517"}],"version-history":[{"count":5,"href":"https:\/\/acapps.org\/web\/wp-json\/wp\/v2\/posts\/7517\/revisions"}],"predecessor-version":[{"id":7522,"href":"https:\/\/acapps.org\/web\/wp-json\/wp\/v2\/posts\/7517\/revisions\/7522"}],"wp:featuredmedia":[{"embeddable":true,"href":"https:\/\/acapps.org\/web\/wp-json\/wp\/v2\/media\/7480"}],"wp:attachment":[{"href":"https:\/\/acapps.org\/web\/wp-json\/wp\/v2\/media?parent=7517"}],"wp:term":[{"taxonomy":"category","embeddable":true,"href":"https:\/\/acapps.org\/web\/wp-json\/wp\/v2\/categories?post=7517"},{"taxonomy":"post_tag","embeddable":true,"href":"https:\/\/acapps.org\/web\/wp-json\/wp\/v2\/tags?post=7517"}],"curies":[{"name":"wp","href":"https:\/\/api.w.org\/{rel}","templated":true}]}}