{"id":7593,"date":"2019-03-04T08:41:24","date_gmt":"2019-03-04T08:41:24","guid":{"rendered":"https:\/\/acapps.org\/web\/?p=7593"},"modified":"2019-03-08T11:56:51","modified_gmt":"2019-03-08T11:56:51","slug":"el-14-de-marc-no-et-perdis-la-presentacio-del-film-mais-ca-vida-i-de-la-metodologia-dimmb","status":"publish","type":"post","link":"https:\/\/acapps.org\/web\/2019\/03\/04\/el-14-de-marc-no-et-perdis-la-presentacio-del-film-mais-ca-vida-i-de-la-metodologia-dimmb\/","title":{"rendered":"El 14 de mar\u00e7, no et perdis la presentaci\u00f3 del film\u00a0M\u00e1is ca Vida i de la metodologia DIMMB!"},"content":{"rendered":"<p><strong>Tenim el plaer de convidar-vos a la projecci\u00f3 del documental <em>M\u00e1is ca Vida<\/em> i de l&#8217;obra <em>Vida <\/em>del director i actor Rub\u00e9n R\u00edos, obres protagonitzades per persones amb discapacitat.<\/strong> El Rub\u00e9n tamb\u00e9 \u00e9s el creador de la metodologia DIMMB, en qu\u00e8 ACAPPS ha estat l&#8217;entitat escollida per desenvolupar-la a Catalunya. Amb el DIMMB\u00a0obrirem una porta al <strong>cinema i a les arts esc\u00e8niques per incrementar les oportunitats per trobar feina de les persones amb discapacitat.<\/strong><\/p>\n<p><strong><a href=\"https:\/\/docs.google.com\/forms\/d\/e\/1FAIpQLSeo6L3LDOjolUHQe5FxaxxIas0qy8CD1TGptDKSikhg_iPTxQ\/viewform\">FORMULARI D&#8217;INSCRIPCI\u00d3 A LA PRESENTACI\u00d3 M\u00c1IS CA VIDA I DIMMB<\/a><\/strong><\/p>\n<p>Durant l&#8217;acte, <strong>Rub\u00e9n R\u00edos<\/strong> explicar\u00e0 com, despr\u00e9s d&#8217;haver produ\u00eft <em>M\u00e1is Ca Vida<\/em> i <em>Vida<\/em>, li sorgeix la necessitat de crear aquesta metodologia. Per part d&#8217;ACAPPS, <strong>l&#8217;\u00c0ngels\u00a0Videla, presidenta de l&#8217;entitat, i l&#8217;equip\u00a0facilitador del DIMMB a Catalunya\u00a0<\/strong>explicaran\u00a0com farem realitat el projecte amb la<strong> participaci\u00f3 de 12 persones amb discapacitat auditiva.<\/strong><\/p>\n<p>Per a la nostra entitat \u00e9s una oportunitat ser impulsors d&#8217;aquest projecte a Catalunya, que culminar\u00e0 amb la <strong>gravaci\u00f3 d&#8217;un curtmetratge<\/strong> amb els nostres participants i que estem segurs hi posaran tot el seu cor. Perqu\u00e8 ser\u00e0 molt m\u00e9s que una formaci\u00f3: <strong>ser\u00e0 una experi\u00e8ncia que canviar\u00e0 les\u00a0seves\u00a0vides:<\/strong><\/p>\n<div id=\"attachment_7596\" style=\"width: 803px\" class=\"wp-caption alignnone\"><a href=\"https:\/\/youtu.be\/xxW3i7M9wmg\" target=\"_blank\" rel=\"noopener\"><img loading=\"lazy\" decoding=\"async\" aria-describedby=\"caption-attachment-7596\" class=\"wp-image-7596 size-full\" src=\"https:\/\/acapps.org\/web\/wp-content\/uploads\/2019\/03\/car\u00e0tula_v\u00eddeo_dimmb.jpg\" alt=\"\" width=\"793\" height=\"442\" srcset=\"https:\/\/acapps.org\/web\/wp-content\/uploads\/2019\/03\/car\u00e0tula_v\u00eddeo_dimmb.jpg 793w, https:\/\/acapps.org\/web\/wp-content\/uploads\/2019\/03\/car\u00e0tula_v\u00eddeo_dimmb-300x167.jpg 300w, https:\/\/acapps.org\/web\/wp-content\/uploads\/2019\/03\/car\u00e0tula_v\u00eddeo_dimmb-768x428.jpg 768w\" sizes=\"(max-width: 793px) 100vw, 793px\" \/><\/a><p id=\"caption-attachment-7596\" class=\"wp-caption-text\">ACAPPS porta la metodologia DIMMB a Catalunya<\/p><\/div>\n<p>&nbsp;<\/p>\n<h2><strong><span style=\"color: #666699;\">RESERVA&#8217;T LA DATA, ANOTA-T&#8217;HO A L&#8217;AGENDA!:<\/span><\/strong><\/h2>\n<h3><strong>DIA: dijous, 14 de mar\u00e7, a les 17:00<br \/>\nLLOC: Espai Jove La Fontana (sala d&#8217;actes) .<br \/>\nc. Gran de Gr\u00e0cia, 190. Barcelona.<\/strong><\/h3>\n<h2><strong><span style=\"color: #666699;\">INSCRIPCIONS:<\/span><\/strong><\/h2>\n<h3><strong>L&#8217;entrada \u00e9s lliure per\u00f2 l&#8217;aforament \u00e9s limitat. Per aix\u00f2, \u00e9s imprescindible que us inscriviu a l&#8217;acte:<\/strong><\/h3>\n<p><strong><a href=\"https:\/\/docs.google.com\/forms\/d\/e\/1FAIpQLSeo6L3LDOjolUHQe5FxaxxIas0qy8CD1TGptDKSikhg_iPTxQ\/viewform\">FORMULARI D&#8217;INSCRIPCI\u00d3 A LA PRESENTACI\u00d3 M\u00c1IS CA VIDA I DIMMB<\/a><\/strong><\/p>\n<p><strong>Per a m\u00e9s informaci\u00f3, podeu posar-vos en contacte amb nosaltres al correu <a href=\"mailto:federacio@acapps.org\">federacio@acapps.org<\/a> o per tel\u00e8fon al 93 201 55 30<\/strong><\/p>\n","protected":false},"excerpt":{"rendered":"<p>Tenim el plaer de convidar-vos a la projecci\u00f3 del documental M\u00e1is ca Vida i de l&#8217;obra Vida del director i actor Rub\u00e9n R\u00edos, obres protagonitzades per persones amb discapacitat. El Rub\u00e9n tamb\u00e9 \u00e9s el creador de la metodologia DIMMB, en qu\u00e8 ACAPPS ha estat l&#8217;entitat escollida per desenvolupar-la a Catalunya. Amb el DIMMB\u00a0obrirem una porta al cinema i a les arts esc\u00e8niques per incrementar les&#8230; <\/p>\n<p><a class=\"readmore\" href=\"https:\/\/acapps.org\/web\/2019\/03\/04\/el-14-de-marc-no-et-perdis-la-presentacio-del-film-mais-ca-vida-i-de-la-metodologia-dimmb\/\">LLEGIR M\u00c9S<\/a><\/p>\n","protected":false},"author":3,"featured_media":7595,"comment_status":"open","ping_status":"open","sticky":false,"template":"","format":"standard","meta":{"footnotes":""},"categories":[4,98,51,8,68,69,9,2,32,3,99],"tags":[],"_links":{"self":[{"href":"https:\/\/acapps.org\/web\/wp-json\/wp\/v2\/posts\/7593"}],"collection":[{"href":"https:\/\/acapps.org\/web\/wp-json\/wp\/v2\/posts"}],"about":[{"href":"https:\/\/acapps.org\/web\/wp-json\/wp\/v2\/types\/post"}],"author":[{"embeddable":true,"href":"https:\/\/acapps.org\/web\/wp-json\/wp\/v2\/users\/3"}],"replies":[{"embeddable":true,"href":"https:\/\/acapps.org\/web\/wp-json\/wp\/v2\/comments?post=7593"}],"version-history":[{"count":12,"href":"https:\/\/acapps.org\/web\/wp-json\/wp\/v2\/posts\/7593\/revisions"}],"predecessor-version":[{"id":7607,"href":"https:\/\/acapps.org\/web\/wp-json\/wp\/v2\/posts\/7593\/revisions\/7607"}],"wp:featuredmedia":[{"embeddable":true,"href":"https:\/\/acapps.org\/web\/wp-json\/wp\/v2\/media\/7595"}],"wp:attachment":[{"href":"https:\/\/acapps.org\/web\/wp-json\/wp\/v2\/media?parent=7593"}],"wp:term":[{"taxonomy":"category","embeddable":true,"href":"https:\/\/acapps.org\/web\/wp-json\/wp\/v2\/categories?post=7593"},{"taxonomy":"post_tag","embeddable":true,"href":"https:\/\/acapps.org\/web\/wp-json\/wp\/v2\/tags?post=7593"}],"curies":[{"name":"wp","href":"https:\/\/api.w.org\/{rel}","templated":true}]}}