{"id":7814,"date":"2019-06-18T08:16:35","date_gmt":"2019-06-18T08:16:35","guid":{"rendered":"https:\/\/acapps.org\/web\/?p=7814"},"modified":"2019-06-18T08:16:35","modified_gmt":"2019-06-18T08:16:35","slug":"compartim-models-metodes-i-recursos-a-la-iv-jornada-tecnica-dorientacio-professional-amb-barcelona-activa","status":"publish","type":"post","link":"https:\/\/acapps.org\/web\/2019\/06\/18\/compartim-models-metodes-i-recursos-a-la-iv-jornada-tecnica-dorientacio-professional-amb-barcelona-activa\/","title":{"rendered":"Compartim models, m\u00e8todes i recursos a la IV Jornada T\u00e8cnica d&#8217;Orientaci\u00f3 Professional amb Barcelona Activa"},"content":{"rendered":"<p>Volem millorar cada dia l&#8217;orientaci\u00f3 professional de la nostra \u00e0rea d&#8217;Inserci\u00f3 Laboral. Per aix\u00f2, l&#8217;Andreu, el Xavi i la Gisela, de l&#8217;equip t\u00e8cnic d&#8217;Orientaci\u00f3 Laboral, estaran presents a la IV Jornada T\u00e8cnica d&#8217;Orientaci\u00f3 Professional de Barcelona que organitza Barcelona Activa el proper 20 de juny.<\/p>\n<p>Ser\u00e0 un espai de reflexi\u00f3 entorn als factors claus que intervenen en el moment de l&#8217;orientaci\u00f3 al llarg de la vida, noves tend\u00e8ncies del mercat de treball, projectes que creen ocupaci\u00f3, compartir models, m\u00e8todes i recursos que s&#8217;estan portant a terme per acompanyar la persona durant aquest proc\u00e9s.<\/p>\n<p>El nostre <a href=\"https:\/\/acapps.org\/web\/servei-daccessibilitat-i-subtitulacio\/\">Servei d&#8217;Accessibilitat a la Comunicaci\u00f3<\/a> far\u00e0 accessible la jornada amb la #Subtitulaci\u00f3EnDirecte per a les persones amb discapacitat auditiva.<\/p>\n","protected":false},"excerpt":{"rendered":"<p>Volem millorar cada dia l&#8217;orientaci\u00f3 professional de la nostra \u00e0rea d&#8217;Inserci\u00f3 Laboral. Per aix\u00f2, l&#8217;Andreu, el Xavi i la Gisela, de l&#8217;equip t\u00e8cnic d&#8217;Orientaci\u00f3 Laboral, estaran presents a la IV Jornada T\u00e8cnica d&#8217;Orientaci\u00f3 Professional de Barcelona que organitza Barcelona Activa el proper 20 de juny. Ser\u00e0 un espai de reflexi\u00f3 entorn als factors claus que intervenen en el moment de l&#8217;orientaci\u00f3 al llarg de la&#8230; <\/p>\n<p><a class=\"readmore\" href=\"https:\/\/acapps.org\/web\/2019\/06\/18\/compartim-models-metodes-i-recursos-a-la-iv-jornada-tecnica-dorientacio-professional-amb-barcelona-activa\/\">LLEGIR M\u00c9S<\/a><\/p>\n","protected":false},"author":3,"featured_media":7815,"comment_status":"open","ping_status":"open","sticky":false,"template":"","format":"standard","meta":{"footnotes":""},"categories":[4,98,68,69,9,2,32,3],"tags":[],"_links":{"self":[{"href":"https:\/\/acapps.org\/web\/wp-json\/wp\/v2\/posts\/7814"}],"collection":[{"href":"https:\/\/acapps.org\/web\/wp-json\/wp\/v2\/posts"}],"about":[{"href":"https:\/\/acapps.org\/web\/wp-json\/wp\/v2\/types\/post"}],"author":[{"embeddable":true,"href":"https:\/\/acapps.org\/web\/wp-json\/wp\/v2\/users\/3"}],"replies":[{"embeddable":true,"href":"https:\/\/acapps.org\/web\/wp-json\/wp\/v2\/comments?post=7814"}],"version-history":[{"count":1,"href":"https:\/\/acapps.org\/web\/wp-json\/wp\/v2\/posts\/7814\/revisions"}],"predecessor-version":[{"id":7816,"href":"https:\/\/acapps.org\/web\/wp-json\/wp\/v2\/posts\/7814\/revisions\/7816"}],"wp:featuredmedia":[{"embeddable":true,"href":"https:\/\/acapps.org\/web\/wp-json\/wp\/v2\/media\/7815"}],"wp:attachment":[{"href":"https:\/\/acapps.org\/web\/wp-json\/wp\/v2\/media?parent=7814"}],"wp:term":[{"taxonomy":"category","embeddable":true,"href":"https:\/\/acapps.org\/web\/wp-json\/wp\/v2\/categories?post=7814"},{"taxonomy":"post_tag","embeddable":true,"href":"https:\/\/acapps.org\/web\/wp-json\/wp\/v2\/tags?post=7814"}],"curies":[{"name":"wp","href":"https:\/\/api.w.org\/{rel}","templated":true}]}}