{"id":7833,"date":"2019-06-20T12:03:33","date_gmt":"2019-06-20T12:03:33","guid":{"rendered":"https:\/\/acapps.org\/web\/?p=7833"},"modified":"2019-06-20T12:25:21","modified_gmt":"2019-06-20T12:25:21","slug":"programa-dintervencio-logopedica-2019-logopedia-per-a-infants-i-joves-0-a-18-anys","status":"publish","type":"post","link":"https:\/\/acapps.org\/web\/2019\/06\/20\/programa-dintervencio-logopedica-2019-logopedia-per-a-infants-i-joves-0-a-18-anys\/","title":{"rendered":"Programa d&#8217;Intervenci\u00f3 Logop\u00e8dica 2019. Logop\u00e8dia per a infants i joves (0 a 18 anys)"},"content":{"rendered":"\n<p>Us informem que&nbsp;posem en marxa la prestaci\u00f3 de serveis d\u2019intervenci\u00f3 logop\u00e8dica en el marc del&nbsp;<strong>PROGRAMA D\u2019INTERVENCI\u00d3 LOGOP\u00c8DICA a c\u00e0rrec de l\u2019assignaci\u00f3 tribut\u00e0ria del 0,7% d\u2019IRPF.&nbsp;<\/strong><br>Gr\u00e0cies a aquest programa, oferim a&nbsp;<strong>infants i joves&nbsp; amb discapacitat auditiva<\/strong>&nbsp;atenci\u00f3 i intervenci\u00f3 logop\u00e8dica en modalitat individual mitjan\u00e7ant el&nbsp;<strong>cofinan\u00e7ament de les sessions de logop\u00e8dia, que realitzeu amb professionals de l\u2019\u00e0mbit privat<\/strong>&nbsp;(ACAPPS pagar\u00e0 14\u20ac per sessi\u00f3 als\/a les logopedes).<br><br><strong>REQUISITS<\/strong><br>La participaci\u00f3 comporta el&nbsp;<strong>comprom\u00eds d\u2019assist\u00e8ncia<\/strong>&nbsp;per part vostra o del vostre fill\/a a les sessions i ser\u00e0 imprescindible la col\u00b7laboraci\u00f3 del\/de la logopeda en la justificaci\u00f3 de les factures i rebuts de les sessions realitzades. Tant els\/les logopedes com vosaltres us heu de comprometre a la&nbsp;<strong>presentaci\u00f3 de la documentaci\u00f3 en els terminis establerts.<\/strong><\/p>\n\n\n\n<p><strong>CRITERIS<\/strong><br>Per poder millorar el nostre programa i garantir, en la mesura del possible, cobrir les diverses necessitats- i donada l\u2019elevada demanda de participaci\u00f3 en el programa i les limitacions pressupost\u00e0ries-&nbsp; es tindran en compte els seg\u00fcents&nbsp;<strong>criteris:<\/strong><\/p>\n\n\n\n<ul><li>Ser fam\u00edlia s\u00f2cia o persona s\u00f2cia d\u2019ACAPPS.<\/li><li>Adre\u00e7at a infants i joves d&#8217;entre 0 i 18 anys.<\/li><li>Per formar part del programa, ser\u00e0 necessari que totes les fam\u00edlies i\/o persones sordes participants facin o hagin fet una&nbsp;<strong>entrevista inicial<\/strong>&nbsp;amb el Servei d\u2019Atenci\u00f3 i Suport a les Fam\u00edlies (SASF).<\/li><li>Es considerar\u00e0 l\u2019adjudicaci\u00f3 de les sessions segons rigor\u00f3s&nbsp;<strong>ordre d\u2019inscripci\u00f3 per correu electr\u00f2nic i adjuntant el document de comprom\u00eds signat perqu\u00e8 la inscripci\u00f3 sigui v\u00e0l\u00b7lida.<\/strong><\/li><\/ul>\n\n\n\n<p> Un cop recollides totes les demandes us comunicarem el n\u00famero total de sessions assignades i la documentaci\u00f3 necess\u00e0ria, i formalitzarem la vostra participaci\u00f3 al Programa d\u2019Intervenci\u00f3 Logop\u00e8dica.<br><br><strong>TERMINIS<\/strong><br>Si hi esteu interessats\/des ens ho heu de comunicar\u00a0<strong>per correu electr\u00f2nic al <a rel=\"noreferrer noopener\" href=\"mailto:saaf@acapps.org?subject=INSCRIPCI%C3%93%20PROGRAMA%20LOGOP%C3%88DIA%202019\" target=\"_blank\"><\/a><a href=\"mailto:saaf@acapps.org?subject=INSCRIPCI%C3%93%20PROGRAMA%20LOGOP%C3%88DIA%202019\">saaf@acapps.org<\/a>\u00a0abans del\u00a0 dimecres 26 de juny\u00a0, adjuntant el Document de Comprom\u00eds\u00a0<\/strong>que us podeu descarregar des d&#8217;aquest\u00a0enlla\u00e7: <\/p>\n\n\n\n<p><strong><a href=\"https:\/\/acapps.org\/web\/wp-content\/uploads\/2019\/06\/lOGOP\u00c8DIA_2019_docComprom\u00eds-1.pdf\">Document de comprom\u00eds per a menors de 18 anys<\/a><\/strong><\/p>\n\n\n\n<p>Per a m\u00e9s informaci\u00f3:  <strong>Servei d&#8217;Atenci\u00f3 i Suport a les Fam\u00edlies.<\/strong> tel. 93 210 55 30 \/  <strong><a href=\"mailto:saaf@acapps.org?subject=INSCRIPCI%C3%93%20PROGRAMA%20LOGOP%C3%88DIA%202019\">saaf@acapps.org<\/a>\u00a0<\/strong>  (Magda Giralt).<\/p>\n","protected":false},"excerpt":{"rendered":"<p>Us informem que&nbsp;posem en marxa la prestaci\u00f3 de serveis d\u2019intervenci\u00f3 logop\u00e8dica en el marc del&nbsp;PROGRAMA D\u2019INTERVENCI\u00d3 LOGOP\u00c8DICA a c\u00e0rrec de l\u2019assignaci\u00f3 tribut\u00e0ria del 0,7% d\u2019IRPF.&nbsp;Gr\u00e0cies a aquest programa, oferim a&nbsp;infants i joves&nbsp; amb discapacitat auditiva&nbsp;atenci\u00f3 i intervenci\u00f3 logop\u00e8dica en modalitat individual mitjan\u00e7ant el&nbsp;cofinan\u00e7ament de les sessions de logop\u00e8dia, que realitzeu amb professionals de l\u2019\u00e0mbit privat&nbsp;(ACAPPS pagar\u00e0 14\u20ac per sessi\u00f3 als\/a les logopedes). REQUISITSLa participaci\u00f3 comporta&#8230; <\/p>\n<p><a class=\"readmore\" href=\"https:\/\/acapps.org\/web\/2019\/06\/20\/programa-dintervencio-logopedica-2019-logopedia-per-a-infants-i-joves-0-a-18-anys\/\">LLEGIR M\u00c9S<\/a><\/p>\n","protected":false},"author":3,"featured_media":7834,"comment_status":"open","ping_status":"open","sticky":false,"template":"","format":"standard","meta":{"footnotes":""},"categories":[101,98,8,7,9,85,76,71,32],"tags":[],"_links":{"self":[{"href":"https:\/\/acapps.org\/web\/wp-json\/wp\/v2\/posts\/7833"}],"collection":[{"href":"https:\/\/acapps.org\/web\/wp-json\/wp\/v2\/posts"}],"about":[{"href":"https:\/\/acapps.org\/web\/wp-json\/wp\/v2\/types\/post"}],"author":[{"embeddable":true,"href":"https:\/\/acapps.org\/web\/wp-json\/wp\/v2\/users\/3"}],"replies":[{"embeddable":true,"href":"https:\/\/acapps.org\/web\/wp-json\/wp\/v2\/comments?post=7833"}],"version-history":[{"count":10,"href":"https:\/\/acapps.org\/web\/wp-json\/wp\/v2\/posts\/7833\/revisions"}],"predecessor-version":[{"id":7845,"href":"https:\/\/acapps.org\/web\/wp-json\/wp\/v2\/posts\/7833\/revisions\/7845"}],"wp:featuredmedia":[{"embeddable":true,"href":"https:\/\/acapps.org\/web\/wp-json\/wp\/v2\/media\/7834"}],"wp:attachment":[{"href":"https:\/\/acapps.org\/web\/wp-json\/wp\/v2\/media?parent=7833"}],"wp:term":[{"taxonomy":"category","embeddable":true,"href":"https:\/\/acapps.org\/web\/wp-json\/wp\/v2\/categories?post=7833"},{"taxonomy":"post_tag","embeddable":true,"href":"https:\/\/acapps.org\/web\/wp-json\/wp\/v2\/tags?post=7833"}],"curies":[{"name":"wp","href":"https:\/\/api.w.org\/{rel}","templated":true}]}}