{"id":8082,"date":"2019-10-31T08:36:51","date_gmt":"2019-10-31T08:36:51","guid":{"rendered":"https:\/\/acapps.org\/web\/?p=8082"},"modified":"2019-11-08T13:27:04","modified_gmt":"2019-11-08T13:27:04","slug":"cafe-tertulia-obert-a-dones-amb-sordesa-de-totes-les-edats","status":"publish","type":"post","link":"https:\/\/acapps.org\/web\/2019\/10\/31\/cafe-tertulia-obert-a-dones-amb-sordesa-de-totes-les-edats\/","title":{"rendered":"CAF\u00c8 TERT\u00daLIA obert a dones amb sordesa de totes  les edats"},"content":{"rendered":"\n<p style=\"font-size:18px\"><strong>Propera\u00a0sessi\u00f3:\u00a0dimarts\u00a012\u00a0de\u00a0novembre,\u00a0<\/strong><\/p>\n\n\n\n<p><strong>a\u00a0les\u00a010:00,\u00a0a\u00a0ACAPPS\u00a0(c.\u00a0N\u00e0pols,\u00a0351,\u00a0baixos).<\/strong><\/p>\n\n\n\n<p>El Caf\u00e8 Tert\u00falia \u00e9s un espai per a les dones amb p\u00e8rdua auditiva de totes les edats de l&#8217;associaci\u00f3 ACAPPS. Un espai creat i pensat per intercanviar experi\u00e8ncies i punts de vista, per donar-nos suport i per crear una xarxa entre dones que afavoreixi el nostre empoderament.<\/p>\n\n\n\n<p>La Conxi Rafael, dinamitzadora de les sessions, opina que \u00e9s un espai social necessari a l&#8217;entitat i que, les dues sessions que ja s&#8217;han dut a terme, han estat molt enriquidores per a totes les participants. Malgrat que cada sessi\u00f3 s&#8217;inicia entorn una tem\u00e0tica diferent (el mercat laboral, la conciliaci\u00f3 laboral i familiar), al final es deriven cap a les inquietuds o interessos que comparteixi el grup.<\/p>\n\n\n\n<p><\/p>\n\n\n\n<p>&#8220;Totes tenen moltes coses a dir i el fet que hi hagi dones de diferents edats -des d&#8217;una noia jove de 19 anys a una dona de seixantena- enriqueix molt les sessions. Tamb\u00e9 \u00e9s molt positiu veure com moltes d&#8217;elles pensaven que no podrien aconseguir moltes coses de les que volien fer tot el que els havien inculcat des de petites i com, quan s&#8217;han empoderat, han trencat amb tot aix\u00f2 i s&#8217;han adonat que s\u00ed que poden. I aix\u00f2 s&#8217;ho transmeten unes a altres&#8221;, explica Rafael .<\/p>\n\n\n\n<p>La&nbsp;propera&nbsp;sessi\u00f3&nbsp;del&nbsp;dia&nbsp;12, que comptar\u00e0 amb la subtitulaci\u00f3 en directe i el bucle magn\u00e8tic, estar\u00e0 oberta a 15 dones, us podeu inscriure a:<\/p>\n\n\n\n<p class=\"has-medium-font-size\">laboral@acapps.org    whatsapp 600 401 631<\/p>\n\n\n<p><!--StartFragment--><\/p>\n\n\n<p><\/p>\n\n\n\n<p><\/p>\n\n\n<p><!--EndFragment--><\/p>\n<p><!--StartFragment--><\/p>\n\n\n<p><\/p>\n\n\n\n<p><\/p>\n\n\n\n<p><br><\/p>\n\n\n<p><!--EndFragment--><\/p>\n<p><!--StartFragment--><\/p>\n\n\n<p><\/p>\n\n\n\n<p><\/p>\n\n\n\n<p><br><\/p>\n\n\n<p><!--EndFragment--><\/p>\n\n\n<p><br><\/p>\n\n\n\n<p><br><\/p>\n","protected":false},"excerpt":{"rendered":"<p>Propera\u00a0sessi\u00f3:\u00a0dimarts\u00a012\u00a0de\u00a0novembre,\u00a0 a\u00a0les\u00a010:00,\u00a0a\u00a0ACAPPS\u00a0(c.\u00a0N\u00e0pols,\u00a0351,\u00a0baixos). El Caf\u00e8 Tert\u00falia \u00e9s un espai per a les dones amb p\u00e8rdua auditiva de totes les edats de l&#8217;associaci\u00f3 ACAPPS. Un espai creat i pensat per intercanviar experi\u00e8ncies i punts de vista, per donar-nos suport i per crear una xarxa entre dones que afavoreixi el nostre empoderament. La Conxi Rafael, dinamitzadora de les sessions, opina que \u00e9s un espai social necessari a l&#8217;entitat&#8230; <\/p>\n<p><a class=\"readmore\" href=\"https:\/\/acapps.org\/web\/2019\/10\/31\/cafe-tertulia-obert-a-dones-amb-sordesa-de-totes-les-edats\/\">LLEGIR M\u00c9S<\/a><\/p>\n","protected":false},"author":3,"featured_media":8081,"comment_status":"open","ping_status":"open","sticky":false,"template":"","format":"standard","meta":{"footnotes":""},"categories":[101,8,68,84,9,2,32,62],"tags":[],"_links":{"self":[{"href":"https:\/\/acapps.org\/web\/wp-json\/wp\/v2\/posts\/8082"}],"collection":[{"href":"https:\/\/acapps.org\/web\/wp-json\/wp\/v2\/posts"}],"about":[{"href":"https:\/\/acapps.org\/web\/wp-json\/wp\/v2\/types\/post"}],"author":[{"embeddable":true,"href":"https:\/\/acapps.org\/web\/wp-json\/wp\/v2\/users\/3"}],"replies":[{"embeddable":true,"href":"https:\/\/acapps.org\/web\/wp-json\/wp\/v2\/comments?post=8082"}],"version-history":[{"count":3,"href":"https:\/\/acapps.org\/web\/wp-json\/wp\/v2\/posts\/8082\/revisions"}],"predecessor-version":[{"id":8117,"href":"https:\/\/acapps.org\/web\/wp-json\/wp\/v2\/posts\/8082\/revisions\/8117"}],"wp:featuredmedia":[{"embeddable":true,"href":"https:\/\/acapps.org\/web\/wp-json\/wp\/v2\/media\/8081"}],"wp:attachment":[{"href":"https:\/\/acapps.org\/web\/wp-json\/wp\/v2\/media?parent=8082"}],"wp:term":[{"taxonomy":"category","embeddable":true,"href":"https:\/\/acapps.org\/web\/wp-json\/wp\/v2\/categories?post=8082"},{"taxonomy":"post_tag","embeddable":true,"href":"https:\/\/acapps.org\/web\/wp-json\/wp\/v2\/tags?post=8082"}],"curies":[{"name":"wp","href":"https:\/\/api.w.org\/{rel}","templated":true}]}}