{"id":8137,"date":"2019-11-21T09:50:31","date_gmt":"2019-11-21T09:50:31","guid":{"rendered":"https:\/\/acapps.org\/web\/?p=8137"},"modified":"2019-11-21T09:52:44","modified_gmt":"2019-11-21T09:52:44","slug":"apuntat-a-la-formacio-per-superar-amb-exit-una-entrevista-de-feina","status":"publish","type":"post","link":"https:\/\/acapps.org\/web\/2019\/11\/21\/apuntat-a-la-formacio-per-superar-amb-exit-una-entrevista-de-feina\/","title":{"rendered":"Apunta&#8217;t a la formaci\u00f3 per superar amb \u00e8xit una entrevista de feina!"},"content":{"rendered":"\n<p>L<strong>es proves de selecci\u00f3 i entrevistes de feina de les empreses no s\u00f3n f\u00e0cils&#8230; per\u00f2 tampoc s\u00f3n impossibles!<\/strong><\/p>\n\n\n\n<p>Estem segurs que amb una bona preparaci\u00f3 i uns consells a tenir en compte guanyar\u00e0s en confian\u00e7a i seguretat a l&#8217;hora de presentar-te a una entrevista de feina i treure el millor de tu.&nbsp; Per aix\u00f2, el proper dijous 28 de novembre convidem a la Fundaci\u00f3 Quiero Trabajo que ens oferiran una sessi\u00f3 d&#8217;assessorament laboral&nbsp;<strong>&nbsp;en qu\u00e8 treballarem:<\/strong><\/p>\n\n\n\n<p> L&#8217;entrevista de feina: prepara&#8217;t<br>L&#8217;entrevista comen\u00e7a a la sala d&#8217;espera<br>Qu\u00e8 fer i qu\u00e8 no fer durant l&#8217;entrevista <\/p>\n\n\n\n<p><strong>I treballarem la imatge personal:<\/strong><br>La import\u00e0ncia de la imatge<br>Tres consells imprescindibles<br>Com vestir-se per una entrevista de feina&nbsp; <\/p>\n\n\n\n<table class=\"wp-block-table\"><tbody><tr><td>Aquesta sessi\u00f3 la farem amb la col\u00b7laboraci\u00f3 de la Fundaci\u00f3 Quiero Trabajo i dels i les orientadores laborals d&#8217;ACAPPs.<br><\/td><\/tr><\/tbody><\/table>\n\n\n\n<p style=\"background-color:#d0d4d7\" class=\"has-background\">DIA: DIJOUS, 28 de novembre&nbsp;de 10:00 a 13:00<br>LLOC: Associaci\u00f3 ACAPPS. C. N\u00e0pols, 351, baixos. Barcelona<br>ACCESSIBILITAT: subtitulaci\u00f3 en directe i bucle magn\u00e8tic <\/p>\n\n\n\n<p><strong>La sessi\u00f3 formativa \u00e9s gratu\u00efta per\u00f2&nbsp; les places s\u00f3n limitades! Fes la teva inscripci\u00f3 des d&#8217;aquest enlla\u00e7:<\/strong><\/p>\n\n\n\n<p><a href=\"https:\/\/docs.google.com\/forms\/d\/e\/1FAIpQLScfo6gmXKyn-cBj_nzp0lB_b_acAFBqjdqMMVCqnFcdeJm_Hw\/viewform\"><strong>FORMULARI D&#8217;INSCRIPCI\u00d3 FORMACI\u00d3 AMB QUIERO TRABAJO<\/strong><\/a><\/p>\n\n\n\n<figure class=\"wp-block-image\"><img loading=\"lazy\" decoding=\"async\" width=\"946\" height=\"166\" src=\"https:\/\/acapps.org\/web\/wp-content\/uploads\/2019\/11\/finan\u00e7adors_LABORAL.jpg\" alt=\"\" class=\"wp-image-8138\" srcset=\"https:\/\/acapps.org\/web\/wp-content\/uploads\/2019\/11\/finan\u00e7adors_LABORAL.jpg 946w, https:\/\/acapps.org\/web\/wp-content\/uploads\/2019\/11\/finan\u00e7adors_LABORAL-300x53.jpg 300w, https:\/\/acapps.org\/web\/wp-content\/uploads\/2019\/11\/finan\u00e7adors_LABORAL-768x135.jpg 768w\" sizes=\"(max-width: 946px) 100vw, 946px\" \/><\/figure>\n","protected":false},"excerpt":{"rendered":"<p>Les proves de selecci\u00f3 i entrevistes de feina de les empreses no s\u00f3n f\u00e0cils&#8230; per\u00f2 tampoc s\u00f3n impossibles! Estem segurs que amb una bona preparaci\u00f3 i uns consells a tenir en compte guanyar\u00e0s en confian\u00e7a i seguretat a l&#8217;hora de presentar-te a una entrevista de feina i treure el millor de tu.&nbsp; Per aix\u00f2, el proper dijous 28 de novembre convidem a la Fundaci\u00f3 Quiero&#8230; <\/p>\n<p><a class=\"readmore\" href=\"https:\/\/acapps.org\/web\/2019\/11\/21\/apuntat-a-la-formacio-per-superar-amb-exit-una-entrevista-de-feina\/\">LLEGIR M\u00c9S<\/a><\/p>\n","protected":false},"author":3,"featured_media":7891,"comment_status":"open","ping_status":"open","sticky":false,"template":"","format":"standard","meta":{"footnotes":""},"categories":[101,4,98,8,86,68,69,9,2,32,3],"tags":[],"_links":{"self":[{"href":"https:\/\/acapps.org\/web\/wp-json\/wp\/v2\/posts\/8137"}],"collection":[{"href":"https:\/\/acapps.org\/web\/wp-json\/wp\/v2\/posts"}],"about":[{"href":"https:\/\/acapps.org\/web\/wp-json\/wp\/v2\/types\/post"}],"author":[{"embeddable":true,"href":"https:\/\/acapps.org\/web\/wp-json\/wp\/v2\/users\/3"}],"replies":[{"embeddable":true,"href":"https:\/\/acapps.org\/web\/wp-json\/wp\/v2\/comments?post=8137"}],"version-history":[{"count":2,"href":"https:\/\/acapps.org\/web\/wp-json\/wp\/v2\/posts\/8137\/revisions"}],"predecessor-version":[{"id":8140,"href":"https:\/\/acapps.org\/web\/wp-json\/wp\/v2\/posts\/8137\/revisions\/8140"}],"wp:featuredmedia":[{"embeddable":true,"href":"https:\/\/acapps.org\/web\/wp-json\/wp\/v2\/media\/7891"}],"wp:attachment":[{"href":"https:\/\/acapps.org\/web\/wp-json\/wp\/v2\/media?parent=8137"}],"wp:term":[{"taxonomy":"category","embeddable":true,"href":"https:\/\/acapps.org\/web\/wp-json\/wp\/v2\/categories?post=8137"},{"taxonomy":"post_tag","embeddable":true,"href":"https:\/\/acapps.org\/web\/wp-json\/wp\/v2\/tags?post=8137"}],"curies":[{"name":"wp","href":"https:\/\/api.w.org\/{rel}","templated":true}]}}