{"id":8164,"date":"2019-12-11T10:16:22","date_gmt":"2019-12-11T10:16:22","guid":{"rendered":"https:\/\/acapps.org\/web\/?p=8164"},"modified":"2019-12-12T16:25:55","modified_gmt":"2019-12-12T16:25:55","slug":"escoltalamevaveu-la-campanya-que-trenca-estereotips-i-fa-visibles-les-persones-sordes-que-es-comuniquen-parlant","status":"publish","type":"post","link":"https:\/\/acapps.org\/web\/2019\/12\/11\/escoltalamevaveu-la-campanya-que-trenca-estereotips-i-fa-visibles-les-persones-sordes-que-es-comuniquen-parlant\/","title":{"rendered":"#EscoltaLaMevaVeu la campanya que trenca estereotips i fa visibles les persones sordes  que es comuniquen parlant"},"content":{"rendered":"\n<p>La Federaci\u00f3 ACAPPS obre la campanya #EscoltaLaMevaVeu per\ntrencar estereotips i donar a con\u00e8ixer la realitat actual: que els infants,\njoves i persones adultes amb sordesa, gr\u00e0cies als audi\u00f2fons i implants coclears,\nsenten. Aix\u00f2, sumat al suport dels logopedes, ha perm\u00e8s que les persones amb\nsordesa hagin adquirit un bon llenguatge oral, \u00e9s a dir, que es comuniquin\nparlant.<\/p>\n\n\n\n<p>Al llarg d\u2019aquesta campanya, infants, joves i persones\nadultes amb sordesa faran sentir la seva veu per fer visible que es comuniquen\noralment i, que per a ells, aix\u00f2 els ha donat plena autonomia personal en la\nseva vida social, acad\u00e8mica i laboral.<\/p>\n\n\n\n<p>En Jordi, la Montse i el David s\u00f3n les primeres veus de la campanya que ja es poden escoltar i seguir amb els subt\u00edtols per twitter i\/o facebook. A ells se&#8217;ls sumaran altres veus que ens explicaran qui s\u00f3n, qu\u00e8 els motiva, la seva visi\u00f3, els seus anhels&#8230; Tots comparteixen que tenen una discapacitat auditiva, que la viuen amb audi\u00f2fons i\/o implants coclears i que els agrada parlar amb la seva veu i fer-se sentir. <\/p>\n\n\n<p><iframe loading=\"lazy\" title=\"#EscoltaLaMevaVeu Jordi\" width=\"940\" height=\"529\" src=\"https:\/\/www.youtube.com\/embed\/RNn4me83354?feature=oembed\" frameborder=\"0\" allow=\"accelerometer; autoplay; encrypted-media; gyroscope; picture-in-picture\" allowfullscreen><\/iframe><\/p>\n\n\n<ul class=\"wp-block-gallery columns-0 is-cropped https:\/\/www.youtube.com\/watch?v=RNn4me83354 wp-block-gallery-1 is-layout-flex wp-block-gallery-is-layout-flex\"><\/ul>\n\n\n\n<figure class=\"wp-block-embed-youtube wp-block-embed is-type-video is-provider-youtube wp-embed-aspect-16-9 wp-has-aspect-ratio\"><div class=\"wp-block-embed__wrapper\">\n<iframe loading=\"lazy\" title=\"#EscoltaLaMevaVeu Montse\" width=\"940\" height=\"529\" src=\"https:\/\/www.youtube.com\/embed\/QMr4s7g-_lI?feature=oembed\" frameborder=\"0\" allow=\"accelerometer; autoplay; encrypted-media; gyroscope; picture-in-picture\" allowfullscreen><\/iframe>\n<\/div><\/figure>\n\n\n\n<figure class=\"wp-block-embed-youtube wp-block-embed is-type-video is-provider-youtube wp-embed-aspect-16-9 wp-has-aspect-ratio\"><div class=\"wp-block-embed__wrapper\">\n<iframe loading=\"lazy\" title=\"#EscoltaLaMevaVeu David\" width=\"940\" height=\"529\" src=\"https:\/\/www.youtube.com\/embed\/796MjAzfCeY?feature=oembed\" frameborder=\"0\" allow=\"accelerometer; autoplay; encrypted-media; gyroscope; picture-in-picture\" allowfullscreen><\/iframe>\n<\/div><\/figure>\n\n\n\n<p>En els propers mesos, coneixerem altres persones, infants i\npersones adultes, que tamb\u00e9 es sumaran a la campanya. Per con\u00e8ixer-los, nom\u00e9s\ncal que ens seguiu per les xarxes amb l&#8217;etiqueta #EscoltaLaMevaVeu.<\/p>\n\n\n\n<p><\/p>\n","protected":false},"excerpt":{"rendered":"<p>La Federaci\u00f3 ACAPPS obre la campanya #EscoltaLaMevaVeu per trencar estereotips i donar a con\u00e8ixer la realitat actual: que els infants, joves i persones adultes amb sordesa, gr\u00e0cies als audi\u00f2fons i implants coclears, senten. Aix\u00f2, sumat al suport dels logopedes, ha perm\u00e8s que les persones amb sordesa hagin adquirit un bon llenguatge oral, \u00e9s a dir, que es comuniquin parlant. Al llarg d\u2019aquesta campanya, infants, joves&#8230; <\/p>\n<p><a class=\"readmore\" href=\"https:\/\/acapps.org\/web\/2019\/12\/11\/escoltalamevaveu-la-campanya-que-trenca-estereotips-i-fa-visibles-les-persones-sordes-que-es-comuniquen-parlant\/\">LLEGIR M\u00c9S<\/a><\/p>\n","protected":false},"author":3,"featured_media":8020,"comment_status":"open","ping_status":"open","sticky":false,"template":"","format":"standard","meta":{"footnotes":""},"categories":[101,98,8,100,86,7,116,9,85,76,32,62],"tags":[],"_links":{"self":[{"href":"https:\/\/acapps.org\/web\/wp-json\/wp\/v2\/posts\/8164"}],"collection":[{"href":"https:\/\/acapps.org\/web\/wp-json\/wp\/v2\/posts"}],"about":[{"href":"https:\/\/acapps.org\/web\/wp-json\/wp\/v2\/types\/post"}],"author":[{"embeddable":true,"href":"https:\/\/acapps.org\/web\/wp-json\/wp\/v2\/users\/3"}],"replies":[{"embeddable":true,"href":"https:\/\/acapps.org\/web\/wp-json\/wp\/v2\/comments?post=8164"}],"version-history":[{"count":5,"href":"https:\/\/acapps.org\/web\/wp-json\/wp\/v2\/posts\/8164\/revisions"}],"predecessor-version":[{"id":8178,"href":"https:\/\/acapps.org\/web\/wp-json\/wp\/v2\/posts\/8164\/revisions\/8178"}],"wp:featuredmedia":[{"embeddable":true,"href":"https:\/\/acapps.org\/web\/wp-json\/wp\/v2\/media\/8020"}],"wp:attachment":[{"href":"https:\/\/acapps.org\/web\/wp-json\/wp\/v2\/media?parent=8164"}],"wp:term":[{"taxonomy":"category","embeddable":true,"href":"https:\/\/acapps.org\/web\/wp-json\/wp\/v2\/categories?post=8164"},{"taxonomy":"post_tag","embeddable":true,"href":"https:\/\/acapps.org\/web\/wp-json\/wp\/v2\/tags?post=8164"}],"curies":[{"name":"wp","href":"https:\/\/api.w.org\/{rel}","templated":true}]}}