{"id":8192,"date":"2019-12-13T12:11:46","date_gmt":"2019-12-13T12:11:46","guid":{"rendered":"https:\/\/acapps.org\/web\/?p=8192"},"modified":"2019-12-13T13:55:51","modified_gmt":"2019-12-13T13:55:51","slug":"subtitulem-lobra-el-sr-marcelli-fa-de-capri-i-el-sr-bohigues-no-al-teatre-goya","status":"publish","type":"post","link":"https:\/\/acapps.org\/web\/2019\/12\/13\/subtitulem-lobra-el-sr-marcelli-fa-de-capri-i-el-sr-bohigues-no-al-teatre-goya\/","title":{"rendered":"Subtitulem l&#8217;obra &#8220;El sr. Marcel\u00b7l\u00ed fa de Capri i el Sr. Bohigues, no&#8221; al Teatre Goya"},"content":{"rendered":"\n<p><strong>El Servei d&#8217;Accessibilitat a la Comunicaci\u00f3 de la Federaci\u00f3 ACAPPS subtitular\u00e0 en directe per a les persones amb p\u00e8rdua auditiva la sessi\u00f3 del 20 de desembre de l&#8217;obra <\/strong><em><strong><a href=\"https:\/\/traslarisa.koobin.com\/index.php?action=PU_evento&amp;Ev_id=22263&amp;referer=cmVmZXJlcl8zNg==\">El sr. Marcel\u00b7l\u00ed fa de Capri i el sr. Bohigues, <\/a>no<\/strong><\/em><strong> al Teatre Goya. <\/strong><\/p>\n\n\n\n<p>Gr\u00e0cies a la subtitulaci\u00f3, totes les persones amb p\u00e8rdua auditiva podran seguir i gaudir de l&#8217;obra de teatre, fent accessible la cultura a tothom. A m\u00e9s, l&#8217;espectacle tamb\u00e9 comptar\u00e0 amb bucle magn\u00e8tic per a les persones usu\u00e0ries d&#8217;audi\u00f2fons i \/o implants coclears (cal que activeu la posici\u00f3 &#8220;T&#8221; perqu\u00e8 el so us arribi de forma n\u00edtida a la pr\u00f2tesis).<\/p>\n\n\n\n<p>El preu de l&#8217;entrada amb descompte especial per a persones amb sordesa postlocutiva de l&#8217;associaci\u00f3 ACAPPS \u00e9s de 7\u20ac (preu redu\u00eft en un 60% respecte al preu de l&#8217;entrada general!). Cada persona s\u00f2cia i amb sordesa postlocutiva d&#8217;ACAPPS podr\u00e0 reservar fins a un m\u00e0xim de 3 entrades -per a ell\/a i dos acompanyants-. Per a m\u00e9s informaci\u00f3 i reserva d&#8217;entrades poseu-vos en contacte amb <a href=\"sasp@acapps.org\">sasp@acapps.org<\/a> \/ whatsapp 620 993 422 (Magda Giralt).<\/p>\n","protected":false},"excerpt":{"rendered":"<p>El Servei d&#8217;Accessibilitat a la Comunicaci\u00f3 de la Federaci\u00f3 ACAPPS subtitular\u00e0 en directe per a les persones amb p\u00e8rdua auditiva la sessi\u00f3 del 20 de desembre de l&#8217;obra El sr. Marcel\u00b7l\u00ed fa de Capri i el sr. Bohigues, no al Teatre Goya. Gr\u00e0cies a la subtitulaci\u00f3, totes les persones amb p\u00e8rdua auditiva podran seguir i gaudir de l&#8217;obra de teatre, fent accessible la cultura a&#8230; <\/p>\n<p><a class=\"readmore\" href=\"https:\/\/acapps.org\/web\/2019\/12\/13\/subtitulem-lobra-el-sr-marcelli-fa-de-capri-i-el-sr-bohigues-no-al-teatre-goya\/\">LLEGIR M\u00c9S<\/a><\/p>\n","protected":false},"author":3,"featured_media":8194,"comment_status":"open","ping_status":"open","sticky":false,"template":"","format":"standard","meta":{"footnotes":""},"categories":[101,4,98,8,86,9,32,62,3],"tags":[],"_links":{"self":[{"href":"https:\/\/acapps.org\/web\/wp-json\/wp\/v2\/posts\/8192"}],"collection":[{"href":"https:\/\/acapps.org\/web\/wp-json\/wp\/v2\/posts"}],"about":[{"href":"https:\/\/acapps.org\/web\/wp-json\/wp\/v2\/types\/post"}],"author":[{"embeddable":true,"href":"https:\/\/acapps.org\/web\/wp-json\/wp\/v2\/users\/3"}],"replies":[{"embeddable":true,"href":"https:\/\/acapps.org\/web\/wp-json\/wp\/v2\/comments?post=8192"}],"version-history":[{"count":2,"href":"https:\/\/acapps.org\/web\/wp-json\/wp\/v2\/posts\/8192\/revisions"}],"predecessor-version":[{"id":8195,"href":"https:\/\/acapps.org\/web\/wp-json\/wp\/v2\/posts\/8192\/revisions\/8195"}],"wp:featuredmedia":[{"embeddable":true,"href":"https:\/\/acapps.org\/web\/wp-json\/wp\/v2\/media\/8194"}],"wp:attachment":[{"href":"https:\/\/acapps.org\/web\/wp-json\/wp\/v2\/media?parent=8192"}],"wp:term":[{"taxonomy":"category","embeddable":true,"href":"https:\/\/acapps.org\/web\/wp-json\/wp\/v2\/categories?post=8192"},{"taxonomy":"post_tag","embeddable":true,"href":"https:\/\/acapps.org\/web\/wp-json\/wp\/v2\/tags?post=8192"}],"curies":[{"name":"wp","href":"https:\/\/api.w.org\/{rel}","templated":true}]}}