{"id":8721,"date":"2020-04-23T15:31:08","date_gmt":"2020-04-23T15:31:08","guid":{"rendered":"https:\/\/acapps.org\/web\/?p=8721"},"modified":"2020-04-23T16:08:36","modified_gmt":"2020-04-23T16:08:36","slug":"mes-facil-mes-propers-obrim-dos-canals-a-telegram-per-a-les-persones-amb-sordesa-en-recerca-de-feina","status":"publish","type":"post","link":"https:\/\/acapps.org\/web\/2020\/04\/23\/mes-facil-mes-propers-obrim-dos-canals-a-telegram-per-a-les-persones-amb-sordesa-en-recerca-de-feina\/","title":{"rendered":"M\u00c9S F\u00c0CIL, M\u00c9S PROPERS: Obrim dos canals a Telegram per a les persones amb sordesa en recerca de feina"},"content":{"rendered":"\n<p><strong>Des de l&#8217;inici de l&#8217;estat d&#8217;alerta pel Covid19 i el confinament, el nostre&nbsp;<\/strong><strong><a href=\"https:\/\/acapps.us6.list-manage.com\/track\/click?u=c4ae27b54b&amp;id=bb74ec8456&amp;e=360cb2d615\" target=\"_blank\" rel=\"noreferrer noopener\">Servei d&#8217;Orientaci\u00f3 i Inserci\u00f3 Laboral<\/a><\/strong><strong>&nbsp;ha buscat alternatives per continuar oferint-vos atenci\u00f3 i suport en la recerca de feina. Per millorar aquest suport i per garantir la seva qualitat, obrim un nou cal de comunicaci\u00f3 per a tots vosaltres: comencem a fer servir el&nbsp;TELEGRAM.<\/strong><\/p>\n\n\n\n<p>Si no coneixes el&nbsp;Telegram, et podem dir que \u00e9s una&nbsp;<strong>aplicaci\u00f3 de missatgeria s\u00faper r\u00e0pida i gratu\u00efta.&nbsp;<\/strong>La difer\u00e8ncia amb whatsapp \u00e9s que&nbsp;Telegram&nbsp;\u00e9s una aplicaci\u00f3 m\u00e9s segura per enviar informacions i dades i, per aix\u00f2, l&#8217;hem escollit com a nou canal per comunicar-nos amb vosaltres.<\/p>\n\n\n\n<p><strong>COM DESCARREGAR-TE EL\u00a0\u00a0TELEGRAM?<\/strong><br>Us hem preparat aquesta infografia que explica els passos a seguir per descarregar-vos el\u00a0telegram. Un cop el tingueu, nom\u00e9s caldr\u00e0 que us uniu als nostres canals des dels enlla\u00e7os que t&#8217;indiquem a continuaci\u00f3. <\/p>\n\n\n\n<figure class=\"wp-block-image\"><img loading=\"lazy\" decoding=\"async\" width=\"1024\" height=\"592\" src=\"https:\/\/acapps.org\/web\/wp-content\/uploads\/2020\/04\/DESCARGAR_TELEGRAM-1-1024x592.jpg\" alt=\"\" class=\"wp-image-8725\" srcset=\"https:\/\/acapps.org\/web\/wp-content\/uploads\/2020\/04\/DESCARGAR_TELEGRAM-1-1024x592.jpg 1024w, https:\/\/acapps.org\/web\/wp-content\/uploads\/2020\/04\/DESCARGAR_TELEGRAM-1-300x173.jpg 300w, https:\/\/acapps.org\/web\/wp-content\/uploads\/2020\/04\/DESCARGAR_TELEGRAM-1-768x444.jpg 768w, https:\/\/acapps.org\/web\/wp-content\/uploads\/2020\/04\/DESCARGAR_TELEGRAM-1.jpg 1230w\" sizes=\"(max-width: 1024px) 100vw, 1024px\" \/><\/figure>\n\n\n\n<p><strong>QU\u00c8 TROBAR\u00c0S ALS NOSTRES CANALS\u00a0DE\u00a0\u00a0TELEGRAM?<\/strong><br>Hem creat dos canals:<strong>\u00a0informaci\u00f3 laboral i tallers laborals.<\/strong> Per unir-t&#8217;hi i seguir les informacions, nom\u00e9s cal que ens ho comuniquis a <a href=\"laboral@acapps.org\">laboral@acapps.org<\/a><\/p>\n\n\n\n<p><strong>A ACAPPS: informaci\u00f3 laboral,\u00a0<\/strong>hi trobar\u00e0s informaci\u00f3 diversa i d&#8217;inter\u00e8s en l&#8217;\u00e0mbit laboral. Per exemple, t&#8217;explicarem qu\u00e8 \u00e9s un ERTO, quins serveis d&#8217;assessorament jur\u00eddic gratu\u00efts tens al teu abast, com t&#8217;has de donar d&#8217;alta al SOC telem\u00e0ticament, &#8230;<\/p>\n\n\n\n<p><strong>A ACAPPS: tallers laborals\u00a0<\/strong>publicarem les c\u00e0psules formatives que farem virtualment i recursos que t&#8217;ajudaran en\u00a0 la recerca de feina. Per exemple, t&#8217;orientarem sobre els\u00a0sectors professionals on hi ha m\u00e9s demanda actualment i com aprofitar aquest temps a casa per treballar i millorar les teves compet\u00e8ncies professionals.<br><br><\/p>\n","protected":false},"excerpt":{"rendered":"<p>Des de l&#8217;inici de l&#8217;estat d&#8217;alerta pel Covid19 i el confinament, el nostre&nbsp;Servei d&#8217;Orientaci\u00f3 i Inserci\u00f3 Laboral&nbsp;ha buscat alternatives per continuar oferint-vos atenci\u00f3 i suport en la recerca de feina. Per millorar aquest suport i per garantir la seva qualitat, obrim un nou cal de comunicaci\u00f3 per a tots vosaltres: comencem a fer servir el&nbsp;TELEGRAM. Si no coneixes el&nbsp;Telegram, et podem dir que \u00e9s una&nbsp;aplicaci\u00f3&#8230; <\/p>\n<p><a class=\"readmore\" href=\"https:\/\/acapps.org\/web\/2020\/04\/23\/mes-facil-mes-propers-obrim-dos-canals-a-telegram-per-a-les-persones-amb-sordesa-en-recerca-de-feina\/\">LLEGIR M\u00c9S<\/a><\/p>\n","protected":false},"author":3,"featured_media":8724,"comment_status":"open","ping_status":"open","sticky":false,"template":"","format":"standard","meta":{"footnotes":""},"categories":[101,8,86,68,9,2,32],"tags":[],"_links":{"self":[{"href":"https:\/\/acapps.org\/web\/wp-json\/wp\/v2\/posts\/8721"}],"collection":[{"href":"https:\/\/acapps.org\/web\/wp-json\/wp\/v2\/posts"}],"about":[{"href":"https:\/\/acapps.org\/web\/wp-json\/wp\/v2\/types\/post"}],"author":[{"embeddable":true,"href":"https:\/\/acapps.org\/web\/wp-json\/wp\/v2\/users\/3"}],"replies":[{"embeddable":true,"href":"https:\/\/acapps.org\/web\/wp-json\/wp\/v2\/comments?post=8721"}],"version-history":[{"count":3,"href":"https:\/\/acapps.org\/web\/wp-json\/wp\/v2\/posts\/8721\/revisions"}],"predecessor-version":[{"id":8727,"href":"https:\/\/acapps.org\/web\/wp-json\/wp\/v2\/posts\/8721\/revisions\/8727"}],"wp:featuredmedia":[{"embeddable":true,"href":"https:\/\/acapps.org\/web\/wp-json\/wp\/v2\/media\/8724"}],"wp:attachment":[{"href":"https:\/\/acapps.org\/web\/wp-json\/wp\/v2\/media?parent=8721"}],"wp:term":[{"taxonomy":"category","embeddable":true,"href":"https:\/\/acapps.org\/web\/wp-json\/wp\/v2\/categories?post=8721"},{"taxonomy":"post_tag","embeddable":true,"href":"https:\/\/acapps.org\/web\/wp-json\/wp\/v2\/tags?post=8721"}],"curies":[{"name":"wp","href":"https:\/\/api.w.org\/{rel}","templated":true}]}}