{"id":9502,"date":"2021-01-08T10:53:41","date_gmt":"2021-01-08T10:53:41","guid":{"rendered":"https:\/\/acapps.org\/web\/?p=9502"},"modified":"2021-01-08T10:53:42","modified_gmt":"2021-01-08T10:53:42","slug":"la-pareja-ante-la-sordera-de-su-hijo-a-en-linia-amb-beth-goring-de-la-john-tracy-center-el-14-de-gener","status":"publish","type":"post","link":"https:\/\/acapps.org\/web\/2021\/01\/08\/la-pareja-ante-la-sordera-de-su-hijo-a-en-linia-amb-beth-goring-de-la-john-tracy-center-el-14-de-gener\/","title":{"rendered":"&#8220;La pareja ante la sordera de su hijo\/a&#8221;, en l\u00ednia amb Beth Goring de la John Tracy Center el 14 de gener"},"content":{"rendered":"\n<p><strong>El 2021 seguim amb la programaci\u00f3 de la Xarxa de Formaci\u00f3 Especialitzada en la comunicaci\u00f3 oral de les persones amb sordesa adre\u00e7ada a fam\u00edlies, logopedes i persones amb sordesa.<\/strong><\/p>\n\n\n\n<p>Pel que fa al cicle formatiu adre\u00e7at a fam\u00edlies, el proper 14 de gener tindr\u00e0 lloc la xerrada en l\u00ednia &#8220;La fam\u00edlia: la pareja ante la sordera de su hijo\/a&#8221;. <strong>Mary Beth Goring,<\/strong> <strong>professional de la John Tracy Center amb m\u00e9s de 30 anys d\u2019experi\u00e8ncia en suport a les fam\u00edlies amb infants amb sordesa,\u00a0<\/strong>oferir\u00e0 recursos per poder gestionar aquests moments cr\u00edtics, d&#8217;estr\u00e8s i que poden comportar distanciament, amb la parella.<\/p>\n\n\n\n<p>Tamb\u00e9 us recordem que el proper 28 de gener tindr\u00e0 lloc la darrera sessi\u00f3 del cicle formatiu. En aquest cas ens aproparem a con\u00e8ixer<strong> com viuen els germans dels infants amb sordesa <\/strong>i quins factors hi influeixen significativament, com el propi car\u00e0cter de l&#8217;infant i l&#8217;ordre de naixement.<\/p>\n\n\n\n<p>La sessi\u00f3, que s&#8217;ofereix de forma gratu\u00efta en l\u00ednia, tindr\u00e0 lloc a les 18:00 i cal  inscriure-s&#8217;hi per assistir-hi:<\/p>\n\n\n\n<p><a rel=\"noreferrer noopener\" href=\"https:\/\/docs.google.com\/forms\/d\/e\/1FAIpQLSeGf3Sg9PRze0wDSS0qEWrOjXLe0MlzZj-jXP9WAAvCiVPhCA\/viewform\" target=\"_blank\"><strong>FORMULARI D&#8217;INSCRIPCI\u00d3<\/strong> CICLE FORMATIU AMB LA JOHN TRACY CENTER<\/a><\/p>\n\n\n\n<p><a href=\"https:\/\/acapps.org\/web\/wp-content\/uploads\/2020\/12\/Xarxa_Formaci%C3%B3_Especialitzada_FAM%C3%8DLIES.pdf\" target=\"_blank\" rel=\"noreferrer noopener\"><strong>PROGRAMA<\/strong> CICLE FORMARTIU AMB LA JOHN TRACY CENTER<\/a><\/p>\n\n\n\n<figure class=\"wp-block-table\"><table><tbody><tr><td><strong>DIJOUS, 14&nbsp;DE GENER&nbsp;DE 2021. 18:00<\/strong><br>XERRADA&nbsp;<em>La familia: la pareja frente la sordera de su hijo\/a<\/em><br>Molts factors vitals afecten la vida en parella. La discapacitat pot perjudicar el benestar emocional ja que provoca emocions intenses que cadasc\u00fa&nbsp;, a nivell personal, gestiona tamb\u00e9 de forma diferent. Mary Beth donar\u00e0 en aquesta sessi\u00f3&nbsp;<strong>eines per saber gestionar aquests moments de crisis que poden provocar estr\u00e8s i distanciament.<\/strong><\/td><\/tr><\/tbody><\/table><\/figure>\n\n\n\n<figure class=\"wp-block-table\"><table><tbody><tr><td><strong>DIJOUS, 28&nbsp;DE GENER&nbsp;DE 2021. 18:00<\/strong><br>XERRADA&nbsp;<em>Los hermanos\/as en las familias con hijos\/as con sordera<\/em><br>Com ho viuen els germans\/es dels infants amb sordesa? Una varietat de factors influeixen en&nbsp;<strong>com percep i s\u2019adapta l\u2019infant al germ\u00e0\/na amb sordesa i n\u2019hi ha dos que hi contribueixen especialment: el car\u00e0cter de l\u2019infant i l\u2019ordre de naixement.&nbsp;<\/strong><\/td><\/tr><\/tbody><\/table><\/figure>\n\n\n\n<figure class=\"wp-block-image size-large\"><img loading=\"lazy\" decoding=\"async\" width=\"1024\" height=\"512\" src=\"https:\/\/acapps.org\/web\/wp-content\/uploads\/2021\/01\/fam\u00edlies_1401_twitter.jpg\" alt=\"\" class=\"wp-image-9503\" srcset=\"https:\/\/acapps.org\/web\/wp-content\/uploads\/2021\/01\/fam\u00edlies_1401_twitter.jpg 1024w, https:\/\/acapps.org\/web\/wp-content\/uploads\/2021\/01\/fam\u00edlies_1401_twitter-300x150.jpg 300w, https:\/\/acapps.org\/web\/wp-content\/uploads\/2021\/01\/fam\u00edlies_1401_twitter-768x384.jpg 768w\" sizes=\"(max-width: 1024px) 100vw, 1024px\" \/><\/figure>\n\n\n\n<figure class=\"wp-block-image size-large\"><img loading=\"lazy\" decoding=\"async\" width=\"896\" height=\"92\" src=\"https:\/\/acapps.org\/web\/wp-content\/uploads\/2020\/12\/finan\u00e7adors_xarxa.jpg\" alt=\"\" class=\"wp-image-9405\" srcset=\"https:\/\/acapps.org\/web\/wp-content\/uploads\/2020\/12\/finan\u00e7adors_xarxa.jpg 896w, https:\/\/acapps.org\/web\/wp-content\/uploads\/2020\/12\/finan\u00e7adors_xarxa-300x31.jpg 300w, https:\/\/acapps.org\/web\/wp-content\/uploads\/2020\/12\/finan\u00e7adors_xarxa-768x79.jpg 768w\" sizes=\"(max-width: 896px) 100vw, 896px\" \/><\/figure>\n","protected":false},"excerpt":{"rendered":"<p>El 2021 seguim amb la programaci\u00f3 de la Xarxa de Formaci\u00f3 Especialitzada en la comunicaci\u00f3 oral de les persones amb sordesa adre\u00e7ada a fam\u00edlies, logopedes i persones amb sordesa. Pel que fa al cicle formatiu adre\u00e7at a fam\u00edlies, el proper 14 de gener tindr\u00e0 lloc la xerrada en l\u00ednia &#8220;La fam\u00edlia: la pareja ante la sordera de su hijo\/a&#8221;. Mary Beth Goring, professional de la&#8230; <\/p>\n<p><a class=\"readmore\" href=\"https:\/\/acapps.org\/web\/2021\/01\/08\/la-pareja-ante-la-sordera-de-su-hijo-a-en-linia-amb-beth-goring-de-la-john-tracy-center-el-14-de-gener\/\">LLEGIR M\u00c9S<\/a><\/p>\n","protected":false},"author":3,"featured_media":9399,"comment_status":"open","ping_status":"open","sticky":false,"template":"","format":"standard","meta":{"footnotes":""},"categories":[101,8,7,116,9,85,32,62],"tags":[],"_links":{"self":[{"href":"https:\/\/acapps.org\/web\/wp-json\/wp\/v2\/posts\/9502"}],"collection":[{"href":"https:\/\/acapps.org\/web\/wp-json\/wp\/v2\/posts"}],"about":[{"href":"https:\/\/acapps.org\/web\/wp-json\/wp\/v2\/types\/post"}],"author":[{"embeddable":true,"href":"https:\/\/acapps.org\/web\/wp-json\/wp\/v2\/users\/3"}],"replies":[{"embeddable":true,"href":"https:\/\/acapps.org\/web\/wp-json\/wp\/v2\/comments?post=9502"}],"version-history":[{"count":1,"href":"https:\/\/acapps.org\/web\/wp-json\/wp\/v2\/posts\/9502\/revisions"}],"predecessor-version":[{"id":9504,"href":"https:\/\/acapps.org\/web\/wp-json\/wp\/v2\/posts\/9502\/revisions\/9504"}],"wp:featuredmedia":[{"embeddable":true,"href":"https:\/\/acapps.org\/web\/wp-json\/wp\/v2\/media\/9399"}],"wp:attachment":[{"href":"https:\/\/acapps.org\/web\/wp-json\/wp\/v2\/media?parent=9502"}],"wp:term":[{"taxonomy":"category","embeddable":true,"href":"https:\/\/acapps.org\/web\/wp-json\/wp\/v2\/categories?post=9502"},{"taxonomy":"post_tag","embeddable":true,"href":"https:\/\/acapps.org\/web\/wp-json\/wp\/v2\/tags?post=9502"}],"curies":[{"name":"wp","href":"https:\/\/api.w.org\/{rel}","templated":true}]}}