{"id":9607,"date":"2021-02-01T13:13:52","date_gmt":"2021-02-01T13:13:52","guid":{"rendered":"https:\/\/acapps.org\/web\/?p=9607"},"modified":"2021-02-01T13:36:39","modified_gmt":"2021-02-01T13:36:39","slug":"terrassa-comptara-mb-15-nous-bucles-magnetics-als-espais-municipals-de-la-ciutat","status":"publish","type":"post","link":"https:\/\/acapps.org\/web\/2021\/02\/01\/terrassa-comptara-mb-15-nous-bucles-magnetics-als-espais-municipals-de-la-ciutat\/","title":{"rendered":"Terrassa comptar\u00e0 amb 15 nous bucles magn\u00e8tics als espais municipals de la ciutat"},"content":{"rendered":"\n<p><strong>L&#8217;Ajuntament de Terrassa instal\u00b7lar\u00e0 15 bucles magn\u00e8tics a les oficines d&#8217;atenci\u00f3 al p\u00fablic i altres equipaments de la ciutat.<\/strong> A m\u00e9s, l&#8217;Oficina t\u00e8cnica per a la Promoci\u00f3 a l&#8217;Accessibilitat disposar\u00e0 de dues unitats per tal de donar un servei de pr\u00e9stec de bucles magn\u00e8tics per a qui ho requereixi.<\/p>\n\n\n\n<p>D\u2019aquesta manera, el consistori vol millorar l\u2019acc\u00e9s a la comunicaci\u00f3 a les persones amb sordesa. Actualment, i degut a les mesures de protecci\u00f3 per la Covid19, les persones amb discapacitat auditiva tenen m\u00e9s problemes de comunicaci\u00f3, ja que no poden llegir els llavis degut a l\u2019\u00fas de mascaretes i les m\u00e0mpares instal\u00b7lades en molts espais d\u2019atenci\u00f3 ciutadana disminueixen l\u2019ac\u00fastica.<\/p>\n\n\n\n<p><strong>Des de la Federaci\u00f3 ACAPPS, i en el marc de la campanya #NoEnsDeixisFora, hem demanat a les administracions locals la instal\u00b7laci\u00f3 del bucle magn\u00e8tic en els serveis d\u2019atenci\u00f3 a la ciutadania i equipaments municipals, <\/strong>ja que el bucle millora la qualitat del so que arriba a la pr\u00f2tesis auditiva, audi\u00f2fons i\/o implants coclears. Una altra de les reivindicacions de l&#8217;entitat \u00e9s l&#8217;\u00fas de mascaretes transparents per atendre les persones amb sordesa per facilitar que puguin llegir els llavis.<\/p>\n\n\n\n<p style=\"color:#1a4b60;font-size:18px\" class=\"has-text-color\"><strong>ESPAIS QUE TINDRAN BUCLE<\/strong> A TERRASSA A PARTIR DEL FEBRER:<\/p>\n\n\n\n<p>A partir del mes de febrer, la ciutadania de Terrassa disposar\u00e0 del servei de bucle magn\u00e8tic als seg\u00fcents equipaments:&nbsp;<\/p>\n\n\n\n<p><strong>Espais culturals i tur\u00edstics<\/strong><\/p>\n\n\n\n<p>&nbsp; &nbsp; \u2022 Casa Alegre de Sagrera<br>&nbsp; &nbsp; \u2022 Casa Soler i Palet&nbsp;<br>&nbsp; &nbsp; \u2022 Seu d&#8217;\u00c8gara&nbsp;<br>&nbsp; &nbsp; \u2022 Castell Cartoixa de Vallparad\u00eds&nbsp;<br>&nbsp; &nbsp; \u2022 Masia Freixa<br>&nbsp; &nbsp; &nbsp; &nbsp;<br><strong>Oficines d&#8217;Atenci\u00f3 Ciutadana (OAC)<\/strong><\/p>\n\n\n\n<p>&nbsp; &nbsp; \u2022 OAC2 &#8211; Av. Barcelona, 180 (CC Montserrat Roig)<br>&nbsp; &nbsp; \u2022 OAC4 &#8211; Av. \u00c0. Sallent, 55 (CC Maria Aur\u00e8lia Capmany)<br>&nbsp; &nbsp; \u2022 OAC5 &#8211; Pl. de la Cultura, 5 (CC Avel\u00b7l\u00ed Estrenjer)<br>&nbsp; &nbsp; \u2022 OAC6 &#8211; Rambla Francesc Maci\u00e0, 189 (CC President Maci\u00e0)<br>&nbsp; &nbsp; \u2022 L&#8217;OAC de la pla\u00e7a Did\u00f3 ja disposava anteriorment d&#8217;un bucle magn\u00e8tic de taula<\/p>\n\n\n\n<p><strong>Altres oficines municipal d&#8217;atenci\u00f3 personalitzada&nbsp;<\/strong><\/p>\n\n\n\n<p>&nbsp; &nbsp; \u2022 Oficina d&#8217;atenci\u00f3 ciutadana de l&#8217;\u00e0rea de Territori i Sostenibilitat (c\/ Pant\u00e0 20)<br>&nbsp; &nbsp; \u2022 Oficina d&#8217;Habitatge (c\/ Pant\u00e0, 30)<br>&nbsp; &nbsp; \u2022 Seu dels Serveis Socials (av. de les Gl\u00f2ries Catalanes, 3)&nbsp;<br>&nbsp; &nbsp; \u2022 Edifici Els Telers (c\/ Sant Leopold, 33).<\/p>\n\n\n\n<p>Des de la Federaci\u00f3 ACAPPS col\u00b7laborem amb l\u2019Oficina de Promoci\u00f3 a l\u2019Accessibilitat de l\u2019Ajuntament de Terrassa i aplaudim la iniciativa adoptada en pro de la inclusi\u00f3 de les persones amb sordesa, al mateix temps que animem a que altres administracions locals adoptin mesures d\u2019accessibilitat a les persones amb sordesa que es comuniquen en llengua oral.<\/p>\n","protected":false},"excerpt":{"rendered":"<p>L&#8217;Ajuntament de Terrassa instal\u00b7lar\u00e0 15 bucles magn\u00e8tics a les oficines d&#8217;atenci\u00f3 al p\u00fablic i altres equipaments de la ciutat. A m\u00e9s, l&#8217;Oficina t\u00e8cnica per a la Promoci\u00f3 a l&#8217;Accessibilitat disposar\u00e0 de dues unitats per tal de donar un servei de pr\u00e9stec de bucles magn\u00e8tics per a qui ho requereixi. D\u2019aquesta manera, el consistori vol millorar l\u2019acc\u00e9s a la comunicaci\u00f3 a les persones amb sordesa. Actualment,&#8230; <\/p>\n<p><a class=\"readmore\" href=\"https:\/\/acapps.org\/web\/2021\/02\/01\/terrassa-comptara-mb-15-nous-bucles-magnetics-als-espais-municipals-de-la-ciutat\/\">LLEGIR M\u00c9S<\/a><\/p>\n","protected":false},"author":3,"featured_media":9608,"comment_status":"open","ping_status":"open","sticky":false,"template":"","format":"standard","meta":{"footnotes":""},"categories":[4,6,98,51,8,116,5,9,32,62],"tags":[],"_links":{"self":[{"href":"https:\/\/acapps.org\/web\/wp-json\/wp\/v2\/posts\/9607"}],"collection":[{"href":"https:\/\/acapps.org\/web\/wp-json\/wp\/v2\/posts"}],"about":[{"href":"https:\/\/acapps.org\/web\/wp-json\/wp\/v2\/types\/post"}],"author":[{"embeddable":true,"href":"https:\/\/acapps.org\/web\/wp-json\/wp\/v2\/users\/3"}],"replies":[{"embeddable":true,"href":"https:\/\/acapps.org\/web\/wp-json\/wp\/v2\/comments?post=9607"}],"version-history":[{"count":3,"href":"https:\/\/acapps.org\/web\/wp-json\/wp\/v2\/posts\/9607\/revisions"}],"predecessor-version":[{"id":9611,"href":"https:\/\/acapps.org\/web\/wp-json\/wp\/v2\/posts\/9607\/revisions\/9611"}],"wp:featuredmedia":[{"embeddable":true,"href":"https:\/\/acapps.org\/web\/wp-json\/wp\/v2\/media\/9608"}],"wp:attachment":[{"href":"https:\/\/acapps.org\/web\/wp-json\/wp\/v2\/media?parent=9607"}],"wp:term":[{"taxonomy":"category","embeddable":true,"href":"https:\/\/acapps.org\/web\/wp-json\/wp\/v2\/categories?post=9607"},{"taxonomy":"post_tag","embeddable":true,"href":"https:\/\/acapps.org\/web\/wp-json\/wp\/v2\/tags?post=9607"}],"curies":[{"name":"wp","href":"https:\/\/api.w.org\/{rel}","templated":true}]}}