{"id":9793,"date":"2021-03-03T10:50:02","date_gmt":"2021-03-03T10:50:02","guid":{"rendered":"https:\/\/acapps.org\/web\/?p=9793"},"modified":"2021-03-03T12:07:08","modified_gmt":"2021-03-03T12:07:08","slug":"dia-mundial-de-laudicio-reivindiquem-la-deteccio-precoc-de-la-sordesa-en-el-disseny-de-politiques-per-al-collectiu","status":"publish","type":"post","link":"https:\/\/acapps.org\/web\/2021\/03\/03\/dia-mundial-de-laudicio-reivindiquem-la-deteccio-precoc-de-la-sordesa-en-el-disseny-de-politiques-per-al-collectiu\/","title":{"rendered":"Dia Mundial de l&#8217;Audici\u00f3: reivindiquem la detecci\u00f3 preco\u00e7 de la sordesa a qualsevol edat"},"content":{"rendered":"\n<p><strong>Amb motiu del Dia Mundial de l&#8217;Audici\u00f3, ens adherim conjuntament amb FIAPAS, a la crida de l&#8217;Organitzaci\u00f3 Mundial de la Salut (OMS). Sota el lema &#8220;Cuidado de de la Audici\u00f3n \u00a1para Todos! Identificar. Rehabilitar. Comunicar &#8220;, s&#8217;incideix en la necessitat d&#8217;actuar a temps per detectar i tractar la p\u00e8rdua d&#8217;audici\u00f3 al llarg de la vida.<\/strong><\/p>\n\n\n\n<p>Tamb\u00e9 ens sumem a la crida de FIAPAS al Ministeri de Sanitat i a les conselleries de Salut de totes les comunitats aut\u00f2nomes perqu\u00e8 estableixin una base de dades integrada en el Sistema Nacional de Salut que reculli els <strong>resultats de l&#8217;aplicaci\u00f3 de el Programa de Detecci\u00f3 Preco\u00e7 de la sordesa infantil a tot l&#8217;Esta<\/strong>t i, a partir de la informaci\u00f3 obtinguda, documentar l&#8217;epidemiologia i orientar la planificaci\u00f3 de pol\u00edtiques p\u00fabliques destinades a promoure la plena inclusi\u00f3 de les persones amb sordesa.<\/p>\n\n\n\n<p>Segons l&#8217;OMS, nom\u00e9s el 38% de la poblaci\u00f3 mundial t\u00e9 acc\u00e9s a programes de detecci\u00f3 preco\u00e7 de la sordesa. La major part d&#8217;ells es troben en els pa\u00efsos desenvolupats. Espanya \u00e9s un pa\u00eds referent en aquesta mat\u00e8ria per la implantaci\u00f3 del seu <strong>Programa de Detecci\u00f3 Preco\u00e7 de la hipoac\u00fasia infantil<\/strong> que funciona amb una alta taxa d&#8217;efic\u00e0cia.<\/p>\n\n\n\n<p>No obstant, encara no existeix una font on els organismes p\u00fablics que ho requereixin puguin informar-se de dades b\u00e0siques, com podria ser la incid\u00e8ncia de la hipoac\u00fasia cong\u00e8nita detectada en un per\u00edode concret a l&#8217;estat espanyol o la seva prevalen\u00e7a, per poder preveure i posar en marxa les <strong>pol\u00edtiques p\u00fabliques d&#8217;atenci\u00f3 sanit\u00e0ria, educativa i social necess\u00e0ries,<\/strong> dirigides a les persones amb sordesa i les seves fam\u00edlies i <strong>indispensables, en el cas dels menors, per minimitzar l&#8217;impacte de la p\u00e8rdua d&#8217;audici\u00f3 en l&#8217;adquisici\u00f3 del llenguatge, en el seu benestar emocional i en el seu desenvolupament educatiu.<\/strong><\/p>\n\n\n\n<p>En aquest mateix sentit, la Federaci\u00f3 Europea de Pares de Nens amb Discapacitat Auditiva (FEPEDA), de la qual FIAPAS forma part, i la Coalici\u00f3 Mundial de Pares de Nens Sords o amb Discapacitat Auditiva, en la qual participa la FEPEDA, han aprofitat la celebraci\u00f3 del Dia Mundial de l&#8217;Audici\u00f3 <strong>per sol\u00b7licitar als governs de tot el m\u00f3n que integrin en els seus sistemes sanitaris dels programes de detecci\u00f3 preco\u00e7 de la sordesa infantil,<\/strong> incorporant a les fam\u00edlies com a part dels mateixos.<\/p>\n\n\n\n<p style=\"color:#1a4b60;font-size:21px\" class=\"has-text-color\"><strong>Import\u00e0ncia de la detecci\u00f3 preco\u00e7 <\/strong>de les p\u00e8rdues d&#8217;audici\u00f3 a qualsevol edat<\/p>\n\n\n\n<p>La detecci\u00f3 preco\u00e7 de sordeses sobrevingudes entre els joves i en l&#8217;edat adulta tamb\u00e9 mereixen una <strong>resposta activa des de la Sanitat per prevenir l&#8217;impacte de la p\u00e8rdua d&#8217;audici\u00f3 sobre la salut, <\/strong>aix\u00ed com en l&#8217;\u00e0mbit personal i la seva inclusi\u00f3 educativa, laboral i social. <\/p>\n\n\n\n<p>En el cas de les sordeses en les persones grans, \u00e9s fonamental <strong>promoure un envelliment saludable evitant l&#8217;a\u00efllament, el deteriorament cognitiu per falta d&#8217;informaci\u00f3 i motivaci\u00f3 per a la interacci\u00f3 i la comunicaci\u00f3 amb l&#8217;entorn<\/strong>, que arriba a posar en perill la cura de la seva salut (entre d&#8217;altres, major probabilitat de desenvolupar dem\u00e8ncies i de patir desorientaci\u00f3 i caigudes).<\/p>\n\n\n\n<p style=\"color:#1a4b60;font-size:21px\" class=\"has-text-color\"><strong>INFORMACI\u00d3 <\/strong>RELACIONADA:<\/p>\n\n\n\n<p><a rel=\"noreferrer noopener\" href=\"https:\/\/www.who.int\/es\/news\/item\/02-03-2021-who-1-in-4-people-projected-to-have-hearing-problems-by-2050\" target=\"_blank\">La OMS adverteix que, segons les previsions, una de 4 persones tindr\u00e0 poroblemes auditius<\/a><\/p>\n\n\n\n<p style=\"color:#1a4b60;font-size:24px\" class=\"has-text-color\">LA SORDESA <strong>EN DADES<\/strong>:<\/p>\n\n\n\n<p><strong>INF\u00c0NCIA. Un de cada 1.000 infants <\/strong>t\u00e9 una hipoac\u00fasia greu i profunda. Si hi afegim la moderada, pot arribar a afectar 3 de cada 1.000 infants (departament de Salut).<\/p>\n\n\n\n<p><strong>JOVES.<\/strong> El <strong>50% d&#8217;adolescents i joves entre 12 i 35 anys<\/strong> d&#8217;edat en els pa\u00efsos m\u00e9s desenvolupats estan en risc de presentar una p\u00e8rdua d&#8217;audici\u00f3 per la seva sobreexposici\u00f3 a l&#8217;soroll en contextos recreatius. (Organitzaci\u00f3 Mundial de la Salut).<\/p>\n\n\n\n<p><strong>GENT GRAN.<\/strong> La presbiac\u00fasia afecta aproximadament a un <strong>30% de la poblaci\u00f3 entre els 65-70 anys, aconseguint a el 80% de la poblaci\u00f3 per sobre dels 75 anys.<\/strong> A causa de la contaminaci\u00f3 ac\u00fastica i l&#8217;estil de vida, s&#8217;est\u00e0 provocant un increment d&#8217;aquests problemes d&#8217;audici\u00f3 propis de l&#8217;edat en altres m\u00e9s precoces, al voltant dels 50 anys. (Societat Espanyola d&#8217;Otorinolaringologia).<\/p>\n\n\n\n<p><strong>TOTS I TOTES. Una de cada mil persones <\/strong>de la poblaci\u00f3 general adquireix sordesa al llarg de la seva vida. <strong>El 8% de la poblaci\u00f3 t\u00e9 problemes auditius, <\/strong>de diferent tipus i grau, que els plantegen dificultats per entendre una conversa en un to de veu normal.<\/p>\n\n\n\n<p><\/p>\n","protected":false},"excerpt":{"rendered":"<p>Amb motiu del Dia Mundial de l&#8217;Audici\u00f3, ens adherim conjuntament amb FIAPAS, a la crida de l&#8217;Organitzaci\u00f3 Mundial de la Salut (OMS). Sota el lema &#8220;Cuidado de de la Audici\u00f3n \u00a1para Todos! Identificar. Rehabilitar. Comunicar &#8220;, s&#8217;incideix en la necessitat d&#8217;actuar a temps per detectar i tractar la p\u00e8rdua d&#8217;audici\u00f3 al llarg de la vida. Tamb\u00e9 ens sumem a la crida de FIAPAS al Ministeri&#8230; <\/p>\n<p><a class=\"readmore\" href=\"https:\/\/acapps.org\/web\/2021\/03\/03\/dia-mundial-de-laudicio-reivindiquem-la-deteccio-precoc-de-la-sordesa-en-el-disseny-de-politiques-per-al-collectiu\/\">LLEGIR M\u00c9S<\/a><\/p>\n","protected":false},"author":3,"featured_media":9794,"comment_status":"open","ping_status":"open","sticky":false,"template":"","format":"standard","meta":{"footnotes":""},"categories":[101,4,6,8,7,105,5,85,32,82,62],"tags":[],"_links":{"self":[{"href":"https:\/\/acapps.org\/web\/wp-json\/wp\/v2\/posts\/9793"}],"collection":[{"href":"https:\/\/acapps.org\/web\/wp-json\/wp\/v2\/posts"}],"about":[{"href":"https:\/\/acapps.org\/web\/wp-json\/wp\/v2\/types\/post"}],"author":[{"embeddable":true,"href":"https:\/\/acapps.org\/web\/wp-json\/wp\/v2\/users\/3"}],"replies":[{"embeddable":true,"href":"https:\/\/acapps.org\/web\/wp-json\/wp\/v2\/comments?post=9793"}],"version-history":[{"count":5,"href":"https:\/\/acapps.org\/web\/wp-json\/wp\/v2\/posts\/9793\/revisions"}],"predecessor-version":[{"id":9801,"href":"https:\/\/acapps.org\/web\/wp-json\/wp\/v2\/posts\/9793\/revisions\/9801"}],"wp:featuredmedia":[{"embeddable":true,"href":"https:\/\/acapps.org\/web\/wp-json\/wp\/v2\/media\/9794"}],"wp:attachment":[{"href":"https:\/\/acapps.org\/web\/wp-json\/wp\/v2\/media?parent=9793"}],"wp:term":[{"taxonomy":"category","embeddable":true,"href":"https:\/\/acapps.org\/web\/wp-json\/wp\/v2\/categories?post=9793"},{"taxonomy":"post_tag","embeddable":true,"href":"https:\/\/acapps.org\/web\/wp-json\/wp\/v2\/tags?post=9793"}],"curies":[{"name":"wp","href":"https:\/\/api.w.org\/{rel}","templated":true}]}}